{"id":187454,"date":"2020-07-03T15:49:56","date_gmt":"2020-07-03T12:49:56","guid":{"rendered":"http:\/\/arantv.az\/?p=187454"},"modified":"2020-07-03T15:49:56","modified_gmt":"2020-07-03T12:49:56","slug":"h%c9%99ft%c9%99sonu-b%c9%99zi-elektrik-qatarlari-isl%c9%99m%c9%99y%c9%99c%c9%99k-r%c9%99smi","status":"publish","type":"post","link":"https:\/\/arantv.az\/?p=187454","title":{"rendered":"H\u0259ft\u0259sonu b\u0259zi elektrik qatarlar\u0131 i\u015fl\u0259m\u0259y\u0259c\u0259k &#8211; R\u018fSM\u0130"},"content":{"rendered":"<p>\u0130yulun 20-d\u0259k x\u00fcsusi karantin rejimi il\u0259 \u0259laq\u0259dar Bak\u0131-Sumqay\u0131t-Bak\u0131 elektrik qatarlar\u0131n\u0131n qrafikind\u0259 d\u0259yi\u015fiklik olunub.<\/p>\n<p>Bu bar\u0259d\u0259 Oxu.Az-a \u201cAz\u0259rbaycan D\u0259mir Yollar\u0131\u201d (ADY) QSC-d\u0259n m\u0259lumat verilib.<\/p>\n<p>Bildirilib ki, Nazirl\u0259r Kabinetinin q\u0259rar\u0131na uy\u011fun olaraq, iyulun 20-d\u0259k h\u0259ft\u0259sonlar\u0131 Ab\u015feron Dair\u0259vi d\u0259mir yolu x\u0259tti \u00fczr\u0259 h\u0259r\u0259k\u0259t dayand\u0131r\u0131lacaq.<\/p>\n<p>Qeyd olunub ki, Bak\u0131-X\u0131rdalan-Sumqay\u0131t v\u0259 Bak\u0131-Pir\u015fa\u011f\u0131-Sumqay\u0131t elektrik qatarlar\u0131 4, 5, 11, 12, 18 v\u0259 19 iyul tarixl\u0259rind\u0259 h\u0259r\u0259k\u0259td\u0259 olmayacaq.<\/p>\n","protected":false},"excerpt":{"rendered":"<p>\u0130yulun 20-d\u0259k x\u00fcsusi karantin rejimi il\u0259 \u0259laq\u0259dar Bak\u0131-Sumqay\u0131t-Bak\u0131 elektrik qatarlar\u0131n\u0131n qrafikind\u0259 d\u0259yi\u015fiklik olunub. Bu bar\u0259d\u0259 Oxu.Az-a \u201cAz\u0259rbaycan D\u0259mir Yollar\u0131\u201d (ADY) QSC-d\u0259n m\u0259lumat verilib. Bildirilib ki, Nazirl\u0259r Kabinetinin q\u0259rar\u0131na uy\u011fun olaraq, iyulun 20-d\u0259k h\u0259ft\u0259sonlar\u0131 Ab\u015feron Dair\u0259vi d\u0259mir yolu x\u0259tti \u00fczr\u0259 h\u0259r\u0259k\u0259t dayand\u0131r\u0131lacaq. Qeyd olunub ki, Bak\u0131-X\u0131rdalan-Sumqay\u0131t v\u0259 Bak\u0131-Pir\u015fa\u011f\u0131-Sumqay\u0131t elektrik qatarlar\u0131 4, 5, 11, 12, 18 v\u0259 19 iyul tarixl\u0259rind\u0259 h\u0259r\u0259k\u0259td\u0259 olmayacaq.<\/p>\n","protected":false},"author":2,"featured_media":187455,"comment_status":"closed","ping_status":"closed","sticky":false,"template":"","format":"standard","meta":{"om_disable_all_campaigns":false,"_monsterinsights_skip_tracking":false,"_monsterinsights_sitenote_active":false,"_monsterinsights_sitenote_note":"","_monsterinsights_sitenote_category":0},"categories":[26],"tags":[],"aioseo_notices":[],"gutentor_comment":0,"rttpg_featured_image_url":{"full":["https:\/\/arantv.az\/wp-content\/uploads\/2020\/07\/2fb0b9b5-9baa-4e99-a0f1-a5c1c2f541eb_930.jpg",620,419,false],"landscape":["https:\/\/arantv.az\/wp-content\/uploads\/2020\/07\/2fb0b9b5-9baa-4e99-a0f1-a5c1c2f541eb_930.jpg",620,419,false],"portraits":["https:\/\/arantv.az\/wp-content\/uploads\/2020\/07\/2fb0b9b5-9baa-4e99-a0f1-a5c1c2f541eb_930.jpg",620,419,false],"thumbnail":["https:\/\/arantv.az\/wp-content\/uploads\/2020\/07\/2fb0b9b5-9baa-4e99-a0f1-a5c1c2f541eb_930-150x150.jpg",150,150,true],"medium":["https:\/\/arantv.az\/wp-content\/uploads\/2020\/07\/2fb0b9b5-9baa-4e99-a0f1-a5c1c2f541eb_930-300x203.jpg",300,203,true],"large":["https:\/\/arantv.az\/wp-content\/uploads\/2020\/07\/2fb0b9b5-9baa-4e99-a0f1-a5c1c2f541eb_930.jpg",620,419,false],"1536x1536":["https:\/\/arantv.az\/wp-content\/uploads\/2020\/07\/2fb0b9b5-9baa-4e99-a0f1-a5c1c2f541eb_930.jpg",620,419,false],"2048x2048":["https:\/\/arantv.az\/wp-content\/uploads\/2020\/07\/2fb0b9b5-9baa-4e99-a0f1-a5c1c2f541eb_930.jpg",620,419,false],"post-thumbnail":["https:\/\/arantv.az\/wp-content\/uploads\/2020\/07\/2fb0b9b5-9baa-4e99-a0f1-a5c1c2f541eb_930-240x172.jpg",240,172,true],"advps-thumb-one":["https:\/\/arantv.az\/wp-content\/uploads\/2020\/07\/2fb0b9b5-9baa-4e99-a0f1-a5c1c2f541eb_930.jpg",620,419,false]},"rttpg_author":{"display_name":"V\u00fcsal Rafiqo\u011flu","author_link":"https:\/\/arantv.az\/?author=2"},"rttpg_comment":0,"rttpg_category":"<a href=\"https:\/\/arantv.az\/?cat=26\" rel=\"category\">Sosial<\/a>","rttpg_excerpt":"\u0130yulun 20-d\u0259k x\u00fcsusi karantin rejimi il\u0259 \u0259laq\u0259dar Bak\u0131-Sumqay\u0131t-Bak\u0131 elektrik qatarlar\u0131n\u0131n qrafikind\u0259 d\u0259yi\u015fiklik olunub. Bu bar\u0259d\u0259 Oxu.Az-a \u201cAz\u0259rbaycan D\u0259mir Yollar\u0131\u201d (ADY) QSC-d\u0259n m\u0259lumat verilib. Bildirilib ki, Nazirl\u0259r Kabinetinin q\u0259rar\u0131na uy\u011fun olaraq, iyulun 20-d\u0259k h\u0259ft\u0259sonlar\u0131 Ab\u015feron Dair\u0259vi d\u0259mir yolu x\u0259tti \u00fczr\u0259 h\u0259r\u0259k\u0259t dayand\u0131r\u0131lacaq. Qeyd olunub ki, Bak\u0131-X\u0131rdalan-Sumqay\u0131t v\u0259 Bak\u0131-Pir\u015fa\u011f\u0131-Sumqay\u0131t elektrik qatarlar\u0131 4, 5, 11, 12, 18 v\u0259&hellip;","_links":{"self":[{"href":"https:\/\/arantv.az\/index.php?rest_route=\/wp\/v2\/posts\/187454"}],"collection":[{"href":"https:\/\/arantv.az\/index.php?rest_route=\/wp\/v2\/posts"}],"about":[{"href":"https:\/\/arantv.az\/index.php?rest_route=\/wp\/v2\/types\/post"}],"author":[{"embeddable":true,"href":"https:\/\/arantv.az\/index.php?rest_route=\/wp\/v2\/users\/2"}],"replies":[{"embeddable":true,"href":"https:\/\/arantv.az\/index.php?rest_route=%2Fwp%2Fv2%2Fcomments&post=187454"}],"version-history":[{"count":0,"href":"https:\/\/arantv.az\/index.php?rest_route=\/wp\/v2\/posts\/187454\/revisions"}],"wp:featuredmedia":[{"embeddable":true,"href":"https:\/\/arantv.az\/index.php?rest_route=\/wp\/v2\/media\/187455"}],"wp:attachment":[{"href":"https:\/\/arantv.az\/index.php?rest_route=%2Fwp%2Fv2%2Fmedia&parent=187454"}],"wp:term":[{"taxonomy":"category","embeddable":true,"href":"https:\/\/arantv.az\/index.php?rest_route=%2Fwp%2Fv2%2Fcategories&post=187454"},{"taxonomy":"post_tag","embeddable":true,"href":"https:\/\/arantv.az\/index.php?rest_route=%2Fwp%2Fv2%2Ftags&post=187454"}],"curies":[{"name":"wp","href":"https:\/\/api.w.org\/{rel}","templated":true}]}}