{"id":187458,"date":"2020-07-03T15:50:33","date_gmt":"2020-07-03T12:50:33","guid":{"rendered":"http:\/\/arantv.az\/?p=187458"},"modified":"2020-07-03T15:50:33","modified_gmt":"2020-07-03T12:50:33","slug":"iyulun-20-d%c9%99k-xususi-karantin-rejimi-il%c9%99-%c9%99laq%c9%99dar-baki-sumqayit-baki-elektrik-qatarlarinin-qrafikind%c9%99-d%c9%99yisiklik-olunub-bu-bar%c9%99d%c9%99-oxu-az-a-az%c9%99rb","status":"publish","type":"post","link":"https:\/\/arantv.az\/?p=187458","title":{"rendered":"\u0130yulun 20-d\u0259k x\u00fcsusi karantin rejimi il\u0259 \u0259laq\u0259dar Bak\u0131-Sumqay\u0131t-Bak\u0131 elektrik qatarlar\u0131n\u0131n qrafikind\u0259 d\u0259yi\u015fiklik olunub.  Bu bar\u0259d\u0259 Oxu.Az-a \u201cAz\u0259rbaycan D\u0259mir Yollar\u0131\u201d (ADY) QSC-d\u0259n m\u0259lumat verilib.  Bildirilib ki, Nazirl\u0259r Kabinetinin q\u0259rar\u0131na uy\u011fun olaraq, iyulun 20-d\u0259k h\u0259ft\u0259sonlar\u0131 Ab\u015feron Dair\u0259vi d\u0259mir yolu x\u0259tti \u00fczr\u0259 h\u0259r\u0259k\u0259t dayand\u0131r\u0131lacaq.  Qeyd olunub ki, Bak\u0131-X\u0131rdalan-Sumqay\u0131t v\u0259 Bak\u0131-Pir\u015fa\u011f\u0131-Sumqay\u0131t elektrik qatarlar\u0131 4, 5, 11, 12, 18 v\u0259 19 iyul tarixl\u0259rind\u0259 h\u0259r\u0259k\u0259td\u0259 olmayacaq."},"content":{"rendered":"<article class=\"news\">\n<div class=\"news-inner\">\n<p>D\u00fcnya m\u00fcharib\u0259si il\u0259 m\u00fcqayis\u0259 olunan COVID-19 pandemiyas\u0131 \u015f\u0259raitind\u0259 qlobal h\u0259mr\u0259yliy\u0259 v\u0259 qlobal bax\u0131\u015fa b\u00f6y\u00fck ehtiyac var.<\/p>\n<p>T\u0259\u0259ss\u00fcfl\u0259r olsun ki, b\u00f6y\u00fck d\u00f6vl\u0259tl\u0259r v\u0259 beyn\u0259lxalq t\u0259\u015fkilatlardan qlobal liderlik g\u00f6zl\u0259nils\u0259 d\u0259, bunu m\u00fc\u015fahid\u0259 etm\u0259k \u00e7\u0259tindir. Pandemiya il\u0259 n\u00fcmun\u0259vi m\u00fcbariz\u0259 aparan Az\u0259rbaycan is\u0259 bel\u0259 bir v\u0259ziyy\u0259td\u0259 yen\u0259 d\u0259\u00a0b\u00fct\u00fcn d\u00fcnyan\u0131n diqq\u0259tini \u00f6z \u00fcz\u0259rind\u0259 c\u0259ml\u0259m\u0259y\u0259 nail olub.<\/p>\n<p>Birl\u0259\u015fmi\u015f Mill\u0259tl\u0259r T\u0259\u015fkilat\u0131n\u0131n 130-dan \u00e7ox \u00fczv d\u00f6vl\u0259ti t\u0259r\u0259find\u0259n Prezident \u0130lham \u018fliyevin BMT Ba\u015f Assambleyas\u0131n\u0131n x\u00fcsusi sessiyas\u0131n\u0131n ke\u00e7irilm\u0259si bar\u0259d\u0259 t\u0259\u015f\u0259bb\u00fcs\u00fcn\u00fcn d\u0259st\u0259kl\u0259nm\u0259si beyn\u0259lxalq ictimaiyy\u0259tin Az\u0259rbaycana b\u00f6y\u00fck etimad\u0131n\u0131n v\u0259 h\u00f6rm\u0259tinin daha bir \u0259yani g\u00f6st\u0259ricisidir.<\/p>\n<div id=\"AdviadNativeVideo0\" class=\"AdviadNativeVideo\"><\/div>\n<p>M\u00f6vcud durum bir daha onu g\u00f6st\u0259rir ki, d\u00fcnya \u00f6lk\u0259l\u0259rinin d\u00f6vl\u0259t v\u0259 h\u00f6kum\u0259t ba\u015f\u00e7\u0131lar\u0131 s\u0259viyy\u0259sind\u0259 BMT \u00e7\u0259r\u00e7iv\u0259sind\u0259 h\u0259ll yollar\u0131n\u0131n tap\u0131lmas\u0131na b\u00f6y\u00fck ehtiyac v\u0259 t\u0259l\u0259bat var. Bu g\u00fcn d\u00fcnyada \u0259n b\u00f6y\u00fck v\u0259 n\u00fcfuzlu beyn\u0259lxalq t\u0259\u015fkilat BMT-dir, Az\u0259rbaycan\u0131n is\u0259 BMT-ni idar\u0259 etm\u0259k t\u0259cr\u00fcb\u0259si var.<\/p>\n<p>\u00d6lk\u0259miz BMT T\u0259hl\u00fck\u0259sizlik \u015euras\u0131n\u0131n qeyri-daimi \u00fczv\u00fc se\u00e7ilib v\u0259 T\u0259hl\u00fck\u0259sizlik \u015euras\u0131na s\u0259drlik edib. Bel\u0259 bir t\u0259\u015f\u0259bb\u00fcs\u00fcn ir\u0259li s\u00fcr\u00fclm\u0259si v\u0259 d\u0259st\u0259kl\u0259nm\u0259sin\u0259 nail olunmas\u0131 BMT-nin f\u0259aliyy\u0259tin\u0259 d\u0259rind\u0259n b\u0259l\u0259d olan Az\u0259rbaycan v\u0259 onun siyasi r\u0259hb\u0259rliyinin m\u0259ntiqi, d\u00fc\u015f\u00fcn\u00fclm\u00fc\u015f add\u0131m\u0131 kimi qiym\u0259tl\u0259ndirilm\u0259lidir.<\/p>\n<p>O da t\u0259sad\u00fcfi deyil ki, bu t\u0259\u015f\u0259bb\u00fcs\u0259 qar\u015f\u0131 \u00e7\u0131x\u0131\u015f ed\u0259n yegan\u0259 d\u00f6vl\u0259t yen\u0259 d\u0259 destruktiv davran\u0131\u015f\u0131 il\u0259 \u00f6z\u00fcn\u00fc art\u0131q d\u00fcnyada biab\u0131r etmi\u015f Erm\u0259nistan olub. B\u00fct\u00fcn d\u00fcnya COVID-19-a qar\u015f\u0131 m\u00fcbariz\u0259d\u0259 qlobal h\u0259mr\u0259yliyin vacibliyini vur\u011fulad\u0131\u011f\u0131 halda, \u0259n ali d\u0259y\u0259r olan insan sa\u011flaml\u0131\u011f\u0131 m\u0259s\u0259l\u0259sinin beyn\u0259lxalq platformada m\u00fczakir\u0259sin\u0259 raz\u0131l\u0131q verdiyi halda, Erm\u0259nistan t\u0259\u015f\u0259bb\u00fcs\u0259 qar\u015f\u0131 \u00e7\u0131x\u0131r. Bel\u0259likl\u0259 d\u0259, t\u0259cav\u00fczkar Erm\u0259nistan n\u00f6vb\u0259ti d\u0259f\u0259 \u0259sl d\u0259y\u0259rl\u0259rinin n\u0259d\u0259n ibar\u0259t oldu\u011funu n\u00fcmayi\u015f etdir\u0259r\u0259k, \u00f6z\u00fcn\u00fc if\u015fa edir.<\/p>\n<p>Daha \u0259trafl\u0131 Baku TV-nin s\u00fcjetind\u0259:<\/p>\n<div><iframe loading=\"lazy\" src=\"https:\/\/player.baku.tv\/embed\/21241\" width=\"560\" height=\"315\" frameborder=\"0\" allowfullscreen=\"allowfullscreen\" data-mce-fragment=\"1\"><\/iframe><\/div>\n<\/div>\n<\/article>\n<h2 class=\"news-share-title\"><\/h2>\n","protected":false},"excerpt":{"rendered":"<p>D\u00fcnya m\u00fcharib\u0259si il\u0259 m\u00fcqayis\u0259 olunan COVID-19 pandemiyas\u0131 \u015f\u0259raitind\u0259 qlobal h\u0259mr\u0259yliy\u0259 v\u0259 qlobal bax\u0131\u015fa b\u00f6y\u00fck ehtiyac var. T\u0259\u0259ss\u00fcfl\u0259r olsun ki, b\u00f6y\u00fck d\u00f6vl\u0259tl\u0259r v\u0259 beyn\u0259lxalq t\u0259\u015fkilatlardan qlobal liderlik g\u00f6zl\u0259nils\u0259 d\u0259, bunu m\u00fc\u015fahid\u0259 etm\u0259k \u00e7\u0259tindir. Pandemiya il\u0259 n\u00fcmun\u0259vi m\u00fcbariz\u0259 aparan Az\u0259rbaycan is\u0259 bel\u0259 bir v\u0259ziyy\u0259td\u0259 yen\u0259 d\u0259\u00a0b\u00fct\u00fcn d\u00fcnyan\u0131n diqq\u0259tini \u00f6z \u00fcz\u0259rind\u0259 c\u0259ml\u0259m\u0259y\u0259 nail olub. Birl\u0259\u015fmi\u015f Mill\u0259tl\u0259r T\u0259\u015fkilat\u0131n\u0131n 130-dan \u00e7ox \u00fczv d\u00f6vl\u0259ti t\u0259r\u0259find\u0259n Prezident \u0130lham \u018fliyevin BMT Ba\u015f Assambleyas\u0131n\u0131n x\u00fcsusi sessiyas\u0131n\u0131n ke\u00e7irilm\u0259si bar\u0259d\u0259 t\u0259\u015f\u0259bb\u00fcs\u00fcn\u00fcn d\u0259st\u0259kl\u0259nm\u0259si beyn\u0259lxalq ictimaiyy\u0259tin Az\u0259rbaycana b\u00f6y\u00fck etimad\u0131n\u0131n v\u0259 h\u00f6rm\u0259tinin daha bir \u0259yani g\u00f6st\u0259ricisidir. M\u00f6vcud durum bir daha onu g\u00f6st\u0259rir ki, d\u00fcnya&hellip;<\/p>\n","protected":false},"author":2,"featured_media":187459,"comment_status":"closed","ping_status":"closed","sticky":false,"template":"","format":"standard","meta":{"om_disable_all_campaigns":false,"_monsterinsights_skip_tracking":false,"_monsterinsights_sitenote_active":false,"_monsterinsights_sitenote_note":"","_monsterinsights_sitenote_category":0},"categories":[4],"tags":[],"aioseo_notices":[],"gutentor_comment":0,"rttpg_featured_image_url":{"full":["https:\/\/arantv.az\/wp-content\/uploads\/2020\/07\/pr-3.jpg",620,383,false],"landscape":["https:\/\/arantv.az\/wp-content\/uploads\/2020\/07\/pr-3.jpg",620,383,false],"portraits":["https:\/\/arantv.az\/wp-content\/uploads\/2020\/07\/pr-3.jpg",620,383,false],"thumbnail":["https:\/\/arantv.az\/wp-content\/uploads\/2020\/07\/pr-3-150x150.jpg",150,150,true],"medium":["https:\/\/arantv.az\/wp-content\/uploads\/2020\/07\/pr-3-300x185.jpg",300,185,true],"large":["https:\/\/arantv.az\/wp-content\/uploads\/2020\/07\/pr-3.jpg",620,383,false],"1536x1536":["https:\/\/arantv.az\/wp-content\/uploads\/2020\/07\/pr-3.jpg",620,383,false],"2048x2048":["https:\/\/arantv.az\/wp-content\/uploads\/2020\/07\/pr-3.jpg",620,383,false],"post-thumbnail":["https:\/\/arantv.az\/wp-content\/uploads\/2020\/07\/pr-3-240x172.jpg",240,172,true],"advps-thumb-one":["https:\/\/arantv.az\/wp-content\/uploads\/2020\/07\/pr-3.jpg",620,383,false]},"rttpg_author":{"display_name":"V\u00fcsal Rafiqo\u011flu","author_link":"https:\/\/arantv.az\/?author=2"},"rttpg_comment":0,"rttpg_category":"<a href=\"https:\/\/arantv.az\/?cat=4\" rel=\"category\">Siyas\u0259t<\/a>","rttpg_excerpt":"D\u00fcnya m\u00fcharib\u0259si il\u0259 m\u00fcqayis\u0259 olunan COVID-19 pandemiyas\u0131 \u015f\u0259raitind\u0259 qlobal h\u0259mr\u0259yliy\u0259 v\u0259 qlobal bax\u0131\u015fa b\u00f6y\u00fck ehtiyac var. T\u0259\u0259ss\u00fcfl\u0259r olsun ki, b\u00f6y\u00fck d\u00f6vl\u0259tl\u0259r v\u0259 beyn\u0259lxalq t\u0259\u015fkilatlardan qlobal liderlik g\u00f6zl\u0259nils\u0259 d\u0259, bunu m\u00fc\u015fahid\u0259 etm\u0259k \u00e7\u0259tindir. Pandemiya il\u0259 n\u00fcmun\u0259vi m\u00fcbariz\u0259 aparan Az\u0259rbaycan is\u0259 bel\u0259 bir v\u0259ziyy\u0259td\u0259 yen\u0259 d\u0259\u00a0b\u00fct\u00fcn d\u00fcnyan\u0131n diqq\u0259tini \u00f6z \u00fcz\u0259rind\u0259 c\u0259ml\u0259m\u0259y\u0259 nail olub. Birl\u0259\u015fmi\u015f Mill\u0259tl\u0259r T\u0259\u015fkilat\u0131n\u0131n 130-dan&hellip;","_links":{"self":[{"href":"https:\/\/arantv.az\/index.php?rest_route=\/wp\/v2\/posts\/187458"}],"collection":[{"href":"https:\/\/arantv.az\/index.php?rest_route=\/wp\/v2\/posts"}],"about":[{"href":"https:\/\/arantv.az\/index.php?rest_route=\/wp\/v2\/types\/post"}],"author":[{"embeddable":true,"href":"https:\/\/arantv.az\/index.php?rest_route=\/wp\/v2\/users\/2"}],"replies":[{"embeddable":true,"href":"https:\/\/arantv.az\/index.php?rest_route=%2Fwp%2Fv2%2Fcomments&post=187458"}],"version-history":[{"count":0,"href":"https:\/\/arantv.az\/index.php?rest_route=\/wp\/v2\/posts\/187458\/revisions"}],"wp:featuredmedia":[{"embeddable":true,"href":"https:\/\/arantv.az\/index.php?rest_route=\/wp\/v2\/media\/187459"}],"wp:attachment":[{"href":"https:\/\/arantv.az\/index.php?rest_route=%2Fwp%2Fv2%2Fmedia&parent=187458"}],"wp:term":[{"taxonomy":"category","embeddable":true,"href":"https:\/\/arantv.az\/index.php?rest_route=%2Fwp%2Fv2%2Fcategories&post=187458"},{"taxonomy":"post_tag","embeddable":true,"href":"https:\/\/arantv.az\/index.php?rest_route=%2Fwp%2Fv2%2Ftags&post=187458"}],"curies":[{"name":"wp","href":"https:\/\/api.w.org\/{rel}","templated":true}]}}