{"id":187466,"date":"2020-07-03T15:52:23","date_gmt":"2020-07-03T12:52:23","guid":{"rendered":"http:\/\/arantv.az\/?p=187466"},"modified":"2020-07-03T15:52:23","modified_gmt":"2020-07-03T12:52:23","slug":"inzibati-x%c9%99talar-haqqinda-isl%c9%99r%c9%99-baxmaga-s%c9%99lahiyy%c9%99ti-olan-v%c9%99zif%c9%99li-s%c9%99xsl%c9%99rin-siyahisinda-d%c9%99yisiklik-edildi-f%c9%99rman","status":"publish","type":"post","link":"https:\/\/arantv.az\/?p=187466","title":{"rendered":"\u201c\u0130nzibati x\u0259talar haqq\u0131nda i\u015fl\u0259r\u0259 baxma\u011fa s\u0259lahiyy\u0259ti olan v\u0259zif\u0259li \u015f\u0259xsl\u0259rin Siyah\u0131s\u0131&#8221;nda d\u0259yi\u015fiklik edildi &#8211; F\u018fRMAN"},"content":{"rendered":"<p>Prezident \u0130lham \u018fliyev Az\u0259rbaycan Respublikas\u0131 Prezidentinin 2017-ci il 23 fevral tarixli 1256 n\u00f6mr\u0259li F\u0259rman\u0131 il\u0259 t\u0259sdiq edilmi\u015f &#8220;\u0130nzibati x\u0259talar haqq\u0131nda i\u015fl\u0259r\u0259 baxma\u011fa s\u0259lahiyy\u0259ti olan v\u0259zif\u0259li \u015f\u0259xsl\u0259rin Siyah\u0131s\u0131&#8221;nda d\u0259yi\u015fiklik edilm\u0259si haqq\u0131nda F\u0259rman imzalay\u0131b.<\/p>\n<p><strong>ARANTV.AZ\u00a0<\/strong><a href=\"https:\/\/azertag.az\/\" target=\"_blank\" rel=\"noopener\">AZ\u018fRTAC<\/a>-a istinad\u0259n x\u0259b\u0259r verir ki, F\u0259rmanla Az\u0259rbaycan Respublikas\u0131 Prezidentinin 2017-ci il 23 fevral tarixli 1256 n\u00f6mr\u0259li F\u0259rman\u0131 il\u0259 t\u0259sdiq edilmi\u015f &#8220;\u0130nzibati x\u0259talar haqq\u0131nda i\u015fl\u0259r\u0259 baxma\u011fa s\u0259lahiyy\u0259ti olan v\u0259zif\u0259li \u015f\u0259xsl\u0259rin Siyah\u0131s\u0131&#8221;n\u0131n 6-c\u0131 hiss\u0259sind\u0259 a\u015fa\u011f\u0131dak\u0131 d\u0259yi\u015fiklikl\u0259r edilir:<\/p>\n<p>ad\u0131nda &#8220;Vergil\u0259r&#8221; s\u00f6z\u00fc &#8220;\u0130qtisadiyyat Nazirliyi yan\u0131nda D\u00f6vl\u0259t Vergi Xidm\u0259ti qismind\u0259 Az\u0259rbaycan Respublikas\u0131 \u0130qtisadiyyat&#8221; s\u00f6zl\u0259ri il\u0259 \u0259v\u0259z edilir;<\/p>\n<p>6.0-c\u0131 b\u0259nd\u0259 &#8220;M\u0259c\u0259ll\u0259nin&#8221; s\u00f6z\u00fcnd\u0259n sonra &#8220;211 (sahibkarl\u0131q f\u0259aliyy\u0259ti subyektl\u0259rin\u0259 v\u0259 onlar\u0131n v\u0259zif\u0259li \u015f\u0259xsl\u0259rin\u0259 m\u00fcnasib\u0259td\u0259),&#8221; s\u00f6zl\u0259ri \u0259lav\u0259 edilsin v\u0259 h\u0259min b\u0259ndd\u0259 &#8220;vergil\u0259r naziri, onun m\u00fcavinl\u0259ri, Nazirliyin Aparat\u0131n\u0131n r\u0259hb\u0259ri, onun m\u00fcavinl\u0259ri, Vergil\u0259r Nazirliyi yan\u0131nda departamentl\u0259rin ba\u015f direktorlar\u0131, onlar\u0131n m\u00fcavinl\u0259ri, \u0259razi vergil\u0259r departamentl\u0259rinin (idar\u0259l\u0259rinin) ba\u015f direktorlar\u0131 (direktorlar\u0131), onlar\u0131n m\u00fcavinl\u0259ri, rayon vergil\u0259r \u015f\u00f6b\u0259l\u0259rinin direktorlar\u0131, onlar\u0131n m\u00fcavinl\u0259ri, Nax\u00e7\u0131van Muxtar Respublikas\u0131n\u0131n vergil\u0259r naziri, onun m\u00fcavini, Nax\u00e7\u0131van Muxtar Respublikas\u0131n\u0131n Vergil\u0259r Nazirliyi Aparat\u0131n\u0131n r\u0259hb\u0259ri, Nax\u00e7\u0131van Muxtar Respublikas\u0131 Vergil\u0259r Nazirliyinin Nax\u00e7\u0131van \u015e\u0259h\u0259r Vergil\u0259r \u0130dar\u0259sinin r\u0259isi, onun m\u00fcavini, Nax\u00e7\u0131van Muxtar Respublikas\u0131 Vergil\u0259r Nazirliyinin&#8221; s\u00f6zl\u0259ri &#8220;D\u00f6vl\u0259t Vergi Xidm\u0259tinin r\u0259isi, onun m\u00fcavinl\u0259ri, D\u00f6vl\u0259t Vergi Xidm\u0259ti Aparat\u0131n\u0131n r\u0259hb\u0259ri, onun m\u00fcavinl\u0259ri, D\u00f6vl\u0259t Vergi Xidm\u0259ti Aparat\u0131n\u0131n struktur b\u00f6lm\u0259l\u0259rinin v\u0259 strukturuna daxil olan qurumlar\u0131n r\u0259isl\u0259ri, onlar\u0131n m\u00fcavinl\u0259ri, Nax\u00e7\u0131van Muxtar Respublikas\u0131 D\u00f6vl\u0259t Vergi Xidm\u0259tinin r\u0259isi, onun m\u00fcavini, Nax\u00e7\u0131van Muxtar Respublikas\u0131 D\u00f6vl\u0259t Vergi Xidm\u0259tinin Aparat\u0131n\u0131n r\u0259hb\u0259ri, Nax\u00e7\u0131van Muxtar Respublikas\u0131 D\u00f6vl\u0259t Vergi Xidm\u0259tinin \u015f\u0259h\u0259r (rayon) vergil\u0259r idar\u0259l\u0259rinin r\u0259isl\u0259ri, onlar\u0131n m\u00fcavinl\u0259ri, Nax\u00e7\u0131van Muxtar Respublikas\u0131 D\u00f6vl\u0259t Vergi Xidm\u0259tinin&#8221; s\u00f6zl\u0259ri il\u0259 \u0259v\u0259z edilir.<\/p>\n","protected":false},"excerpt":{"rendered":"<p>Prezident \u0130lham \u018fliyev Az\u0259rbaycan Respublikas\u0131 Prezidentinin 2017-ci il 23 fevral tarixli 1256 n\u00f6mr\u0259li F\u0259rman\u0131 il\u0259 t\u0259sdiq edilmi\u015f &#8220;\u0130nzibati x\u0259talar haqq\u0131nda i\u015fl\u0259r\u0259 baxma\u011fa s\u0259lahiyy\u0259ti olan v\u0259zif\u0259li \u015f\u0259xsl\u0259rin Siyah\u0131s\u0131&#8221;nda d\u0259yi\u015fiklik edilm\u0259si haqq\u0131nda F\u0259rman imzalay\u0131b. ARANTV.AZ\u00a0AZ\u018fRTAC-a istinad\u0259n x\u0259b\u0259r verir ki, F\u0259rmanla Az\u0259rbaycan Respublikas\u0131 Prezidentinin 2017-ci il 23 fevral tarixli 1256 n\u00f6mr\u0259li F\u0259rman\u0131 il\u0259 t\u0259sdiq edilmi\u015f &#8220;\u0130nzibati x\u0259talar haqq\u0131nda i\u015fl\u0259r\u0259 baxma\u011fa s\u0259lahiyy\u0259ti olan v\u0259zif\u0259li \u015f\u0259xsl\u0259rin Siyah\u0131s\u0131&#8221;n\u0131n 6-c\u0131 hiss\u0259sind\u0259 a\u015fa\u011f\u0131dak\u0131 d\u0259yi\u015fiklikl\u0259r edilir: ad\u0131nda &#8220;Vergil\u0259r&#8221; s\u00f6z\u00fc &#8220;\u0130qtisadiyyat Nazirliyi yan\u0131nda D\u00f6vl\u0259t Vergi Xidm\u0259ti qismind\u0259 Az\u0259rbaycan Respublikas\u0131 \u0130qtisadiyyat&#8221; s\u00f6zl\u0259ri il\u0259 \u0259v\u0259z edilir; 6.0-c\u0131 b\u0259nd\u0259 &#8220;M\u0259c\u0259ll\u0259nin&#8221; s\u00f6z\u00fcnd\u0259n sonra &#8220;211&hellip;<\/p>\n","protected":false},"author":2,"featured_media":187467,"comment_status":"closed","ping_status":"closed","sticky":false,"template":"","format":"standard","meta":{"om_disable_all_campaigns":false,"_monsterinsights_skip_tracking":false,"_monsterinsights_sitenote_active":false,"_monsterinsights_sitenote_note":"","_monsterinsights_sitenote_category":0},"categories":[4],"tags":[],"aioseo_notices":[],"gutentor_comment":0,"rttpg_featured_image_url":{"full":["https:\/\/arantv.az\/wp-content\/uploads\/2020\/07\/ilham_aliyev_2020_53-1.jpg",800,600,false],"landscape":["https:\/\/arantv.az\/wp-content\/uploads\/2020\/07\/ilham_aliyev_2020_53-1.jpg",800,600,false],"portraits":["https:\/\/arantv.az\/wp-content\/uploads\/2020\/07\/ilham_aliyev_2020_53-1.jpg",800,600,false],"thumbnail":["https:\/\/arantv.az\/wp-content\/uploads\/2020\/07\/ilham_aliyev_2020_53-1-150x150.jpg",150,150,true],"medium":["https:\/\/arantv.az\/wp-content\/uploads\/2020\/07\/ilham_aliyev_2020_53-1-300x225.jpg",300,225,true],"large":["https:\/\/arantv.az\/wp-content\/uploads\/2020\/07\/ilham_aliyev_2020_53-1.jpg",640,480,false],"1536x1536":["https:\/\/arantv.az\/wp-content\/uploads\/2020\/07\/ilham_aliyev_2020_53-1.jpg",800,600,false],"2048x2048":["https:\/\/arantv.az\/wp-content\/uploads\/2020\/07\/ilham_aliyev_2020_53-1.jpg",800,600,false],"post-thumbnail":["https:\/\/arantv.az\/wp-content\/uploads\/2020\/07\/ilham_aliyev_2020_53-1-240x172.jpg",240,172,true],"advps-thumb-one":["https:\/\/arantv.az\/wp-content\/uploads\/2020\/07\/ilham_aliyev_2020_53-1.jpg",800,600,false]},"rttpg_author":{"display_name":"V\u00fcsal Rafiqo\u011flu","author_link":"https:\/\/arantv.az\/?author=2"},"rttpg_comment":0,"rttpg_category":"<a href=\"https:\/\/arantv.az\/?cat=4\" rel=\"category\">Siyas\u0259t<\/a>","rttpg_excerpt":"Prezident \u0130lham \u018fliyev Az\u0259rbaycan Respublikas\u0131 Prezidentinin 2017-ci il 23 fevral tarixli 1256 n\u00f6mr\u0259li F\u0259rman\u0131 il\u0259 t\u0259sdiq edilmi\u015f &#8220;\u0130nzibati x\u0259talar haqq\u0131nda i\u015fl\u0259r\u0259 baxma\u011fa s\u0259lahiyy\u0259ti olan v\u0259zif\u0259li \u015f\u0259xsl\u0259rin Siyah\u0131s\u0131&#8221;nda d\u0259yi\u015fiklik edilm\u0259si haqq\u0131nda F\u0259rman imzalay\u0131b. ARANTV.AZ\u00a0AZ\u018fRTAC-a istinad\u0259n x\u0259b\u0259r verir ki, F\u0259rmanla Az\u0259rbaycan Respublikas\u0131 Prezidentinin 2017-ci il 23 fevral tarixli 1256 n\u00f6mr\u0259li F\u0259rman\u0131 il\u0259 t\u0259sdiq edilmi\u015f &#8220;\u0130nzibati x\u0259talar haqq\u0131nda&hellip;","_links":{"self":[{"href":"https:\/\/arantv.az\/index.php?rest_route=\/wp\/v2\/posts\/187466"}],"collection":[{"href":"https:\/\/arantv.az\/index.php?rest_route=\/wp\/v2\/posts"}],"about":[{"href":"https:\/\/arantv.az\/index.php?rest_route=\/wp\/v2\/types\/post"}],"author":[{"embeddable":true,"href":"https:\/\/arantv.az\/index.php?rest_route=\/wp\/v2\/users\/2"}],"replies":[{"embeddable":true,"href":"https:\/\/arantv.az\/index.php?rest_route=%2Fwp%2Fv2%2Fcomments&post=187466"}],"version-history":[{"count":0,"href":"https:\/\/arantv.az\/index.php?rest_route=\/wp\/v2\/posts\/187466\/revisions"}],"wp:featuredmedia":[{"embeddable":true,"href":"https:\/\/arantv.az\/index.php?rest_route=\/wp\/v2\/media\/187467"}],"wp:attachment":[{"href":"https:\/\/arantv.az\/index.php?rest_route=%2Fwp%2Fv2%2Fmedia&parent=187466"}],"wp:term":[{"taxonomy":"category","embeddable":true,"href":"https:\/\/arantv.az\/index.php?rest_route=%2Fwp%2Fv2%2Fcategories&post=187466"},{"taxonomy":"post_tag","embeddable":true,"href":"https:\/\/arantv.az\/index.php?rest_route=%2Fwp%2Fv2%2Ftags&post=187466"}],"curies":[{"name":"wp","href":"https:\/\/api.w.org\/{rel}","templated":true}]}}