{"id":187470,"date":"2020-07-03T15:55:52","date_gmt":"2020-07-03T12:55:52","guid":{"rendered":"http:\/\/arantv.az\/?p=187470"},"modified":"2020-07-03T15:55:52","modified_gmt":"2020-07-03T12:55:52","slug":"fransaya-yeni-bas-nazir-t%c9%99yin-edildi","status":"publish","type":"post","link":"https:\/\/arantv.az\/?p=187470","title":{"rendered":"Fransaya yeni ba\u015f nazir t\u0259yin edildi"},"content":{"rendered":"<p>Jan Kasteks Fransan\u0131n yeni ba\u015f naziri t\u0259yin edilib.<\/p>\n<p>TASS Yelisey saray\u0131n\u0131n a\u00e7\u0131qlamas\u0131na istinadla x\u0259b\u0259r verir ki, bundan \u0259vv\u0259l o, Prezident Administrasiyas\u0131 r\u0259hb\u0259rinin m\u00fcavini v\u0259zif\u0259sind\u0259 \u00e7al\u0131\u015f\u0131b.<\/p>\n<div id=\"AdviadNativeVideo0\" class=\"AdviadNativeVideo\"><\/div>\n<p>\u201cRespublika Prezidenti Emmanuel Makron Jan Kasteksi Ba\u015f nazir t\u0259yin edib v\u0259 ona h\u00f6kum\u0259ti t\u0259\u015fkil etm\u0259yi tap\u015f\u0131r\u0131b\u201d, &#8211; s\u0259n\u0259dd\u0259 qeyd edilir.<\/p>\n<p>\u0130yun ay\u0131nda 55 ya\u015f\u0131 tamam olan Jan Kasteks ail\u0259lidir, d\u00f6rd q\u0131z\u0131 var.<\/p>\n","protected":false},"excerpt":{"rendered":"<p>Jan Kasteks Fransan\u0131n yeni ba\u015f naziri t\u0259yin edilib. TASS Yelisey saray\u0131n\u0131n a\u00e7\u0131qlamas\u0131na istinadla x\u0259b\u0259r verir ki, bundan \u0259vv\u0259l o, Prezident Administrasiyas\u0131 r\u0259hb\u0259rinin m\u00fcavini v\u0259zif\u0259sind\u0259 \u00e7al\u0131\u015f\u0131b. \u201cRespublika Prezidenti Emmanuel Makron Jan Kasteksi Ba\u015f nazir t\u0259yin edib v\u0259 ona h\u00f6kum\u0259ti t\u0259\u015fkil etm\u0259yi tap\u015f\u0131r\u0131b\u201d, &#8211; s\u0259n\u0259dd\u0259 qeyd edilir. \u0130yun ay\u0131nda 55 ya\u015f\u0131 tamam olan Jan Kasteks ail\u0259lidir, d\u00f6rd q\u0131z\u0131 var.<\/p>\n","protected":false},"author":2,"featured_media":187471,"comment_status":"closed","ping_status":"closed","sticky":false,"template":"","format":"standard","meta":{"om_disable_all_campaigns":false,"_monsterinsights_skip_tracking":false,"_monsterinsights_sitenote_active":false,"_monsterinsights_sitenote_note":"","_monsterinsights_sitenote_category":0},"categories":[7],"tags":[],"aioseo_notices":[],"gutentor_comment":0,"rttpg_featured_image_url":{"full":["https:\/\/arantv.az\/wp-content\/uploads\/2020\/07\/5629801.jpg",620,394,false],"landscape":["https:\/\/arantv.az\/wp-content\/uploads\/2020\/07\/5629801.jpg",620,394,false],"portraits":["https:\/\/arantv.az\/wp-content\/uploads\/2020\/07\/5629801.jpg",620,394,false],"thumbnail":["https:\/\/arantv.az\/wp-content\/uploads\/2020\/07\/5629801-150x150.jpg",150,150,true],"medium":["https:\/\/arantv.az\/wp-content\/uploads\/2020\/07\/5629801-300x191.jpg",300,191,true],"large":["https:\/\/arantv.az\/wp-content\/uploads\/2020\/07\/5629801.jpg",620,394,false],"1536x1536":["https:\/\/arantv.az\/wp-content\/uploads\/2020\/07\/5629801.jpg",620,394,false],"2048x2048":["https:\/\/arantv.az\/wp-content\/uploads\/2020\/07\/5629801.jpg",620,394,false],"post-thumbnail":["https:\/\/arantv.az\/wp-content\/uploads\/2020\/07\/5629801-240x172.jpg",240,172,true],"advps-thumb-one":["https:\/\/arantv.az\/wp-content\/uploads\/2020\/07\/5629801.jpg",620,394,false]},"rttpg_author":{"display_name":"V\u00fcsal Rafiqo\u011flu","author_link":"https:\/\/arantv.az\/?author=2"},"rttpg_comment":0,"rttpg_category":"<a href=\"https:\/\/arantv.az\/?cat=7\" rel=\"category\">D\u00fcnya<\/a>","rttpg_excerpt":"Jan Kasteks Fransan\u0131n yeni ba\u015f naziri t\u0259yin edilib. TASS Yelisey saray\u0131n\u0131n a\u00e7\u0131qlamas\u0131na istinadla x\u0259b\u0259r verir ki, bundan \u0259vv\u0259l o, Prezident Administrasiyas\u0131 r\u0259hb\u0259rinin m\u00fcavini v\u0259zif\u0259sind\u0259 \u00e7al\u0131\u015f\u0131b. \u201cRespublika Prezidenti Emmanuel Makron Jan Kasteksi Ba\u015f nazir t\u0259yin edib v\u0259 ona h\u00f6kum\u0259ti t\u0259\u015fkil etm\u0259yi tap\u015f\u0131r\u0131b\u201d, &#8211; s\u0259n\u0259dd\u0259 qeyd edilir. \u0130yun ay\u0131nda 55 ya\u015f\u0131 tamam olan Jan Kasteks ail\u0259lidir, d\u00f6rd&hellip;","_links":{"self":[{"href":"https:\/\/arantv.az\/index.php?rest_route=\/wp\/v2\/posts\/187470"}],"collection":[{"href":"https:\/\/arantv.az\/index.php?rest_route=\/wp\/v2\/posts"}],"about":[{"href":"https:\/\/arantv.az\/index.php?rest_route=\/wp\/v2\/types\/post"}],"author":[{"embeddable":true,"href":"https:\/\/arantv.az\/index.php?rest_route=\/wp\/v2\/users\/2"}],"replies":[{"embeddable":true,"href":"https:\/\/arantv.az\/index.php?rest_route=%2Fwp%2Fv2%2Fcomments&post=187470"}],"version-history":[{"count":0,"href":"https:\/\/arantv.az\/index.php?rest_route=\/wp\/v2\/posts\/187470\/revisions"}],"wp:featuredmedia":[{"embeddable":true,"href":"https:\/\/arantv.az\/index.php?rest_route=\/wp\/v2\/media\/187471"}],"wp:attachment":[{"href":"https:\/\/arantv.az\/index.php?rest_route=%2Fwp%2Fv2%2Fmedia&parent=187470"}],"wp:term":[{"taxonomy":"category","embeddable":true,"href":"https:\/\/arantv.az\/index.php?rest_route=%2Fwp%2Fv2%2Fcategories&post=187470"},{"taxonomy":"post_tag","embeddable":true,"href":"https:\/\/arantv.az\/index.php?rest_route=%2Fwp%2Fv2%2Ftags&post=187470"}],"curies":[{"name":"wp","href":"https:\/\/api.w.org\/{rel}","templated":true}]}}