{"id":187474,"date":"2020-07-03T15:57:40","date_gmt":"2020-07-03T12:57:40","guid":{"rendered":"http:\/\/arantv.az\/?p=187474"},"modified":"2020-07-03T15:57:40","modified_gmt":"2020-07-03T12:57:40","slug":"iqtisadiyyat-nazirliyinin-s%c9%99lahiyy%c9%99tl%c9%99ri-artirildi-f%c9%99rman","status":"publish","type":"post","link":"https:\/\/arantv.az\/?p=187474","title":{"rendered":"\u0130qtisadiyyat Nazirliyinin s\u0259lahiyy\u0259tl\u0259ri art\u0131r\u0131ld\u0131 &#8211; F\u018fRMAN"},"content":{"rendered":"<p>\u0130qtisadiyyat Nazirliyin\u0259 v\u0259 \u0130qtisadiyyat Nazirliyi yan\u0131nda D\u00f6vl\u0259t Vergi Xidm\u0259tin\u0259 yeni s\u0259lahiyy\u0259t verilib.<\/p>\n<p><strong>ARANTV.AZ<\/strong>\u00a0<a href=\"https:\/\/azertag.az\/\" target=\"_blank\" rel=\"noopener\">AZ\u018fRTAC<\/a>-a istinad\u0259n x\u0259b\u0259r verir ki, bununla ba\u011fl\u0131 Prezident \u0130lham \u018fliyev &#8220;Az\u0259rbaycan Respublikas\u0131n\u0131n \u0130qtisadiyyat Nazirliyi haqq\u0131nda \u018fsasnam\u0259&#8221;d\u0259 v\u0259 &#8220;Az\u0259rbaycan Respublikas\u0131n\u0131n \u0130qtisadiyyat Nazirliyi yan\u0131nda D\u00f6vl\u0259t Vergi Xidm\u0259tinin \u018fsasnam\u0259si&#8221;nd\u0259 d\u0259yi\u015fiklik edilm\u0259si haqq\u0131nda F\u0259rman imzalay\u0131b.<\/p>\n<p>F\u0259rmana \u0259sas\u0259n, nazirliyin v\u0259zif\u0259l\u0259ri art\u0131r\u0131l\u0131b. Bel\u0259 ki, bundan sonra nazirlik strukturuna daxil olan m\u00fcvafiq qurum vasit\u0259sil\u0259 sahibkarl\u0131q f\u0259aliyy\u0259ti subyektl\u0259ri v\u0259 onlar\u0131n v\u0259zif\u0259li \u015f\u0259xsl\u0259ri t\u0259r\u0259find\u0259n epidemiya \u0259leyhin\u0259 rejimin, sanitariya-gigiyena v\u0259 karantin rejiml\u0259rinin t\u0259l\u0259bl\u0259rin\u0259 \u0259m\u0259l edilm\u0259sin\u0259 n\u0259zar\u0259ti h\u0259yata ke\u00e7ir\u0259c\u0259k.<\/p>\n<p>Eyni zamanda, \u0130qtisadiyyat Nazirliyi yan\u0131nda D\u00f6vl\u0259t Vergi Xidm\u0259ti d\u0259 sahibkarl\u0131q f\u0259aliyy\u0259ti subyektl\u0259ri v\u0259 onlar\u0131n v\u0259zif\u0259li \u015f\u0259xsl\u0259ri t\u0259r\u0259find\u0259n epidemiya \u0259leyhin\u0259 rejimin, sanitariya-gigiyena v\u0259 karantin rejiml\u0259rinin t\u0259l\u0259bl\u0259rin\u0259 \u0259m\u0259l edilm\u0259sin\u0259 n\u0259zar\u0259ti h\u0259yata ke\u00e7ir\u0259c\u0259k.<\/p>\n","protected":false},"excerpt":{"rendered":"<p>\u0130qtisadiyyat Nazirliyin\u0259 v\u0259 \u0130qtisadiyyat Nazirliyi yan\u0131nda D\u00f6vl\u0259t Vergi Xidm\u0259tin\u0259 yeni s\u0259lahiyy\u0259t verilib. ARANTV.AZ\u00a0AZ\u018fRTAC-a istinad\u0259n x\u0259b\u0259r verir ki, bununla ba\u011fl\u0131 Prezident \u0130lham \u018fliyev &#8220;Az\u0259rbaycan Respublikas\u0131n\u0131n \u0130qtisadiyyat Nazirliyi haqq\u0131nda \u018fsasnam\u0259&#8221;d\u0259 v\u0259 &#8220;Az\u0259rbaycan Respublikas\u0131n\u0131n \u0130qtisadiyyat Nazirliyi yan\u0131nda D\u00f6vl\u0259t Vergi Xidm\u0259tinin \u018fsasnam\u0259si&#8221;nd\u0259 d\u0259yi\u015fiklik edilm\u0259si haqq\u0131nda F\u0259rman imzalay\u0131b. F\u0259rmana \u0259sas\u0259n, nazirliyin v\u0259zif\u0259l\u0259ri art\u0131r\u0131l\u0131b. Bel\u0259 ki, bundan sonra nazirlik strukturuna daxil olan m\u00fcvafiq qurum vasit\u0259sil\u0259 sahibkarl\u0131q f\u0259aliyy\u0259ti subyektl\u0259ri v\u0259 onlar\u0131n v\u0259zif\u0259li \u015f\u0259xsl\u0259ri t\u0259r\u0259find\u0259n epidemiya \u0259leyhin\u0259 rejimin, sanitariya-gigiyena v\u0259 karantin rejiml\u0259rinin t\u0259l\u0259bl\u0259rin\u0259 \u0259m\u0259l edilm\u0259sin\u0259 n\u0259zar\u0259ti h\u0259yata ke\u00e7ir\u0259c\u0259k. Eyni zamanda, \u0130qtisadiyyat Nazirliyi yan\u0131nda D\u00f6vl\u0259t Vergi Xidm\u0259ti d\u0259 sahibkarl\u0131q&hellip;<\/p>\n","protected":false},"author":2,"featured_media":187475,"comment_status":"closed","ping_status":"closed","sticky":false,"template":"","format":"standard","meta":{"om_disable_all_campaigns":false,"_monsterinsights_skip_tracking":false,"_monsterinsights_sitenote_active":false,"_monsterinsights_sitenote_note":"","_monsterinsights_sitenote_category":0},"categories":[4],"tags":[],"aioseo_notices":[],"gutentor_comment":0,"rttpg_featured_image_url":{"full":["https:\/\/arantv.az\/wp-content\/uploads\/2020\/07\/ilham_aliyev_2020_51-1.jpg",800,600,false],"landscape":["https:\/\/arantv.az\/wp-content\/uploads\/2020\/07\/ilham_aliyev_2020_51-1.jpg",800,600,false],"portraits":["https:\/\/arantv.az\/wp-content\/uploads\/2020\/07\/ilham_aliyev_2020_51-1.jpg",800,600,false],"thumbnail":["https:\/\/arantv.az\/wp-content\/uploads\/2020\/07\/ilham_aliyev_2020_51-1-150x150.jpg",150,150,true],"medium":["https:\/\/arantv.az\/wp-content\/uploads\/2020\/07\/ilham_aliyev_2020_51-1-300x225.jpg",300,225,true],"large":["https:\/\/arantv.az\/wp-content\/uploads\/2020\/07\/ilham_aliyev_2020_51-1.jpg",640,480,false],"1536x1536":["https:\/\/arantv.az\/wp-content\/uploads\/2020\/07\/ilham_aliyev_2020_51-1.jpg",800,600,false],"2048x2048":["https:\/\/arantv.az\/wp-content\/uploads\/2020\/07\/ilham_aliyev_2020_51-1.jpg",800,600,false],"post-thumbnail":["https:\/\/arantv.az\/wp-content\/uploads\/2020\/07\/ilham_aliyev_2020_51-1-240x172.jpg",240,172,true],"advps-thumb-one":["https:\/\/arantv.az\/wp-content\/uploads\/2020\/07\/ilham_aliyev_2020_51-1.jpg",800,600,false]},"rttpg_author":{"display_name":"V\u00fcsal Rafiqo\u011flu","author_link":"https:\/\/arantv.az\/?author=2"},"rttpg_comment":0,"rttpg_category":"<a href=\"https:\/\/arantv.az\/?cat=4\" rel=\"category\">Siyas\u0259t<\/a>","rttpg_excerpt":"\u0130qtisadiyyat Nazirliyin\u0259 v\u0259 \u0130qtisadiyyat Nazirliyi yan\u0131nda D\u00f6vl\u0259t Vergi Xidm\u0259tin\u0259 yeni s\u0259lahiyy\u0259t verilib. ARANTV.AZ\u00a0AZ\u018fRTAC-a istinad\u0259n x\u0259b\u0259r verir ki, bununla ba\u011fl\u0131 Prezident \u0130lham \u018fliyev &#8220;Az\u0259rbaycan Respublikas\u0131n\u0131n \u0130qtisadiyyat Nazirliyi haqq\u0131nda \u018fsasnam\u0259&#8221;d\u0259 v\u0259 &#8220;Az\u0259rbaycan Respublikas\u0131n\u0131n \u0130qtisadiyyat Nazirliyi yan\u0131nda D\u00f6vl\u0259t Vergi Xidm\u0259tinin \u018fsasnam\u0259si&#8221;nd\u0259 d\u0259yi\u015fiklik edilm\u0259si haqq\u0131nda F\u0259rman imzalay\u0131b. F\u0259rmana \u0259sas\u0259n, nazirliyin v\u0259zif\u0259l\u0259ri art\u0131r\u0131l\u0131b. Bel\u0259 ki, bundan sonra nazirlik strukturuna daxil&hellip;","_links":{"self":[{"href":"https:\/\/arantv.az\/index.php?rest_route=\/wp\/v2\/posts\/187474"}],"collection":[{"href":"https:\/\/arantv.az\/index.php?rest_route=\/wp\/v2\/posts"}],"about":[{"href":"https:\/\/arantv.az\/index.php?rest_route=\/wp\/v2\/types\/post"}],"author":[{"embeddable":true,"href":"https:\/\/arantv.az\/index.php?rest_route=\/wp\/v2\/users\/2"}],"replies":[{"embeddable":true,"href":"https:\/\/arantv.az\/index.php?rest_route=%2Fwp%2Fv2%2Fcomments&post=187474"}],"version-history":[{"count":0,"href":"https:\/\/arantv.az\/index.php?rest_route=\/wp\/v2\/posts\/187474\/revisions"}],"wp:featuredmedia":[{"embeddable":true,"href":"https:\/\/arantv.az\/index.php?rest_route=\/wp\/v2\/media\/187475"}],"wp:attachment":[{"href":"https:\/\/arantv.az\/index.php?rest_route=%2Fwp%2Fv2%2Fmedia&parent=187474"}],"wp:term":[{"taxonomy":"category","embeddable":true,"href":"https:\/\/arantv.az\/index.php?rest_route=%2Fwp%2Fv2%2Fcategories&post=187474"},{"taxonomy":"post_tag","embeddable":true,"href":"https:\/\/arantv.az\/index.php?rest_route=%2Fwp%2Fv2%2Ftags&post=187474"}],"curies":[{"name":"wp","href":"https:\/\/api.w.org\/{rel}","templated":true}]}}