{"id":18748,"date":"2018-10-13T13:48:01","date_gmt":"2018-10-13T10:48:01","guid":{"rendered":"http:\/\/arantv.az\/?p=18748"},"modified":"2018-10-13T13:48:01","modified_gmt":"2018-10-13T10:48:01","slug":"andrey-senin-az%c9%99rbaycan-c%c9%99nubi-qafqaz-regionunda-abs-ucun-strateji-c%c9%99h%c9%99td%c9%99n-vacib-t%c9%99r%c9%99fdasdir","status":"publish","type":"post","link":"https:\/\/arantv.az\/?p=18748","title":{"rendered":"Andrey \u015eenin: &#8220;Az\u0259rbaycan C\u0259nubi Qafqaz regionunda AB\u015e \u00fc\u00e7\u00fcn strateji c\u0259h\u0259td\u0259n vacib t\u0259r\u0259fda\u015fd\u0131r&#8221;"},"content":{"rendered":"<p><strong>&#8220;AB\u015e prezidentinin milli t\u0259hl\u00fck\u0259sizlik m\u00fc\u015faviri Con Boltonun C\u0259nubi Qafqaz regionuna, x\u00fcsusil\u0259 d\u0259 Az\u0259rbaycana planla\u015fd\u0131r\u0131lan s\u0259f\u0259ri AB\u015e t\u0259r\u0259finin bu strateji vacib regiona mara\u011f\u0131n\u0131 t\u0259sdiq edir&#8221;.<\/strong><\/p>\n<p><strong>ARANTV.AZ<\/strong> x\u0259b\u0259r verir ki, bunu\u00a0 trend-\u0259 Qumilyov ad\u0131na Avrasiya Milli Universitetinin region\u015f\u00fcnasl\u0131q kafedras\u0131n\u0131n professoru, amerika\u015f\u00fcnas ekspert Andrey \u015eenin deyib.<\/p>\n<p>A.\u015eeninin s\u00f6zl\u0259rin\u0259 g\u00f6r\u0259, s\u0259f\u0259r g\u00fcnd\u0259liyinin \u0259sas b\u0259ndl\u0259ri \u018ffqan\u0131stan v\u0259 enerji m\u0259s\u0259l\u0259l\u0259ri olacaq:<\/p>\n<p>&#8220;Bunlar regionda AB\u015e \u00fc\u00e7\u00fcn prinsipial c\u0259h\u0259td\u0259n vacibdir. \u018ffqan\u0131stanla ba\u011fl\u0131 Bolton y\u00fckl\u0259rin X\u0259z\u0259r limanlar\u0131 vasit\u0259sil\u0259 n\u0259qli bar\u0259d\u0259 raz\u0131la\u015fmalar\u0131 m\u00fczakir\u0259 ed\u0259c\u0259k, enerji il\u0259 ba\u011fl\u0131 is\u0259 b\u00f6y\u00fck ehtimalla, s\u00f6hb\u0259t realla\u015fan ayr\u0131-ayr\u0131 biznes layih\u0259l\u0259rd\u0259n, el\u0259c\u0259 d\u0259 cari m\u0259s\u0259l\u0259l\u0259rd\u0259n ged\u0259c\u0259k&#8221;.<\/p>\n<p>Az\u0259rbaycana g\u0259ldikd\u0259 is\u0259, ekspert bildirib ki, haz\u0131rda AB\u015e bu \u00f6lk\u0259ni regionda vacib strateji t\u0259r\u0259fda\u015f qismind\u0259 g\u00f6r\u00fcr:<\/p>\n<p>&#8220;Az\u0259rbaycan vasit\u0259sil\u0259 \u018ffqan\u0131standak\u0131 AB\u015e qo\u015funlar\u0131na b\u00f6y\u00fck h\u0259cmd\u0259 yard\u0131m ged\u0259c\u0259k, eyni zamanda TAP, TANAP magistral boru k\u0259m\u0259rl\u0259rini unutmamal\u0131y\u0131q. Transadriatik boru k\u0259m\u0259rinin realla\u015fd\u0131r\u0131lmas\u0131 AB\u015e \u00fc\u00e7\u00fcn prioritet m\u0259s\u0259l\u0259dir&#8221;.<\/p>\n","protected":false},"excerpt":{"rendered":"<p>&#8220;AB\u015e prezidentinin milli t\u0259hl\u00fck\u0259sizlik m\u00fc\u015faviri Con Boltonun C\u0259nubi Qafqaz regionuna, x\u00fcsusil\u0259 d\u0259 Az\u0259rbaycana planla\u015fd\u0131r\u0131lan s\u0259f\u0259ri AB\u015e t\u0259r\u0259finin bu strateji vacib regiona mara\u011f\u0131n\u0131 t\u0259sdiq edir&#8221;. ARANTV.AZ x\u0259b\u0259r verir ki, bunu\u00a0 trend-\u0259 Qumilyov ad\u0131na Avrasiya Milli Universitetinin region\u015f\u00fcnasl\u0131q kafedras\u0131n\u0131n professoru, amerika\u015f\u00fcnas ekspert Andrey \u015eenin deyib. A.\u015eeninin s\u00f6zl\u0259rin\u0259 g\u00f6r\u0259, s\u0259f\u0259r g\u00fcnd\u0259liyinin \u0259sas b\u0259ndl\u0259ri \u018ffqan\u0131stan v\u0259 enerji m\u0259s\u0259l\u0259l\u0259ri olacaq: &#8220;Bunlar regionda AB\u015e \u00fc\u00e7\u00fcn prinsipial c\u0259h\u0259td\u0259n vacibdir. \u018ffqan\u0131stanla ba\u011fl\u0131 Bolton y\u00fckl\u0259rin X\u0259z\u0259r limanlar\u0131 vasit\u0259sil\u0259 n\u0259qli bar\u0259d\u0259 raz\u0131la\u015fmalar\u0131 m\u00fczakir\u0259 ed\u0259c\u0259k, enerji il\u0259 ba\u011fl\u0131 is\u0259 b\u00f6y\u00fck ehtimalla, s\u00f6hb\u0259t realla\u015fan ayr\u0131-ayr\u0131 biznes layih\u0259l\u0259rd\u0259n, el\u0259c\u0259 d\u0259 cari m\u0259s\u0259l\u0259l\u0259rd\u0259n ged\u0259c\u0259k&#8221;.&hellip;<\/p>\n","protected":false},"author":2,"featured_media":18749,"comment_status":"closed","ping_status":"closed","sticky":false,"template":"","format":"standard","meta":{"om_disable_all_campaigns":false,"_monsterinsights_skip_tracking":false,"_monsterinsights_sitenote_active":false,"_monsterinsights_sitenote_note":"","_monsterinsights_sitenote_category":0},"categories":[4],"tags":[],"aioseo_notices":[],"gutentor_comment":0,"rttpg_featured_image_url":{"full":["https:\/\/arantv.az\/wp-content\/uploads\/2018\/10\/694269.jpg",800,600,false],"landscape":["https:\/\/arantv.az\/wp-content\/uploads\/2018\/10\/694269.jpg",800,600,false],"portraits":["https:\/\/arantv.az\/wp-content\/uploads\/2018\/10\/694269.jpg",800,600,false],"thumbnail":["https:\/\/arantv.az\/wp-content\/uploads\/2018\/10\/694269-150x150.jpg",150,150,true],"medium":["https:\/\/arantv.az\/wp-content\/uploads\/2018\/10\/694269-300x225.jpg",300,225,true],"large":["https:\/\/arantv.az\/wp-content\/uploads\/2018\/10\/694269.jpg",640,480,false],"1536x1536":["https:\/\/arantv.az\/wp-content\/uploads\/2018\/10\/694269.jpg",800,600,false],"2048x2048":["https:\/\/arantv.az\/wp-content\/uploads\/2018\/10\/694269.jpg",800,600,false],"post-thumbnail":["https:\/\/arantv.az\/wp-content\/uploads\/2018\/10\/694269-240x172.jpg",240,172,true],"advps-thumb-one":["https:\/\/arantv.az\/wp-content\/uploads\/2018\/10\/694269.jpg",800,600,false]},"rttpg_author":{"display_name":"V\u00fcsal Rafiqo\u011flu","author_link":"https:\/\/arantv.az\/?author=2"},"rttpg_comment":0,"rttpg_category":"<a href=\"https:\/\/arantv.az\/?cat=4\" rel=\"category\">Siyas\u0259t<\/a>","rttpg_excerpt":"&#8220;AB\u015e prezidentinin milli t\u0259hl\u00fck\u0259sizlik m\u00fc\u015faviri Con Boltonun C\u0259nubi Qafqaz regionuna, x\u00fcsusil\u0259 d\u0259 Az\u0259rbaycana planla\u015fd\u0131r\u0131lan s\u0259f\u0259ri AB\u015e t\u0259r\u0259finin bu strateji vacib regiona mara\u011f\u0131n\u0131 t\u0259sdiq edir&#8221;. ARANTV.AZ x\u0259b\u0259r verir ki, bunu\u00a0 trend-\u0259 Qumilyov ad\u0131na Avrasiya Milli Universitetinin region\u015f\u00fcnasl\u0131q kafedras\u0131n\u0131n professoru, amerika\u015f\u00fcnas ekspert Andrey \u015eenin deyib. A.\u015eeninin s\u00f6zl\u0259rin\u0259 g\u00f6r\u0259, s\u0259f\u0259r g\u00fcnd\u0259liyinin \u0259sas b\u0259ndl\u0259ri \u018ffqan\u0131stan v\u0259 enerji m\u0259s\u0259l\u0259l\u0259ri olacaq:&hellip;","_links":{"self":[{"href":"https:\/\/arantv.az\/index.php?rest_route=\/wp\/v2\/posts\/18748"}],"collection":[{"href":"https:\/\/arantv.az\/index.php?rest_route=\/wp\/v2\/posts"}],"about":[{"href":"https:\/\/arantv.az\/index.php?rest_route=\/wp\/v2\/types\/post"}],"author":[{"embeddable":true,"href":"https:\/\/arantv.az\/index.php?rest_route=\/wp\/v2\/users\/2"}],"replies":[{"embeddable":true,"href":"https:\/\/arantv.az\/index.php?rest_route=%2Fwp%2Fv2%2Fcomments&post=18748"}],"version-history":[{"count":0,"href":"https:\/\/arantv.az\/index.php?rest_route=\/wp\/v2\/posts\/18748\/revisions"}],"wp:featuredmedia":[{"embeddable":true,"href":"https:\/\/arantv.az\/index.php?rest_route=\/wp\/v2\/media\/18749"}],"wp:attachment":[{"href":"https:\/\/arantv.az\/index.php?rest_route=%2Fwp%2Fv2%2Fmedia&parent=18748"}],"wp:term":[{"taxonomy":"category","embeddable":true,"href":"https:\/\/arantv.az\/index.php?rest_route=%2Fwp%2Fv2%2Fcategories&post=18748"},{"taxonomy":"post_tag","embeddable":true,"href":"https:\/\/arantv.az\/index.php?rest_route=%2Fwp%2Fv2%2Ftags&post=18748"}],"curies":[{"name":"wp","href":"https:\/\/api.w.org\/{rel}","templated":true}]}}