{"id":187494,"date":"2020-07-03T16:07:08","date_gmt":"2020-07-03T13:07:08","guid":{"rendered":"http:\/\/arantv.az\/?p=187494"},"modified":"2020-07-03T16:07:08","modified_gmt":"2020-07-03T13:07:08","slug":"az%c9%99rbaycanda-s%c9%99rt-karantin-rejiminin-uzadilmasi-il%c9%99-bagli-son-v%c9%99ziyy%c9%99t-aciqlanir-canli-yayim","status":"publish","type":"post","link":"https:\/\/arantv.az\/?p=187494","title":{"rendered":"Az\u0259rbaycanda s\u0259rt karantin rejiminin uzad\u0131lmas\u0131 il\u0259 ba\u011fl\u0131 son v\u0259ziyy\u0259t a\u00e7\u0131qlan\u0131r &#8211; CANLI YAYIM"},"content":{"rendered":"<p>Nazirl\u0259r Kabineti yan\u0131nda operativ q\u0259rargah\u0131n K\u0130V n\u00fcmay\u0259nd\u0259l\u0259ri \u00fc\u00e7\u00fcn n\u00f6vb\u0259ti brifinqi ke\u00e7irilir.<\/p>\n<p><b>ARANTV.AZ<\/b>-\u0131n m\u0259lumat\u0131na g\u00f6r\u0259, Nazirl\u0259r Kabineti yan\u0131nda operativ q\u0259rargah\u0131n ke\u00e7irdiyi m\u0259tbuat konfrans\u0131nda Az\u0259rbaycan Respublikas\u0131 Prezidentinin k\u00f6m\u0259k\u00e7isi, Prezident Adminisrtasiyas\u0131n\u0131n iqtisadi m\u0259s\u0259l\u0259l\u0259r v\u0259 innovativ inki\u015faf siyas\u0259ti \u015f\u00f6b\u0259sinin m\u00fcdiri \u015eahmar M\u00f6vs\u00fcmov, Az\u0259rbaycan Prezidenti yan\u0131nda V\u0259t\u0259nda\u015flara Xidm\u0259t v\u0259 Sosial \u0130nnovasiyalar \u00fczr\u0259 D\u00f6vl\u0259t Agentliyinin (\u201cASAN xidm\u0259t\u201d) s\u0259dri \u00dclvi Mehdiyev, S\u0259hiyy\u0259 Nazirliyinin aparat r\u0259hb\u0259ri Nadir Zeynalov,\u00a0\u201cTibbi \u018frazi B\u00f6lm\u0259l\u0259rini \u0130dar\u0259etm\u0259 Birliyi\u201dnin (T\u018fB\u0130B) I\u0307dar\u0259 Hey\u0259tinin s\u0259dri Ramin Bayraml\u0131\u00a0i\u015ftirak edir.<\/p>\n<div><iframe loading=\"lazy\" src=\"https:\/\/www.youtube.com\/embed\/JbLTyt0V3NA\" width=\"560\" height=\"315\" frameborder=\"0\" allowfullscreen=\"allowfullscreen\" data-mce-fragment=\"1\"><\/iframe><\/div>\n<p>&nbsp;<\/p>\n<p>Oxu.Az<\/p>\n","protected":false},"excerpt":{"rendered":"<p>Nazirl\u0259r Kabineti yan\u0131nda operativ q\u0259rargah\u0131n K\u0130V n\u00fcmay\u0259nd\u0259l\u0259ri \u00fc\u00e7\u00fcn n\u00f6vb\u0259ti brifinqi ke\u00e7irilir. ARANTV.AZ-\u0131n m\u0259lumat\u0131na g\u00f6r\u0259, Nazirl\u0259r Kabineti yan\u0131nda operativ q\u0259rargah\u0131n ke\u00e7irdiyi m\u0259tbuat konfrans\u0131nda Az\u0259rbaycan Respublikas\u0131 Prezidentinin k\u00f6m\u0259k\u00e7isi, Prezident Adminisrtasiyas\u0131n\u0131n iqtisadi m\u0259s\u0259l\u0259l\u0259r v\u0259 innovativ inki\u015faf siyas\u0259ti \u015f\u00f6b\u0259sinin m\u00fcdiri \u015eahmar M\u00f6vs\u00fcmov, Az\u0259rbaycan Prezidenti yan\u0131nda V\u0259t\u0259nda\u015flara Xidm\u0259t v\u0259 Sosial \u0130nnovasiyalar \u00fczr\u0259 D\u00f6vl\u0259t Agentliyinin (\u201cASAN xidm\u0259t\u201d) s\u0259dri \u00dclvi Mehdiyev, S\u0259hiyy\u0259 Nazirliyinin aparat r\u0259hb\u0259ri Nadir Zeynalov,\u00a0\u201cTibbi \u018frazi B\u00f6lm\u0259l\u0259rini \u0130dar\u0259etm\u0259 Birliyi\u201dnin (T\u018fB\u0130B) I\u0307dar\u0259 Hey\u0259tinin s\u0259dri Ramin Bayraml\u0131\u00a0i\u015ftirak edir. &nbsp; Oxu.Az<\/p>\n","protected":false},"author":2,"featured_media":187495,"comment_status":"closed","ping_status":"closed","sticky":false,"template":"","format":"standard","meta":{"om_disable_all_campaigns":false,"_monsterinsights_skip_tracking":false,"_monsterinsights_sitenote_active":false,"_monsterinsights_sitenote_note":"","_monsterinsights_sitenote_category":0},"categories":[26],"tags":[],"aioseo_notices":[],"gutentor_comment":0,"rttpg_featured_image_url":{"full":["https:\/\/arantv.az\/wp-content\/uploads\/2020\/07\/nazirler-kabineti.jpg",620,413,false],"landscape":["https:\/\/arantv.az\/wp-content\/uploads\/2020\/07\/nazirler-kabineti.jpg",620,413,false],"portraits":["https:\/\/arantv.az\/wp-content\/uploads\/2020\/07\/nazirler-kabineti.jpg",620,413,false],"thumbnail":["https:\/\/arantv.az\/wp-content\/uploads\/2020\/07\/nazirler-kabineti-150x150.jpg",150,150,true],"medium":["https:\/\/arantv.az\/wp-content\/uploads\/2020\/07\/nazirler-kabineti-300x200.jpg",300,200,true],"large":["https:\/\/arantv.az\/wp-content\/uploads\/2020\/07\/nazirler-kabineti.jpg",620,413,false],"1536x1536":["https:\/\/arantv.az\/wp-content\/uploads\/2020\/07\/nazirler-kabineti.jpg",620,413,false],"2048x2048":["https:\/\/arantv.az\/wp-content\/uploads\/2020\/07\/nazirler-kabineti.jpg",620,413,false],"post-thumbnail":["https:\/\/arantv.az\/wp-content\/uploads\/2020\/07\/nazirler-kabineti-240x172.jpg",240,172,true],"advps-thumb-one":["https:\/\/arantv.az\/wp-content\/uploads\/2020\/07\/nazirler-kabineti.jpg",620,413,false]},"rttpg_author":{"display_name":"V\u00fcsal Rafiqo\u011flu","author_link":"https:\/\/arantv.az\/?author=2"},"rttpg_comment":0,"rttpg_category":"<a href=\"https:\/\/arantv.az\/?cat=26\" rel=\"category\">Sosial<\/a>","rttpg_excerpt":"Nazirl\u0259r Kabineti yan\u0131nda operativ q\u0259rargah\u0131n K\u0130V n\u00fcmay\u0259nd\u0259l\u0259ri \u00fc\u00e7\u00fcn n\u00f6vb\u0259ti brifinqi ke\u00e7irilir. ARANTV.AZ-\u0131n m\u0259lumat\u0131na g\u00f6r\u0259, Nazirl\u0259r Kabineti yan\u0131nda operativ q\u0259rargah\u0131n ke\u00e7irdiyi m\u0259tbuat konfrans\u0131nda Az\u0259rbaycan Respublikas\u0131 Prezidentinin k\u00f6m\u0259k\u00e7isi, Prezident Adminisrtasiyas\u0131n\u0131n iqtisadi m\u0259s\u0259l\u0259l\u0259r v\u0259 innovativ inki\u015faf siyas\u0259ti \u015f\u00f6b\u0259sinin m\u00fcdiri \u015eahmar M\u00f6vs\u00fcmov, Az\u0259rbaycan Prezidenti yan\u0131nda V\u0259t\u0259nda\u015flara Xidm\u0259t v\u0259 Sosial \u0130nnovasiyalar \u00fczr\u0259 D\u00f6vl\u0259t Agentliyinin (\u201cASAN xidm\u0259t\u201d) s\u0259dri \u00dclvi Mehdiyev, S\u0259hiyy\u0259&hellip;","_links":{"self":[{"href":"https:\/\/arantv.az\/index.php?rest_route=\/wp\/v2\/posts\/187494"}],"collection":[{"href":"https:\/\/arantv.az\/index.php?rest_route=\/wp\/v2\/posts"}],"about":[{"href":"https:\/\/arantv.az\/index.php?rest_route=\/wp\/v2\/types\/post"}],"author":[{"embeddable":true,"href":"https:\/\/arantv.az\/index.php?rest_route=\/wp\/v2\/users\/2"}],"replies":[{"embeddable":true,"href":"https:\/\/arantv.az\/index.php?rest_route=%2Fwp%2Fv2%2Fcomments&post=187494"}],"version-history":[{"count":0,"href":"https:\/\/arantv.az\/index.php?rest_route=\/wp\/v2\/posts\/187494\/revisions"}],"wp:featuredmedia":[{"embeddable":true,"href":"https:\/\/arantv.az\/index.php?rest_route=\/wp\/v2\/media\/187495"}],"wp:attachment":[{"href":"https:\/\/arantv.az\/index.php?rest_route=%2Fwp%2Fv2%2Fmedia&parent=187494"}],"wp:term":[{"taxonomy":"category","embeddable":true,"href":"https:\/\/arantv.az\/index.php?rest_route=%2Fwp%2Fv2%2Fcategories&post=187494"},{"taxonomy":"post_tag","embeddable":true,"href":"https:\/\/arantv.az\/index.php?rest_route=%2Fwp%2Fv2%2Ftags&post=187494"}],"curies":[{"name":"wp","href":"https:\/\/api.w.org\/{rel}","templated":true}]}}