{"id":187502,"date":"2020-07-03T16:09:53","date_gmt":"2020-07-03T13:09:53","guid":{"rendered":"http:\/\/arantv.az\/?p=187502"},"modified":"2020-07-03T16:09:53","modified_gmt":"2020-07-03T13:09:53","slug":"xususi-karantin-rejiminin-s%c9%99rtl%c9%99sdirilm%c9%99si-il%c9%99-bagli-q%c9%99rar-t%c9%99sdiql%c9%99ndi","status":"publish","type":"post","link":"https:\/\/arantv.az\/?p=187502","title":{"rendered":"X\u00fcsusi karantin rejiminin s\u0259rtl\u0259\u015fdirilm\u0259si il\u0259 ba\u011fl\u0131 q\u0259rar t\u0259sdiql\u0259ndi"},"content":{"rendered":"<p>Ba\u015f Nazir \u018fli \u018fs\u0259dov X\u00fcsusi karantin rejiminin s\u0259rtl\u0259\u015fdirilm\u0259si il\u0259 ba\u011fl\u0131 \u0259lav\u0259 t\u0259dbirl\u0259r bar\u0259d\u0259 q\u0259rar\u0131 t\u0259sdiql\u0259yib.<\/p>\n<p><strong>ARANTV.AZ<\/strong> x\u0259b\u0259r verir ki, &#8220;Sanitariya-epidemioloji salamatl\u0131q haqq\u0131nda&#8221; Az\u0259rbaycan Respublikas\u0131 Qanununun 25-ci madd\u0259sin\u0259 v\u0259 Az\u0259rbaycan Respublikas\u0131 Nazirl\u0259r Kabinetinin 2020-ci il 28 fevral tarixli 73-1 n\u00f6mr\u0259li Q\u0259rar\u0131 il\u0259 t\u0259sdiq edilmi\u015f &#8220;Yoluxucu, parazitar v\u0259 k\u00fctl\u0259vi qeyri-yoluxucu x\u0259st\u0259likl\u0259rin \u0259m\u0259l\u0259 g\u0259lm\u0259si, yaxud yay\u0131lmas\u0131 t\u0259hl\u00fck\u0259si yarand\u0131qda karantin-t\u0259\u015fkilat, profilaktika v\u0259 dig\u0259r z\u0259ruri t\u0259dbirl\u0259rin g\u00f6r\u00fclm\u0259si Qaydalar\u0131&#8221;na \u0259sas\u0259n Az\u0259rbaycan Respublikas\u0131n\u0131n Nazirl\u0259r Kabineti q\u0259rara al\u0131r:<\/p>\n<p>1. &#8220;Bak\u0131, Sumqay\u0131t, G\u0259nc\u0259, L\u0259nk\u0259ran, Yevlax, Masall\u0131, C\u0259lilabad \u015f\u0259h\u0259rl\u0259rinin v\u0259 Ab\u015feron rayonunun \u0259razisind\u0259 x\u00fcsusi karantin rejiminin s\u0259rtl\u0259\u015fdirilm\u0259si il\u0259 ba\u011fl\u0131 \u0259lav\u0259 t\u0259dbirl\u0259r bar\u0259d\u0259&#8221; Az\u0259rbaycan Respublikas\u0131 Nazirl\u0259r Kabinetinin 2020-ci il 19 iyun tarixli 208 n\u00f6mr\u0259li Q\u0259rar\u0131nda a\u015fa\u011f\u0131dak\u0131 d\u0259yi\u015fiklikl\u0259r edilsin:<\/p>\n<p>1.1. ad\u0131nda v\u0259 6.1-ci b\u0259ndind\u0259 &#8220;\u015f\u0259h\u0259rl\u0259rinin v\u0259 Ab\u015feron rayonunun&#8221; s\u00f6zl\u0259ri &#8220;, Ming\u0259\u00e7evir, Goranboy, G\u00f6yg\u00f6l \u015f\u0259h\u0259rl\u0259rinin v\u0259 Ab\u015feron, B\u0259rd\u0259, Samux, Siy\u0259z\u0259n, \u015e\u0259ki, Xa\u00e7maz rayonlar\u0131n\u0131n&#8221; s\u00f6zl\u0259ri il\u0259 \u0259v\u0259z edilsin;<\/p>\n<p>1.2. 1-ci hiss\u0259d\u0259 &#8220;\u015f\u0259h\u0259rl\u0259rinin v\u0259 Ab\u015feron rayonunun&#8221; s\u00f6zl\u0259ri &#8220;, Ming\u0259\u00e7evir, Goranboy, G\u00f6yg\u00f6l \u015f\u0259h\u0259rl\u0259rinin v\u0259 Ab\u015feron, B\u0259rd\u0259, Samux, Siy\u0259z\u0259n, \u015e\u0259ki, Xa\u00e7maz rayonlar\u0131n\u0131n&#8221; s\u00f6zl\u0259ri il\u0259, &#8220;5 iyul&#8221; s\u00f6zl\u0259ri &#8220;20 iyul&#8221; s\u00f6zl\u0259ri il\u0259 \u0259v\u0259z edilsin;<\/p>\n<p>1.3. a\u015fa\u011f\u0131dak\u0131 m\u0259zmunda 1.1-1-ci b\u0259nd \u0259lav\u0259 edilsin:<\/p>\n<p>&#8220;1.1-1. \u0130ctimai yerl\u0259rd\u0259, o c\u00fcml\u0259d\u0259n k\u00fc\u00e7\u0259l\u0259rd\u0259, bulvarlarda, parklarda v\u0259 dig\u0259r yerl\u0259rd\u0259 \u015f\u0259xsl\u0259rin (yax\u0131n qohumlar, y\u0259ni ata-ana, n\u0259n\u0259-baba, u\u015faqlar v\u0259 bac\u0131-qarda\u015flar istisna olmaqla) 5 n\u0259f\u0259rd\u0259n art\u0131q qruplarda c\u0259ml\u0259\u015fm\u0259si qada\u011fan edilsin.&#8221;;<\/p>\n<p>1.4. 1.10-cu b\u0259ndd\u0259n &#8220;v\u0259 &#8220;E-T\u0259bib&#8221; mobil t\u0259tbiqind\u0259n istifad\u0259&#8221; s\u00f6zl\u0259ri \u00e7\u0131xar\u0131ls\u0131n v\u0259 h\u0259min b\u0259nd\u0259 &#8220;\u00c7a\u011fr\u0131 M\u0259rk\u0259zin\u0259&#8221; s\u00f6zl\u0259rind\u0259n sonra &#8220;, &#8220;E-T\u0259bib&#8221; mobil t\u0259tbiqind\u0259n istifad\u0259 il\u0259 ba\u011fl\u0131 yaranan \u00e7\u0259tinlik-l\u0259rl\u0259 \u0259laq\u0259dar is\u0259 8113 \u00c7a\u011fr\u0131 M\u0259rk\u0259zin\u0259&#8221; s\u00f6zl\u0259ri \u0259lav\u0259 edilsin.<\/p>\n<p>2. M\u00fc\u0259yy\u0259n edilsin ki, Bak\u0131, Sumqay\u0131t, G\u0259nc\u0259, L\u0259nk\u0259ran, Yevlax, Masall\u0131, C\u0259lilabad, Ming\u0259\u00e7evir, Goranboy, G\u00f6yg\u00f6l \u015f\u0259h\u0259r-l\u0259rinin v\u0259 Ab\u015feron, B\u0259rd\u0259, Samux, Siy\u0259z\u0259n, \u015e\u0259ki, Xa\u00e7maz rayon-lar\u0131n\u0131n \u0259razisind\u0259 x\u00fcsusi karantin rejiminin s\u0259rtl\u0259\u015fdirilm\u0259si il\u0259 ba\u011fl\u0131:<\/p>\n<p>2.1. 2020-ci il 4 iyul saat 00:00-dan 2020-ci il 6 iyul saat 06:00-d\u0259k, 2020-ci il 11 iyul saat 00:00-dan 2020-ci il 13 iyul saat 06:00-d\u0259k, 2020-ci il 18 iyul saat 00:00-dan 2020-ci il 20 iyul saat 06:00-d\u0259k ictimai n\u0259qliyyat\u0131n h\u0259r\u0259k\u0259ti dayand\u0131r\u0131l\u0131r;<\/p>\n<p>2.2. 2020-ci il 4 iyul saat 00:00-dan 2020-ci il 20 iyul saat 06:00-d\u0259k Bak\u0131 Metropolitenind\u0259 s\u0259rni\u015finda\u015f\u0131ma f\u0259aliyy\u0259ti dayand\u0131r\u0131l\u0131r.Milli.Az<\/p>\n","protected":false},"excerpt":{"rendered":"<p>Ba\u015f Nazir \u018fli \u018fs\u0259dov X\u00fcsusi karantin rejiminin s\u0259rtl\u0259\u015fdirilm\u0259si il\u0259 ba\u011fl\u0131 \u0259lav\u0259 t\u0259dbirl\u0259r bar\u0259d\u0259 q\u0259rar\u0131 t\u0259sdiql\u0259yib. ARANTV.AZ x\u0259b\u0259r verir ki, &#8220;Sanitariya-epidemioloji salamatl\u0131q haqq\u0131nda&#8221; Az\u0259rbaycan Respublikas\u0131 Qanununun 25-ci madd\u0259sin\u0259 v\u0259 Az\u0259rbaycan Respublikas\u0131 Nazirl\u0259r Kabinetinin 2020-ci il 28 fevral tarixli 73-1 n\u00f6mr\u0259li Q\u0259rar\u0131 il\u0259 t\u0259sdiq edilmi\u015f &#8220;Yoluxucu, parazitar v\u0259 k\u00fctl\u0259vi qeyri-yoluxucu x\u0259st\u0259likl\u0259rin \u0259m\u0259l\u0259 g\u0259lm\u0259si, yaxud yay\u0131lmas\u0131 t\u0259hl\u00fck\u0259si yarand\u0131qda karantin-t\u0259\u015fkilat, profilaktika v\u0259 dig\u0259r z\u0259ruri t\u0259dbirl\u0259rin g\u00f6r\u00fclm\u0259si Qaydalar\u0131&#8221;na \u0259sas\u0259n Az\u0259rbaycan Respublikas\u0131n\u0131n Nazirl\u0259r Kabineti q\u0259rara al\u0131r: 1. &#8220;Bak\u0131, Sumqay\u0131t, G\u0259nc\u0259, L\u0259nk\u0259ran, Yevlax, Masall\u0131, C\u0259lilabad \u015f\u0259h\u0259rl\u0259rinin v\u0259 Ab\u015feron rayonunun \u0259razisind\u0259 x\u00fcsusi karantin rejiminin s\u0259rtl\u0259\u015fdirilm\u0259si il\u0259 ba\u011fl\u0131 \u0259lav\u0259&hellip;<\/p>\n","protected":false},"author":2,"featured_media":187503,"comment_status":"closed","ping_status":"closed","sticky":false,"template":"","format":"standard","meta":{"om_disable_all_campaigns":false,"_monsterinsights_skip_tracking":false,"_monsterinsights_sitenote_active":false,"_monsterinsights_sitenote_note":"","_monsterinsights_sitenote_category":0},"categories":[26],"tags":[],"aioseo_notices":[],"gutentor_comment":0,"rttpg_featured_image_url":{"full":["https:\/\/arantv.az\/wp-content\/uploads\/2020\/07\/862893.jpg",800,600,false],"landscape":["https:\/\/arantv.az\/wp-content\/uploads\/2020\/07\/862893.jpg",800,600,false],"portraits":["https:\/\/arantv.az\/wp-content\/uploads\/2020\/07\/862893.jpg",800,600,false],"thumbnail":["https:\/\/arantv.az\/wp-content\/uploads\/2020\/07\/862893-150x150.jpg",150,150,true],"medium":["https:\/\/arantv.az\/wp-content\/uploads\/2020\/07\/862893-300x225.jpg",300,225,true],"large":["https:\/\/arantv.az\/wp-content\/uploads\/2020\/07\/862893.jpg",640,480,false],"1536x1536":["https:\/\/arantv.az\/wp-content\/uploads\/2020\/07\/862893.jpg",800,600,false],"2048x2048":["https:\/\/arantv.az\/wp-content\/uploads\/2020\/07\/862893.jpg",800,600,false],"post-thumbnail":["https:\/\/arantv.az\/wp-content\/uploads\/2020\/07\/862893-240x172.jpg",240,172,true],"advps-thumb-one":["https:\/\/arantv.az\/wp-content\/uploads\/2020\/07\/862893.jpg",800,600,false]},"rttpg_author":{"display_name":"V\u00fcsal Rafiqo\u011flu","author_link":"https:\/\/arantv.az\/?author=2"},"rttpg_comment":0,"rttpg_category":"<a href=\"https:\/\/arantv.az\/?cat=26\" rel=\"category\">Sosial<\/a>","rttpg_excerpt":"Ba\u015f Nazir \u018fli \u018fs\u0259dov X\u00fcsusi karantin rejiminin s\u0259rtl\u0259\u015fdirilm\u0259si il\u0259 ba\u011fl\u0131 \u0259lav\u0259 t\u0259dbirl\u0259r bar\u0259d\u0259 q\u0259rar\u0131 t\u0259sdiql\u0259yib. ARANTV.AZ x\u0259b\u0259r verir ki, &#8220;Sanitariya-epidemioloji salamatl\u0131q haqq\u0131nda&#8221; Az\u0259rbaycan Respublikas\u0131 Qanununun 25-ci madd\u0259sin\u0259 v\u0259 Az\u0259rbaycan Respublikas\u0131 Nazirl\u0259r Kabinetinin 2020-ci il 28 fevral tarixli 73-1 n\u00f6mr\u0259li Q\u0259rar\u0131 il\u0259 t\u0259sdiq edilmi\u015f &#8220;Yoluxucu, parazitar v\u0259 k\u00fctl\u0259vi qeyri-yoluxucu x\u0259st\u0259likl\u0259rin \u0259m\u0259l\u0259 g\u0259lm\u0259si, yaxud yay\u0131lmas\u0131 t\u0259hl\u00fck\u0259si yarand\u0131qda&hellip;","_links":{"self":[{"href":"https:\/\/arantv.az\/index.php?rest_route=\/wp\/v2\/posts\/187502"}],"collection":[{"href":"https:\/\/arantv.az\/index.php?rest_route=\/wp\/v2\/posts"}],"about":[{"href":"https:\/\/arantv.az\/index.php?rest_route=\/wp\/v2\/types\/post"}],"author":[{"embeddable":true,"href":"https:\/\/arantv.az\/index.php?rest_route=\/wp\/v2\/users\/2"}],"replies":[{"embeddable":true,"href":"https:\/\/arantv.az\/index.php?rest_route=%2Fwp%2Fv2%2Fcomments&post=187502"}],"version-history":[{"count":0,"href":"https:\/\/arantv.az\/index.php?rest_route=\/wp\/v2\/posts\/187502\/revisions"}],"wp:featuredmedia":[{"embeddable":true,"href":"https:\/\/arantv.az\/index.php?rest_route=\/wp\/v2\/media\/187503"}],"wp:attachment":[{"href":"https:\/\/arantv.az\/index.php?rest_route=%2Fwp%2Fv2%2Fmedia&parent=187502"}],"wp:term":[{"taxonomy":"category","embeddable":true,"href":"https:\/\/arantv.az\/index.php?rest_route=%2Fwp%2Fv2%2Fcategories&post=187502"},{"taxonomy":"post_tag","embeddable":true,"href":"https:\/\/arantv.az\/index.php?rest_route=%2Fwp%2Fv2%2Ftags&post=187502"}],"curies":[{"name":"wp","href":"https:\/\/api.w.org\/{rel}","templated":true}]}}