{"id":187510,"date":"2020-07-03T16:11:42","date_gmt":"2020-07-03T13:11:42","guid":{"rendered":"http:\/\/arantv.az\/?p=187510"},"modified":"2020-07-03T16:11:42","modified_gmt":"2020-07-03T13:11:42","slug":"h%c9%99ft%c9%99sonlari-hansi-taksil%c9%99rin-f%c9%99aliyy%c9%99tin%c9%99-icaz%c9%99-veril%c9%99c%c9%99yi-aciqlandi","status":"publish","type":"post","link":"https:\/\/arantv.az\/?p=187510","title":{"rendered":"H\u0259ft\u0259sonlar\u0131 hans\u0131 taksil\u0259rin f\u0259aliyy\u0259tin\u0259 icaz\u0259 veril\u0259c\u0259yi a\u00e7\u0131qland\u0131"},"content":{"rendered":"<p>H\u0259ft\u0259sonlar\u0131 hans\u0131 taksil\u0259rin f\u0259aliyy\u0259t g\u00f6st\u0259r\u0259c\u0259yi m\u0259lum olub.<\/p>\n<p>Bu bar\u0259d\u0259 APA-ya Ba\u015f D\u00f6vl\u0259t Yol Polis \u0130dar\u0259sinin ictimaiyy\u0259tl\u0259 \u0259laq\u0259l\u0259r \u015f\u00f6b\u0259sinin r\u0259isi, polis polkovniki Kamran \u018fliyev m\u0259lumat verib.<\/p>\n<div id=\"AdviadNativeVideo0\" class=\"AdviadNativeVideo\"><\/div>\n<p>O bildirib ki, h\u0259ft\u0259sonu t\u0259tbiq edil\u0259c\u0259k s\u0259rt karantin rejimi d\u00f6vr\u00fcnd\u0259 lisenziyas\u0131, f\u0259rql\u0259nm\u0259 ni\u015fan\u0131 olan, \u201cicaze.e-gov.az\u201d portal\u0131nda \u015f\u0259xsi m\u0259lumatlar\u0131 daxil edil\u0259n, avtomobilind\u0259 x\u00fcsusi \u015f\u0259ffaf arak\u0259sm\u0259 olan taksil\u0259rin f\u0259aliyy\u0259tin\u0259 icaz\u0259 veril\u0259c\u0259k:<\/p>\n<p>\u201cQanunsuz taksi f\u0259aliyy\u0259ti il\u0259 m\u0259\u015f\u011ful olan \u015f\u0259xsl\u0259r bar\u0259sind\u0259 is\u0259 qanunvericiliy\u0259 uy\u011fun olaraq t\u0259dbir g\u00f6r\u00fcl\u0259c\u0259k\u201d.<\/p>\n<p>Qeyd ed\u0259k ki, Nazirl\u0259r Kabineti yan\u0131nda operativ q\u0259rargah\u0131n q\u0259rar\u0131 il\u0259 x\u00fcsusi karantin rejimi t\u0259tbiq edil\u0259n \u015f\u0259h\u0259r v\u0259 rayonlarda \u015f\u0259nb\u0259 v\u0259 bazar g\u00fcnl\u0259ri ictimai n\u0259qliyyat\u0131n h\u0259r\u0259k\u0259tin\u0259 m\u0259hdudiyy\u0259t qoyulub. Q\u0259rara \u0259sas\u0259n Goranboy, G\u00f6yg\u00f6l v\u0259 Ming\u0259\u00e7evir \u015f\u0259h\u0259rl\u0259ri, B\u0259rd\u0259, Xa\u00e7maz, Samux, Siy\u0259z\u0259n v\u0259 \u015e\u0259ki rayonlar\u0131 daxil olmaqla, Bak\u0131, C\u0259lilabad, G\u0259nc\u0259, L\u0259nk\u0259ran, Masall\u0131, Sumqay\u0131t, Yevlax \u015f\u0259h\u0259rl\u0259rind\u0259 v\u0259 Ab\u015feron rayonlar\u0131nda h\u0259ft\u0259sonlar\u0131 (4 iyul saat 00:00-dan 6 iyul saat 06:00-d\u0259k; 11 iyul saat 00:00-dan 13 iyul saat 06:00-d\u0259k v\u0259 18 iyul 00:00-dan 20 iyul saat 06:00-d\u0259k) ictimai n\u0259qliyyat\u0131n h\u0259r\u0259k\u0259ti dayand\u0131r\u0131l\u0131r.<\/p>\n","protected":false},"excerpt":{"rendered":"<p>H\u0259ft\u0259sonlar\u0131 hans\u0131 taksil\u0259rin f\u0259aliyy\u0259t g\u00f6st\u0259r\u0259c\u0259yi m\u0259lum olub. Bu bar\u0259d\u0259 APA-ya Ba\u015f D\u00f6vl\u0259t Yol Polis \u0130dar\u0259sinin ictimaiyy\u0259tl\u0259 \u0259laq\u0259l\u0259r \u015f\u00f6b\u0259sinin r\u0259isi, polis polkovniki Kamran \u018fliyev m\u0259lumat verib. O bildirib ki, h\u0259ft\u0259sonu t\u0259tbiq edil\u0259c\u0259k s\u0259rt karantin rejimi d\u00f6vr\u00fcnd\u0259 lisenziyas\u0131, f\u0259rql\u0259nm\u0259 ni\u015fan\u0131 olan, \u201cicaze.e-gov.az\u201d portal\u0131nda \u015f\u0259xsi m\u0259lumatlar\u0131 daxil edil\u0259n, avtomobilind\u0259 x\u00fcsusi \u015f\u0259ffaf arak\u0259sm\u0259 olan taksil\u0259rin f\u0259aliyy\u0259tin\u0259 icaz\u0259 veril\u0259c\u0259k: \u201cQanunsuz taksi f\u0259aliyy\u0259ti il\u0259 m\u0259\u015f\u011ful olan \u015f\u0259xsl\u0259r bar\u0259sind\u0259 is\u0259 qanunvericiliy\u0259 uy\u011fun olaraq t\u0259dbir g\u00f6r\u00fcl\u0259c\u0259k\u201d. Qeyd ed\u0259k ki, Nazirl\u0259r Kabineti yan\u0131nda operativ q\u0259rargah\u0131n q\u0259rar\u0131 il\u0259 x\u00fcsusi karantin rejimi t\u0259tbiq edil\u0259n \u015f\u0259h\u0259r v\u0259 rayonlarda \u015f\u0259nb\u0259 v\u0259 bazar g\u00fcnl\u0259ri&hellip;<\/p>\n","protected":false},"author":2,"featured_media":187511,"comment_status":"closed","ping_status":"closed","sticky":false,"template":"","format":"standard","meta":{"om_disable_all_campaigns":false,"_monsterinsights_skip_tracking":false,"_monsterinsights_sitenote_active":false,"_monsterinsights_sitenote_note":"","_monsterinsights_sitenote_category":0},"categories":[26],"tags":[],"aioseo_notices":[],"gutentor_comment":0,"rttpg_featured_image_url":{"full":["https:\/\/arantv.az\/wp-content\/uploads\/2020\/07\/Taxi.jpg",620,413,false],"landscape":["https:\/\/arantv.az\/wp-content\/uploads\/2020\/07\/Taxi.jpg",620,413,false],"portraits":["https:\/\/arantv.az\/wp-content\/uploads\/2020\/07\/Taxi.jpg",620,413,false],"thumbnail":["https:\/\/arantv.az\/wp-content\/uploads\/2020\/07\/Taxi-150x150.jpg",150,150,true],"medium":["https:\/\/arantv.az\/wp-content\/uploads\/2020\/07\/Taxi-300x200.jpg",300,200,true],"large":["https:\/\/arantv.az\/wp-content\/uploads\/2020\/07\/Taxi.jpg",620,413,false],"1536x1536":["https:\/\/arantv.az\/wp-content\/uploads\/2020\/07\/Taxi.jpg",620,413,false],"2048x2048":["https:\/\/arantv.az\/wp-content\/uploads\/2020\/07\/Taxi.jpg",620,413,false],"post-thumbnail":["https:\/\/arantv.az\/wp-content\/uploads\/2020\/07\/Taxi-240x172.jpg",240,172,true],"advps-thumb-one":["https:\/\/arantv.az\/wp-content\/uploads\/2020\/07\/Taxi.jpg",620,413,false]},"rttpg_author":{"display_name":"V\u00fcsal Rafiqo\u011flu","author_link":"https:\/\/arantv.az\/?author=2"},"rttpg_comment":0,"rttpg_category":"<a href=\"https:\/\/arantv.az\/?cat=26\" rel=\"category\">Sosial<\/a>","rttpg_excerpt":"H\u0259ft\u0259sonlar\u0131 hans\u0131 taksil\u0259rin f\u0259aliyy\u0259t g\u00f6st\u0259r\u0259c\u0259yi m\u0259lum olub. Bu bar\u0259d\u0259 APA-ya Ba\u015f D\u00f6vl\u0259t Yol Polis \u0130dar\u0259sinin ictimaiyy\u0259tl\u0259 \u0259laq\u0259l\u0259r \u015f\u00f6b\u0259sinin r\u0259isi, polis polkovniki Kamran \u018fliyev m\u0259lumat verib. O bildirib ki, h\u0259ft\u0259sonu t\u0259tbiq edil\u0259c\u0259k s\u0259rt karantin rejimi d\u00f6vr\u00fcnd\u0259 lisenziyas\u0131, f\u0259rql\u0259nm\u0259 ni\u015fan\u0131 olan, \u201cicaze.e-gov.az\u201d portal\u0131nda \u015f\u0259xsi m\u0259lumatlar\u0131 daxil edil\u0259n, avtomobilind\u0259 x\u00fcsusi \u015f\u0259ffaf arak\u0259sm\u0259 olan taksil\u0259rin f\u0259aliyy\u0259tin\u0259 icaz\u0259 veril\u0259c\u0259k: \u201cQanunsuz&hellip;","_links":{"self":[{"href":"https:\/\/arantv.az\/index.php?rest_route=\/wp\/v2\/posts\/187510"}],"collection":[{"href":"https:\/\/arantv.az\/index.php?rest_route=\/wp\/v2\/posts"}],"about":[{"href":"https:\/\/arantv.az\/index.php?rest_route=\/wp\/v2\/types\/post"}],"author":[{"embeddable":true,"href":"https:\/\/arantv.az\/index.php?rest_route=\/wp\/v2\/users\/2"}],"replies":[{"embeddable":true,"href":"https:\/\/arantv.az\/index.php?rest_route=%2Fwp%2Fv2%2Fcomments&post=187510"}],"version-history":[{"count":0,"href":"https:\/\/arantv.az\/index.php?rest_route=\/wp\/v2\/posts\/187510\/revisions"}],"wp:featuredmedia":[{"embeddable":true,"href":"https:\/\/arantv.az\/index.php?rest_route=\/wp\/v2\/media\/187511"}],"wp:attachment":[{"href":"https:\/\/arantv.az\/index.php?rest_route=%2Fwp%2Fv2%2Fmedia&parent=187510"}],"wp:term":[{"taxonomy":"category","embeddable":true,"href":"https:\/\/arantv.az\/index.php?rest_route=%2Fwp%2Fv2%2Fcategories&post=187510"},{"taxonomy":"post_tag","embeddable":true,"href":"https:\/\/arantv.az\/index.php?rest_route=%2Fwp%2Fv2%2Ftags&post=187510"}],"curies":[{"name":"wp","href":"https:\/\/api.w.org\/{rel}","templated":true}]}}