{"id":187514,"date":"2020-07-03T16:16:27","date_gmt":"2020-07-03T13:16:27","guid":{"rendered":"http:\/\/arantv.az\/?p=187514"},"modified":"2020-07-03T16:16:27","modified_gmt":"2020-07-03T13:16:27","slug":"karantin-qaydalarini-pozaraq-qubaya-istirah%c9%99t%c9%99-g%c9%99l%c9%99n-s%c9%99xsl%c9%99r-m%c9%99suliyy%c9%99t%c9%99-c%c9%99lb-olundular-foto","status":"publish","type":"post","link":"https:\/\/arantv.az\/?p=187514","title":{"rendered":"Karantin qaydalar\u0131n\u0131 pozaraq, Qubaya istirah\u0259t\u0259 g\u0259l\u0259n \u015f\u0259xsl\u0259r m\u0259suliyy\u0259t\u0259 c\u0259lb olundular &#8211; FOTO"},"content":{"rendered":"<p>\u00d6lk\u0259 \u0259razisind\u0259 elan edilmi\u015f x\u00fcsusi karantin rejiminin t\u0259l\u0259bl\u0259rini pozaraq, m\u0259suliyy\u0259tsiz davran\u0131\u015flar s\u0259rgil\u0259y\u0259n, el\u0259c\u0259 d\u0259 dig\u0259r rayonlara istirah\u0259t \u00fc\u00e7\u00fcn \u00fcz tutan \u015f\u0259xsl\u0259rl\u0259 ba\u011fl\u0131 t\u0259dbirl\u0259r davam etdirilir.<\/p>\n<p>Daxili \u0130\u015fl\u0259r Nazirliyinin M\u0259tbuat Xidm\u0259tinin Quba regional qrupundan veril\u0259n m\u0259lumata g\u00f6r\u0259, Quba Rayon Polis \u015e\u00f6b\u0259sinin \u0259m\u0259kda\u015flar\u0131 t\u0259r\u0259find\u0259n rayon \u0259razisind\u0259 yerl\u0259\u015f\u0259n istirah\u0259t m\u0259rk\u0259zl\u0259rind\u0259 ke\u00e7iril\u0259n reydl\u0259r n\u0259tic\u0259sind\u0259 x\u00fcsusi karantin qaydalar\u0131n\u0131 pozaraq, rayon \u0259razisin\u0259 istirah\u0259t m\u0259qs\u0259dil\u0259 g\u0259l\u0259n \u015f\u0259xsl\u0259r a\u015fkarlanaraq m\u0259suliyy\u0259t\u0259 c\u0259lb olunublar.<\/p>\n<div id=\"AdviadNativeVideo0\" class=\"AdviadNativeVideo\"><\/div>\n<p>Onlar aras\u0131nda \u00e7al\u0131\u015fd\u0131qlar\u0131 d\u00f6vl\u0259t idar\u0259l\u0259ri v\u0259 m\u00fc\u0259ssis\u0259l\u0259ri t\u0259r\u0259find\u0259n verilmi\u015f x\u00fcsusi icaz\u0259l\u0259rd\u0259n istifad\u0259 ed\u0259r\u0259k, Quba rayonuna istirah\u0259t \u00fc\u00e7\u00fcn g\u0259l\u0259nl\u0259r d\u0259 olub.<\/p>\n<p>Reyd zaman\u0131 karantin qaydalar\u0131n\u0131 pozan \u015f\u0259xsl\u0259r bar\u0259sind\u0259 \u0130XM-nin 211.1-ci madd\u0259si \u00fczr\u0259 protokollar t\u0259rtib olunub, onlar inzibati qaydada m\u0259suliyy\u0259t\u0259 c\u0259lb edilibl\u0259r.<\/p>\n<div class=\"gallery\">\n<div class=\"gallery-i\"><img src=\"https:\/\/cdn.oxu.az\/uploads\/W1siZiIsIjIwMjAvMDcvMDMvMTUvNDQvMzUvNzE5MzJhNDQtNWRiNS00MGViLWE1ZTYtNDliNjI4NThlZTU4LzQgKDUpLmpwZyJdLFsicCIsImVuY29kZSIsImpwZyIsIi1xdWFsaXR5IDgwIl0sWyJwIiwidGh1bWIiLCI1OTB4NTkwXHUwMDNlIl1d?sha=ed07eb4fe4b5341e\" alt=\"\" \/><\/p>\n<div class=\"gallery-i-caption\"><\/div>\n<\/div>\n<div class=\"gallery-i\"><img src=\"https:\/\/cdn.oxu.az\/uploads\/W1siZiIsIjIwMjAvMDcvMDMvMTUvNDQvMzUvY2RiOGEyYTYtZWM1ZS00ZDNkLTk4NzMtNzFkMWFiOGRjNjFhLzQgKDMpLmpwZyJdLFsicCIsImVuY29kZSIsImpwZyIsIi1xdWFsaXR5IDgwIl0sWyJwIiwidGh1bWIiLCI1OTB4NTkwXHUwMDNlIl1d?sha=79c168f9331e6a42\" alt=\"\" \/><\/p>\n<div class=\"gallery-i-caption\"><\/div>\n<\/div>\n<div class=\"gallery-i\"><img src=\"https:\/\/cdn.oxu.az\/uploads\/W1siZiIsIjIwMjAvMDcvMDMvMTUvNDQvMzYvYWJmNTI3ZjMtYTBmOC00NmNkLWJjYzYtMTZmZGRjYmUzYmI0LzQgKDEpLmpwZyJdLFsicCIsImVuY29kZSIsImpwZyIsIi1xdWFsaXR5IDgwIl0sWyJwIiwidGh1bWIiLCI1OTB4NTkwXHUwMDNlIl1d?sha=e4a8305fdc63a6ed\" alt=\"\" \/><\/p>\n<div class=\"gallery-i-caption\"><\/div>\n<\/div>\n<div class=\"gallery-i\"><img src=\"https:\/\/cdn.oxu.az\/uploads\/W1siZiIsIjIwMjAvMDcvMDMvMTUvNDQvMzYvN2U1ZDAwZjEtYmMxMi00N2E1LTlhY2UtMDNlYTlmN2Y0NTNkLzQgKDQpLmpwZyJdLFsicCIsImVuY29kZSIsImpwZyIsIi1xdWFsaXR5IDgwIl0sWyJwIiwidGh1bWIiLCI1OTB4NTkwXHUwMDNlIl1d?sha=fe6559a6d02542d8\" alt=\"\" \/><\/p>\n<div class=\"gallery-i-caption\"><\/div>\n<\/div>\n<div class=\"gallery-i\"><img src=\"https:\/\/cdn.oxu.az\/uploads\/W1siZiIsIjIwMjAvMDcvMDMvMTUvNDQvMzYvYjk1MWUzMWYtOTY2ZC00ZDc1LTg5YWItOGY5YzM4YTMzYWYwLzQgKDIpLmpwZyJdLFsicCIsImVuY29kZSIsImpwZyIsIi1xdWFsaXR5IDgwIl0sWyJwIiwidGh1bWIiLCI1OTB4NTkwXHUwMDNlIl1d?sha=8579dfaf59d8e7a3\" alt=\"\" \/><\/div>\n<\/div>\n","protected":false},"excerpt":{"rendered":"<p>\u00d6lk\u0259 \u0259razisind\u0259 elan edilmi\u015f x\u00fcsusi karantin rejiminin t\u0259l\u0259bl\u0259rini pozaraq, m\u0259suliyy\u0259tsiz davran\u0131\u015flar s\u0259rgil\u0259y\u0259n, el\u0259c\u0259 d\u0259 dig\u0259r rayonlara istirah\u0259t \u00fc\u00e7\u00fcn \u00fcz tutan \u015f\u0259xsl\u0259rl\u0259 ba\u011fl\u0131 t\u0259dbirl\u0259r davam etdirilir. Daxili \u0130\u015fl\u0259r Nazirliyinin M\u0259tbuat Xidm\u0259tinin Quba regional qrupundan veril\u0259n m\u0259lumata g\u00f6r\u0259, Quba Rayon Polis \u015e\u00f6b\u0259sinin \u0259m\u0259kda\u015flar\u0131 t\u0259r\u0259find\u0259n rayon \u0259razisind\u0259 yerl\u0259\u015f\u0259n istirah\u0259t m\u0259rk\u0259zl\u0259rind\u0259 ke\u00e7iril\u0259n reydl\u0259r n\u0259tic\u0259sind\u0259 x\u00fcsusi karantin qaydalar\u0131n\u0131 pozaraq, rayon \u0259razisin\u0259 istirah\u0259t m\u0259qs\u0259dil\u0259 g\u0259l\u0259n \u015f\u0259xsl\u0259r a\u015fkarlanaraq m\u0259suliyy\u0259t\u0259 c\u0259lb olunublar. Onlar aras\u0131nda \u00e7al\u0131\u015fd\u0131qlar\u0131 d\u00f6vl\u0259t idar\u0259l\u0259ri v\u0259 m\u00fc\u0259ssis\u0259l\u0259ri t\u0259r\u0259find\u0259n verilmi\u015f x\u00fcsusi icaz\u0259l\u0259rd\u0259n istifad\u0259 ed\u0259r\u0259k, Quba rayonuna istirah\u0259t \u00fc\u00e7\u00fcn g\u0259l\u0259nl\u0259r d\u0259 olub. Reyd zaman\u0131 karantin qaydalar\u0131n\u0131 pozan \u015f\u0259xsl\u0259r&hellip;<\/p>\n","protected":false},"author":2,"featured_media":187515,"comment_status":"closed","ping_status":"closed","sticky":false,"template":"","format":"standard","meta":{"om_disable_all_campaigns":false,"_monsterinsights_skip_tracking":false,"_monsterinsights_sitenote_active":false,"_monsterinsights_sitenote_note":"","_monsterinsights_sitenote_category":0},"categories":[5],"tags":[],"aioseo_notices":[],"gutentor_comment":0,"rttpg_featured_image_url":{"full":["https:\/\/arantv.az\/wp-content\/uploads\/2020\/07\/4-4.jpg",620,343,false],"landscape":["https:\/\/arantv.az\/wp-content\/uploads\/2020\/07\/4-4.jpg",620,343,false],"portraits":["https:\/\/arantv.az\/wp-content\/uploads\/2020\/07\/4-4.jpg",620,343,false],"thumbnail":["https:\/\/arantv.az\/wp-content\/uploads\/2020\/07\/4-4-150x150.jpg",150,150,true],"medium":["https:\/\/arantv.az\/wp-content\/uploads\/2020\/07\/4-4-300x166.jpg",300,166,true],"large":["https:\/\/arantv.az\/wp-content\/uploads\/2020\/07\/4-4.jpg",620,343,false],"1536x1536":["https:\/\/arantv.az\/wp-content\/uploads\/2020\/07\/4-4.jpg",620,343,false],"2048x2048":["https:\/\/arantv.az\/wp-content\/uploads\/2020\/07\/4-4.jpg",620,343,false],"post-thumbnail":["https:\/\/arantv.az\/wp-content\/uploads\/2020\/07\/4-4-240x172.jpg",240,172,true],"advps-thumb-one":["https:\/\/arantv.az\/wp-content\/uploads\/2020\/07\/4-4.jpg",620,343,false]},"rttpg_author":{"display_name":"V\u00fcsal Rafiqo\u011flu","author_link":"https:\/\/arantv.az\/?author=2"},"rttpg_comment":0,"rttpg_category":"<a href=\"https:\/\/arantv.az\/?cat=5\" rel=\"category\">Hadis\u0259<\/a>","rttpg_excerpt":"\u00d6lk\u0259 \u0259razisind\u0259 elan edilmi\u015f x\u00fcsusi karantin rejiminin t\u0259l\u0259bl\u0259rini pozaraq, m\u0259suliyy\u0259tsiz davran\u0131\u015flar s\u0259rgil\u0259y\u0259n, el\u0259c\u0259 d\u0259 dig\u0259r rayonlara istirah\u0259t \u00fc\u00e7\u00fcn \u00fcz tutan \u015f\u0259xsl\u0259rl\u0259 ba\u011fl\u0131 t\u0259dbirl\u0259r davam etdirilir. Daxili \u0130\u015fl\u0259r Nazirliyinin M\u0259tbuat Xidm\u0259tinin Quba regional qrupundan veril\u0259n m\u0259lumata g\u00f6r\u0259, Quba Rayon Polis \u015e\u00f6b\u0259sinin \u0259m\u0259kda\u015flar\u0131 t\u0259r\u0259find\u0259n rayon \u0259razisind\u0259 yerl\u0259\u015f\u0259n istirah\u0259t m\u0259rk\u0259zl\u0259rind\u0259 ke\u00e7iril\u0259n reydl\u0259r n\u0259tic\u0259sind\u0259 x\u00fcsusi karantin qaydalar\u0131n\u0131 pozaraq, rayon&hellip;","_links":{"self":[{"href":"https:\/\/arantv.az\/index.php?rest_route=\/wp\/v2\/posts\/187514"}],"collection":[{"href":"https:\/\/arantv.az\/index.php?rest_route=\/wp\/v2\/posts"}],"about":[{"href":"https:\/\/arantv.az\/index.php?rest_route=\/wp\/v2\/types\/post"}],"author":[{"embeddable":true,"href":"https:\/\/arantv.az\/index.php?rest_route=\/wp\/v2\/users\/2"}],"replies":[{"embeddable":true,"href":"https:\/\/arantv.az\/index.php?rest_route=%2Fwp%2Fv2%2Fcomments&post=187514"}],"version-history":[{"count":0,"href":"https:\/\/arantv.az\/index.php?rest_route=\/wp\/v2\/posts\/187514\/revisions"}],"wp:featuredmedia":[{"embeddable":true,"href":"https:\/\/arantv.az\/index.php?rest_route=\/wp\/v2\/media\/187515"}],"wp:attachment":[{"href":"https:\/\/arantv.az\/index.php?rest_route=%2Fwp%2Fv2%2Fmedia&parent=187514"}],"wp:term":[{"taxonomy":"category","embeddable":true,"href":"https:\/\/arantv.az\/index.php?rest_route=%2Fwp%2Fv2%2Fcategories&post=187514"},{"taxonomy":"post_tag","embeddable":true,"href":"https:\/\/arantv.az\/index.php?rest_route=%2Fwp%2Fv2%2Ftags&post=187514"}],"curies":[{"name":"wp","href":"https:\/\/api.w.org\/{rel}","templated":true}]}}