{"id":187530,"date":"2020-07-03T16:21:20","date_gmt":"2020-07-03T13:21:20","guid":{"rendered":"http:\/\/arantv.az\/?p=187530"},"modified":"2020-07-03T16:21:20","modified_gmt":"2020-07-03T13:21:20","slug":"prezidentin-kom%c9%99kcisi-h%c9%99r-k%c9%99s-pandemiyanin-n%c9%99-zaman-bit%c9%99c%c9%99yini-sorusur","status":"publish","type":"post","link":"https:\/\/arantv.az\/?p=187530","title":{"rendered":"Prezidentin k\u00f6m\u0259k\u00e7isi: \u201cH\u0259r k\u0259s pandemiyan\u0131n n\u0259 zaman bit\u0259c\u0259yini soru\u015fur\u201d"},"content":{"rendered":"<p>\u201c\u00dc\u00e7 \u00e7ox sad\u0259 qaydaya riay\u0259t etm\u0259kl\u0259 &#8211; sosial m\u0259saf\u0259 saxlamaq, qoruyucu vasit\u0259l\u0259rd\u0259n istifad\u0259 v\u0259 \u0259ll\u0259ri tez-tez yumaqla virusdan qorunmaq olar\u201d.<\/p>\n<p><strong>ARANTV.AZ\u00a0\u00a0<\/strong>x\u0259b\u0259r verir ki, bunu Nazirl\u0259r Kabineti yan\u0131nda operativ q\u0259rargah\u0131n ke\u00e7irdiyi m\u0259tbuat konfrans\u0131nda Az\u0259rbaycan Respublikas\u0131 Prezidentinin k\u00f6m\u0259k\u00e7isi, Prezident Administrasiyas\u0131n\u0131n iqtisadi m\u0259s\u0259l\u0259l\u0259r v\u0259 innovativ inki\u015faf siyas\u0259ti \u015f\u00f6b\u0259sinin m\u00fcdiri \u015eahmar M\u00f6vs\u00fcmov deyib.<\/p>\n<p>O bildirib ki, koronavirus pandemiyas\u0131 b\u00fct\u00fcn \u00f6lk\u0259l\u0259rd\u0259 oldu\u011fu kimi, Az\u0259rbaycanda da bir \u00e7ox sah\u0259l\u0259r\u0259 t\u0259sir edib:<\/p>\n<div id=\"AdviadNativeVideo0\" class=\"AdviadNativeVideo\"><\/div>\n<p>\u201c\u00d6lk\u0259 ba\u015f\u00e7\u0131s\u0131n\u0131n tap\u015f\u0131r\u0131\u011f\u0131 il\u0259 x\u00fcsusi \u0130\u015f\u00e7i qrupu yarad\u0131l\u0131b. Karantin rejimi \u00e7\u0259r\u00e7iv\u0259sind\u0259 Nazirl\u0259r Kabineti yan\u0131nda operativ q\u0259rargah t\u0259r\u0259find\u0259n z\u0259ruri t\u0259dbirl\u0259r g\u00f6r\u00fcl\u00fcr. Lakin bu g\u00fcn yoluxmalar\u0131n say\u0131 y\u00fcks\u0259k olaraq qal\u0131r\u201d.<\/p>\n<p>Onun s\u00f6zl\u0259rin\u0259 g\u00f6r\u0259, h\u0259r k\u0259s bu pandemiyan\u0131n n\u0259 zaman bit\u0259c\u0259yini soru\u015fur:<\/p>\n<p>\u201cBu g\u00fcn bu sual\u0131n cavab\u0131n\u0131 he\u00e7 kim bilmir. \u018fks\u0259r probleml\u0259rd\u0259 d\u00fcnya t\u0259cr\u00fcb\u0259sin\u0259 m\u00fcraci\u0259t edilirdi. D\u00fcnya t\u0259cr\u00fcb\u0259si d\u0259 bu infeksiya qar\u015f\u0131s\u0131nda aciz qal\u0131b. Bunun n\u0259 zaman bit\u0259c\u0259yi bar\u0259d\u0259 he\u00e7 kim d\u0259qiq informasiya ver\u0259 bilmir\u201d.Oxu.Az<\/p>\n","protected":false},"excerpt":{"rendered":"<p>\u201c\u00dc\u00e7 \u00e7ox sad\u0259 qaydaya riay\u0259t etm\u0259kl\u0259 &#8211; sosial m\u0259saf\u0259 saxlamaq, qoruyucu vasit\u0259l\u0259rd\u0259n istifad\u0259 v\u0259 \u0259ll\u0259ri tez-tez yumaqla virusdan qorunmaq olar\u201d. ARANTV.AZ\u00a0\u00a0x\u0259b\u0259r verir ki, bunu Nazirl\u0259r Kabineti yan\u0131nda operativ q\u0259rargah\u0131n ke\u00e7irdiyi m\u0259tbuat konfrans\u0131nda Az\u0259rbaycan Respublikas\u0131 Prezidentinin k\u00f6m\u0259k\u00e7isi, Prezident Administrasiyas\u0131n\u0131n iqtisadi m\u0259s\u0259l\u0259l\u0259r v\u0259 innovativ inki\u015faf siyas\u0259ti \u015f\u00f6b\u0259sinin m\u00fcdiri \u015eahmar M\u00f6vs\u00fcmov deyib. O bildirib ki, koronavirus pandemiyas\u0131 b\u00fct\u00fcn \u00f6lk\u0259l\u0259rd\u0259 oldu\u011fu kimi, Az\u0259rbaycanda da bir \u00e7ox sah\u0259l\u0259r\u0259 t\u0259sir edib: \u201c\u00d6lk\u0259 ba\u015f\u00e7\u0131s\u0131n\u0131n tap\u015f\u0131r\u0131\u011f\u0131 il\u0259 x\u00fcsusi \u0130\u015f\u00e7i qrupu yarad\u0131l\u0131b. Karantin rejimi \u00e7\u0259r\u00e7iv\u0259sind\u0259 Nazirl\u0259r Kabineti yan\u0131nda operativ q\u0259rargah t\u0259r\u0259find\u0259n z\u0259ruri t\u0259dbirl\u0259r g\u00f6r\u00fcl\u00fcr. Lakin bu g\u00fcn yoluxmalar\u0131n say\u0131&hellip;<\/p>\n","protected":false},"author":2,"featured_media":187531,"comment_status":"closed","ping_status":"closed","sticky":false,"template":"","format":"standard","meta":{"om_disable_all_campaigns":false,"_monsterinsights_skip_tracking":false,"_monsterinsights_sitenote_active":false,"_monsterinsights_sitenote_note":"","_monsterinsights_sitenote_category":0},"categories":[26],"tags":[],"aioseo_notices":[],"gutentor_comment":0,"rttpg_featured_image_url":{"full":["https:\/\/arantv.az\/wp-content\/uploads\/2020\/07\/106532918_303412474140527_5031637657726501491_n-1.jpg",620,408,false],"landscape":["https:\/\/arantv.az\/wp-content\/uploads\/2020\/07\/106532918_303412474140527_5031637657726501491_n-1.jpg",620,408,false],"portraits":["https:\/\/arantv.az\/wp-content\/uploads\/2020\/07\/106532918_303412474140527_5031637657726501491_n-1.jpg",620,408,false],"thumbnail":["https:\/\/arantv.az\/wp-content\/uploads\/2020\/07\/106532918_303412474140527_5031637657726501491_n-1-150x150.jpg",150,150,true],"medium":["https:\/\/arantv.az\/wp-content\/uploads\/2020\/07\/106532918_303412474140527_5031637657726501491_n-1-300x197.jpg",300,197,true],"large":["https:\/\/arantv.az\/wp-content\/uploads\/2020\/07\/106532918_303412474140527_5031637657726501491_n-1.jpg",620,408,false],"1536x1536":["https:\/\/arantv.az\/wp-content\/uploads\/2020\/07\/106532918_303412474140527_5031637657726501491_n-1.jpg",620,408,false],"2048x2048":["https:\/\/arantv.az\/wp-content\/uploads\/2020\/07\/106532918_303412474140527_5031637657726501491_n-1.jpg",620,408,false],"post-thumbnail":["https:\/\/arantv.az\/wp-content\/uploads\/2020\/07\/106532918_303412474140527_5031637657726501491_n-1-240x172.jpg",240,172,true],"advps-thumb-one":["https:\/\/arantv.az\/wp-content\/uploads\/2020\/07\/106532918_303412474140527_5031637657726501491_n-1.jpg",620,408,false]},"rttpg_author":{"display_name":"V\u00fcsal Rafiqo\u011flu","author_link":"https:\/\/arantv.az\/?author=2"},"rttpg_comment":0,"rttpg_category":"<a href=\"https:\/\/arantv.az\/?cat=26\" rel=\"category\">Sosial<\/a>","rttpg_excerpt":"\u201c\u00dc\u00e7 \u00e7ox sad\u0259 qaydaya riay\u0259t etm\u0259kl\u0259 &#8211; sosial m\u0259saf\u0259 saxlamaq, qoruyucu vasit\u0259l\u0259rd\u0259n istifad\u0259 v\u0259 \u0259ll\u0259ri tez-tez yumaqla virusdan qorunmaq olar\u201d. ARANTV.AZ\u00a0\u00a0x\u0259b\u0259r verir ki, bunu Nazirl\u0259r Kabineti yan\u0131nda operativ q\u0259rargah\u0131n ke\u00e7irdiyi m\u0259tbuat konfrans\u0131nda Az\u0259rbaycan Respublikas\u0131 Prezidentinin k\u00f6m\u0259k\u00e7isi, Prezident Administrasiyas\u0131n\u0131n iqtisadi m\u0259s\u0259l\u0259l\u0259r v\u0259 innovativ inki\u015faf siyas\u0259ti \u015f\u00f6b\u0259sinin m\u00fcdiri \u015eahmar M\u00f6vs\u00fcmov deyib. O bildirib ki, koronavirus pandemiyas\u0131 b\u00fct\u00fcn&hellip;","_links":{"self":[{"href":"https:\/\/arantv.az\/index.php?rest_route=\/wp\/v2\/posts\/187530"}],"collection":[{"href":"https:\/\/arantv.az\/index.php?rest_route=\/wp\/v2\/posts"}],"about":[{"href":"https:\/\/arantv.az\/index.php?rest_route=\/wp\/v2\/types\/post"}],"author":[{"embeddable":true,"href":"https:\/\/arantv.az\/index.php?rest_route=\/wp\/v2\/users\/2"}],"replies":[{"embeddable":true,"href":"https:\/\/arantv.az\/index.php?rest_route=%2Fwp%2Fv2%2Fcomments&post=187530"}],"version-history":[{"count":0,"href":"https:\/\/arantv.az\/index.php?rest_route=\/wp\/v2\/posts\/187530\/revisions"}],"wp:featuredmedia":[{"embeddable":true,"href":"https:\/\/arantv.az\/index.php?rest_route=\/wp\/v2\/media\/187531"}],"wp:attachment":[{"href":"https:\/\/arantv.az\/index.php?rest_route=%2Fwp%2Fv2%2Fmedia&parent=187530"}],"wp:term":[{"taxonomy":"category","embeddable":true,"href":"https:\/\/arantv.az\/index.php?rest_route=%2Fwp%2Fv2%2Fcategories&post=187530"},{"taxonomy":"post_tag","embeddable":true,"href":"https:\/\/arantv.az\/index.php?rest_route=%2Fwp%2Fv2%2Ftags&post=187530"}],"curies":[{"name":"wp","href":"https:\/\/api.w.org\/{rel}","templated":true}]}}