{"id":18755,"date":"2018-10-13T14:01:52","date_gmt":"2018-10-13T11:01:52","guid":{"rendered":"http:\/\/arantv.az\/?p=18755"},"modified":"2018-10-13T14:01:52","modified_gmt":"2018-10-13T11:01:52","slug":"hikm%c9%99t-haciyev-erm%c9%99nistan-h%c9%99r-bir-v%c9%99chl%c9%99-dagliq-qarabagin-erm%c9%99ni-v%c9%99-az%c9%99rbaycanli-icmalari-arasinda-t%c9%99maslarin-yaradilmasina-mane-olur","status":"publish","type":"post","link":"https:\/\/arantv.az\/?p=18755","title":{"rendered":"Hikm\u0259t Hac\u0131yev: &#8220;Erm\u0259nistan h\u0259r bir v\u0259chl\u0259 Da\u011fl\u0131q Qaraba\u011f\u0131n erm\u0259ni v\u0259 az\u0259rbaycanl\u0131 icmalar\u0131 aras\u0131nda t\u0259maslar\u0131n yarad\u0131lmas\u0131na mane olur&#8221;"},"content":{"rendered":"<p><strong>&#8220;Erm\u0259nistan h\u0259r bir v\u0259chl\u0259 Da\u011fl\u0131q Qaraba\u011f\u0131n erm\u0259ni v\u0259 az\u0259rbaycanl\u0131 icmalar\u0131 aras\u0131nda t\u0259maslar\u0131n yarad\u0131lmas\u0131na mane olur&#8221;.<\/strong><\/p>\n<p><strong>ARANTV.AZ<\/strong> trend-\u0259 istinad\u0259n x\u0259b\u0259r verir ki, bunu jurnalistl\u0259r\u0259 Az\u0259rbaycan Prezidenti Administrasiyas\u0131 Xarici siyas\u0259t m\u0259s\u0259l\u0259l\u0259ri \u015f\u00f6b\u0259sinin m\u00fcdir m\u00fcavini Hikm\u0259t Hac\u0131yev deyib.<\/p>\n<p>H.Hac\u0131yev qeyd edib ki, Erm\u0259nistan r\u0259hb\u0259rliyi t\u0259r\u0259find\u0259n Erm\u0259nistan-Az\u0259rbaycan, Da\u011fl\u0131q Qaraba\u011f m\u00fcnaqi\u015f\u0259sinin \u0259sl mahiyy\u0259tini t\u0259hrif ed\u0259n m\u00fcxt\u0259lif a\u00e7\u0131qlamalar verilir, iddialar ir\u0259li s\u00fcr\u00fcl\u00fcr. Bunlar da reall\u0131qdan tamamil\u0259 k\u0259nard\u0131r, c\u0259f\u0259ngiyyatd\u0131r:<\/p>\n<p>&#8220;X\u00fcsusil\u0259 Erm\u0259nistan r\u0259hb\u0259rliyi t\u0259r\u0259find\u0259n m\u00fcnaqi\u015f\u0259y\u0259 insan h\u00fcquqlar\u0131 donu geyindirilm\u0259si c\u0259hdl\u0259ri v\u0259 yaxud Az\u0259rbaycan\u0131n guya Da\u011fl\u0131q Qaraba\u011fda \u0259hali olmadan, yaln\u0131z \u0259razil\u0259ri ist\u0259m\u0259si bar\u0259d\u0259 fikirl\u0259r d\u0259 tamamil\u0259 q\u0259buledilm\u0259zidir v\u0259 reall\u0131qdan tamamil\u0259 k\u0259nard\u0131r. \u018fslind\u0259 Erm\u0259nistan t\u0259r\u0259find\u0259n Az\u0259rbaycan\u0131n \u0259razil\u0259ri i\u015f\u011fal edilib v\u0259 Az\u0259rbaycana qar\u015f\u0131 h\u0259rbi t\u0259cav\u00fcz \u0259m\u0259ll\u0259ri h\u0259yata ke\u00e7irilib. Erm\u0259nistan\u0131n Az\u0259rbaycana qar\u015f\u0131 t\u0259cav\u00fcz siyas\u0259tinin t\u0259rkib hiss\u0259si olaraq \u00e7oxsayl\u0131 m\u00fcharib\u0259 cinay\u0259tl\u0259ri, insanl\u0131q \u0259leyhin\u0259 cinay\u0259t \u0259m\u0259ll\u0259ri t\u00f6r\u0259dilib ki, bunlar da b\u00fcyn\u0259lxalq humanitar h\u00fcququn kobud \u015f\u0259kild\u0259 pozulmas\u0131d\u0131r&#8221;.<\/p>\n<p>PA r\u0259smisi bildirib ki, bu g\u00fcn Erm\u0259nistan t\u0259r\u0259fi h\u0259tta Da\u011fl\u0131q Qaraba\u011f\u0131n az\u0259rbaycanl\u0131 icmas\u0131n\u0131n olmas\u0131 fakt\u0131n\u0131 inkar edir v\u0259 h\u0259r bir v\u0259chl\u0259 Az\u0259rbaycan\u0131n Da\u011fl\u0131q Qaraba\u011f b\u00f6lg\u0259sinin erm\u0259ni v\u0259 az\u0259rbaycanl\u0131 icmalar\u0131 aras\u0131nda t\u0259maslar\u0131n yarad\u0131lmas\u0131na mane olur, buna imkan vermir: &#8220;Erm\u0259nistan t\u0259r\u0259fin\u0259 xat\u0131rlatmaq ist\u0259rdik ki, insan h\u00fcquqlar\u0131na dair b\u00fct\u00fcn beyn\u0259lxalq s\u0259n\u0259dl\u0259rd\u0259 a\u00e7\u0131q v\u0259 birm\u0259nal\u0131 \u015f\u0259kild\u0259 t\u0259sbit olunub ki, insanlar\u0131n h\u00fcquqlar\u0131n\u0131n pozulmas\u0131 il\u0259 dig\u0259r h\u0259r hans\u0131 bir h\u00fcquqlar\u0131n h\u0259yata ke\u00e7irilm\u0259si tamamil\u0259 q\u0259buledilm\u0259zdir v\u0259 bu, d\u00fczg\u00fcn yana\u015fma deyil&#8221;.<\/p>\n","protected":false},"excerpt":{"rendered":"<p>&#8220;Erm\u0259nistan h\u0259r bir v\u0259chl\u0259 Da\u011fl\u0131q Qaraba\u011f\u0131n erm\u0259ni v\u0259 az\u0259rbaycanl\u0131 icmalar\u0131 aras\u0131nda t\u0259maslar\u0131n yarad\u0131lmas\u0131na mane olur&#8221;. ARANTV.AZ trend-\u0259 istinad\u0259n x\u0259b\u0259r verir ki, bunu jurnalistl\u0259r\u0259 Az\u0259rbaycan Prezidenti Administrasiyas\u0131 Xarici siyas\u0259t m\u0259s\u0259l\u0259l\u0259ri \u015f\u00f6b\u0259sinin m\u00fcdir m\u00fcavini Hikm\u0259t Hac\u0131yev deyib. H.Hac\u0131yev qeyd edib ki, Erm\u0259nistan r\u0259hb\u0259rliyi t\u0259r\u0259find\u0259n Erm\u0259nistan-Az\u0259rbaycan, Da\u011fl\u0131q Qaraba\u011f m\u00fcnaqi\u015f\u0259sinin \u0259sl mahiyy\u0259tini t\u0259hrif ed\u0259n m\u00fcxt\u0259lif a\u00e7\u0131qlamalar verilir, iddialar ir\u0259li s\u00fcr\u00fcl\u00fcr. Bunlar da reall\u0131qdan tamamil\u0259 k\u0259nard\u0131r, c\u0259f\u0259ngiyyatd\u0131r: &#8220;X\u00fcsusil\u0259 Erm\u0259nistan r\u0259hb\u0259rliyi t\u0259r\u0259find\u0259n m\u00fcnaqi\u015f\u0259y\u0259 insan h\u00fcquqlar\u0131 donu geyindirilm\u0259si c\u0259hdl\u0259ri v\u0259 yaxud Az\u0259rbaycan\u0131n guya Da\u011fl\u0131q Qaraba\u011fda \u0259hali olmadan, yaln\u0131z \u0259razil\u0259ri ist\u0259m\u0259si bar\u0259d\u0259 fikirl\u0259r d\u0259 tamamil\u0259 q\u0259buledilm\u0259zidir v\u0259 reall\u0131qdan&hellip;<\/p>\n","protected":false},"author":2,"featured_media":18756,"comment_status":"closed","ping_status":"closed","sticky":false,"template":"","format":"standard","meta":{"om_disable_all_campaigns":false,"_monsterinsights_skip_tracking":false,"_monsterinsights_sitenote_active":false,"_monsterinsights_sitenote_note":"","_monsterinsights_sitenote_category":0},"categories":[4],"tags":[],"aioseo_notices":[],"gutentor_comment":0,"rttpg_featured_image_url":{"full":["https:\/\/arantv.az\/wp-content\/uploads\/2018\/10\/694293.jpg",800,600,false],"landscape":["https:\/\/arantv.az\/wp-content\/uploads\/2018\/10\/694293.jpg",800,600,false],"portraits":["https:\/\/arantv.az\/wp-content\/uploads\/2018\/10\/694293.jpg",800,600,false],"thumbnail":["https:\/\/arantv.az\/wp-content\/uploads\/2018\/10\/694293-150x150.jpg",150,150,true],"medium":["https:\/\/arantv.az\/wp-content\/uploads\/2018\/10\/694293-300x225.jpg",300,225,true],"large":["https:\/\/arantv.az\/wp-content\/uploads\/2018\/10\/694293.jpg",640,480,false],"1536x1536":["https:\/\/arantv.az\/wp-content\/uploads\/2018\/10\/694293.jpg",800,600,false],"2048x2048":["https:\/\/arantv.az\/wp-content\/uploads\/2018\/10\/694293.jpg",800,600,false],"post-thumbnail":["https:\/\/arantv.az\/wp-content\/uploads\/2018\/10\/694293-240x172.jpg",240,172,true],"advps-thumb-one":["https:\/\/arantv.az\/wp-content\/uploads\/2018\/10\/694293.jpg",800,600,false]},"rttpg_author":{"display_name":"V\u00fcsal Rafiqo\u011flu","author_link":"https:\/\/arantv.az\/?author=2"},"rttpg_comment":0,"rttpg_category":"<a href=\"https:\/\/arantv.az\/?cat=4\" rel=\"category\">Siyas\u0259t<\/a>","rttpg_excerpt":"&#8220;Erm\u0259nistan h\u0259r bir v\u0259chl\u0259 Da\u011fl\u0131q Qaraba\u011f\u0131n erm\u0259ni v\u0259 az\u0259rbaycanl\u0131 icmalar\u0131 aras\u0131nda t\u0259maslar\u0131n yarad\u0131lmas\u0131na mane olur&#8221;. ARANTV.AZ trend-\u0259 istinad\u0259n x\u0259b\u0259r verir ki, bunu jurnalistl\u0259r\u0259 Az\u0259rbaycan Prezidenti Administrasiyas\u0131 Xarici siyas\u0259t m\u0259s\u0259l\u0259l\u0259ri \u015f\u00f6b\u0259sinin m\u00fcdir m\u00fcavini Hikm\u0259t Hac\u0131yev deyib. H.Hac\u0131yev qeyd edib ki, Erm\u0259nistan r\u0259hb\u0259rliyi t\u0259r\u0259find\u0259n Erm\u0259nistan-Az\u0259rbaycan, Da\u011fl\u0131q Qaraba\u011f m\u00fcnaqi\u015f\u0259sinin \u0259sl mahiyy\u0259tini t\u0259hrif ed\u0259n m\u00fcxt\u0259lif a\u00e7\u0131qlamalar verilir, iddialar ir\u0259li&hellip;","_links":{"self":[{"href":"https:\/\/arantv.az\/index.php?rest_route=\/wp\/v2\/posts\/18755"}],"collection":[{"href":"https:\/\/arantv.az\/index.php?rest_route=\/wp\/v2\/posts"}],"about":[{"href":"https:\/\/arantv.az\/index.php?rest_route=\/wp\/v2\/types\/post"}],"author":[{"embeddable":true,"href":"https:\/\/arantv.az\/index.php?rest_route=\/wp\/v2\/users\/2"}],"replies":[{"embeddable":true,"href":"https:\/\/arantv.az\/index.php?rest_route=%2Fwp%2Fv2%2Fcomments&post=18755"}],"version-history":[{"count":0,"href":"https:\/\/arantv.az\/index.php?rest_route=\/wp\/v2\/posts\/18755\/revisions"}],"wp:featuredmedia":[{"embeddable":true,"href":"https:\/\/arantv.az\/index.php?rest_route=\/wp\/v2\/media\/18756"}],"wp:attachment":[{"href":"https:\/\/arantv.az\/index.php?rest_route=%2Fwp%2Fv2%2Fmedia&parent=18755"}],"wp:term":[{"taxonomy":"category","embeddable":true,"href":"https:\/\/arantv.az\/index.php?rest_route=%2Fwp%2Fv2%2Fcategories&post=18755"},{"taxonomy":"post_tag","embeddable":true,"href":"https:\/\/arantv.az\/index.php?rest_route=%2Fwp%2Fv2%2Ftags&post=18755"}],"curies":[{"name":"wp","href":"https:\/\/api.w.org\/{rel}","templated":true}]}}