{"id":18780,"date":"2018-10-13T14:44:52","date_gmt":"2018-10-13T11:44:52","guid":{"rendered":"http:\/\/arantv.az\/?p=18780"},"modified":"2018-10-13T14:44:52","modified_gmt":"2018-10-13T11:44:52","slug":"siyavus-novruzov-prezident-ilham-%c9%99liyevin-r%c9%99hb%c9%99rliyi-altinda-az%c9%99rbaycani-qarsida-daha-parlaq-g%c9%99l%c9%99c%c9%99k-gozl%c9%99yir","status":"publish","type":"post","link":"https:\/\/arantv.az\/?p=18780","title":{"rendered":"Siyavu\u015f Novruzov: &#8220;Prezident \u0130lham \u018fliyevin r\u0259hb\u0259rliyi alt\u0131nda Az\u0259rbaycan\u0131 qar\u015f\u0131da daha parlaq g\u0259l\u0259c\u0259k g\u00f6zl\u0259yir&#8221;"},"content":{"rendered":"<p>&#8220;Prezident \u0130lham \u018fliyevin r\u0259hb\u0259rliyi alt\u0131nda Az\u0259rbaycan\u0131 qar\u015f\u0131da daha parlaq g\u0259l\u0259c\u0259k g\u00f6zl\u0259yir&#8221;.<\/p>\n<p><strong>ARANTV.AZ\u00a0<\/strong> x\u0259b\u0259r verir ki, bunu trend-\u0259 Yeni Az\u0259rbaycan Partiyas\u0131 (YAP) icra katibinin m\u00fcavini, Milli M\u0259clisin \u0130ctimai birlikl\u0259r v\u0259 dini qurumlar komit\u0259sinin s\u0259dri Siyavu\u015f Novruzov deyib.<\/p>\n<p>S.Novruzov qeyd edib ki, Az\u0259rbaycan\u0131n yeni tarixind\u0259 m\u00fch\u00fcm hadis\u0259l\u0259rd\u0259n biri Heyd\u0259r \u018fliyev m\u0259kt\u0259binin \u0259n istedadl\u0131 yetirm\u0259si, g\u00f6rk\u0259mli d\u00f6vl\u0259t xadimi c\u0259nab \u0130lham \u018fliyevin 2003-c\u00fc ild\u0259 Az\u0259rbaycan Respublikas\u0131n\u0131n Prezidenti se\u00e7ilm\u0259sidir. H\u0259min vaxtdan 15 il ke\u00e7ir v\u0259 Prezident \u0130lham \u018fliyev yeni \u0259srin yeni lideri olaraq Az\u0259rbaycan\u0131 inamla ir\u0259li apar\u0131r. Onun hakimiyy\u0259t ill\u0259ri \u00f6lk\u0259nin dinamik inki\u015faf\u0131, s\u00fcr\u0259tl\u0259 modernl\u0259\u015fm\u0259si, d\u00fcnyada n\u00fcfuz v\u0259 s\u00f6z sahibin\u0259 \u00e7evrilm\u0259si il\u0259 s\u0259ciyy\u0259vidir:<\/p>\n<p>&#8220;Prezident \u0130lham \u018fliyev d\u00fc\u015f\u00fcn\u00fclm\u00fc\u015f islahatlar\u0131 v\u0259 m\u00fcdrik q\u0259rarlar\u0131 il\u0259 h\u0259yat\u0131m\u0131za yeni dinamika g\u0259tirib, Az\u0259rbaycan\u0131 d\u00fcnyan\u0131n inki\u015faf ed\u0259n \u00f6lk\u0259l\u0259ri s\u0131ras\u0131na \u00e7\u0131xar\u0131b. \u00c7\u00fcnki onun siyas\u0259tinin m\u0259rk\u0259zind\u0259 insan amili dayan\u0131r, amal\u0131 qurub-yaratmaq, xalq\u0131n\u0131 daha xo\u015f g\u00fcn\u0259, daha firavan h\u0259yata qovu\u015fdurmaqd\u0131r. Xalqa xidm\u0259t etm\u0259k, h\u0259r bir az\u0259rbaycanl\u0131n\u0131n Prezidenti olmaq onun h\u0259yat f\u0259ls\u0259f\u0259sidir.<\/p>\n<p>T\u0259sad\u00fcfi deyil ki, \u00f6t\u0259n d\u00f6vr \u0259rzind\u0259 m\u0259hz d\u00f6vl\u0259t ba\u015f\u00e7\u0131m\u0131z\u0131n d\u00fc\u015f\u00fcn\u00fclm\u00fc\u015f v\u0259 uzaqg\u00f6r\u0259n siyas\u0259ti n\u0259tic\u0259sind\u0259 \u00f6lk\u0259 iqtisadiyyat\u0131 s\u00fcr\u0259tli v\u0259 dinamik inki\u015faf d\u00f6vr\u00fcn\u0259 q\u0259d\u0259m qoydu. Yax\u015f\u0131 xat\u0131rlay\u0131r\u0131q ki, \u0130lham \u018fliyev ilk d\u0259f\u0259 prezident se\u00e7il\u0259nd\u0259 \u00f6lk\u0259d\u0259 600 min yeni i\u015f yerinin yarad\u0131laca\u011f\u0131n\u0131 v\u0259d etmi\u015fdi. Onda bu r\u0259q\u0259m b\u0259zil\u0259rin\u0259 x\u0259yal kimi g\u00f6r\u00fcn\u00fcrd\u00fc. \u0130ll\u0259r ke\u00e7di x\u0259yal hesab edil\u0259nl\u0259r reall\u0131\u011fa \u00e7evrildi. \u00d6t\u0259n 15 ild\u0259 Az\u0259rbaycanda 1 milyon 900 mind\u0259n \u00e7ox yeni i\u015f yeri yarad\u0131ld\u0131. Bu v\u0259 dig\u0259r add\u0131mlar\u0131n n\u0259tic\u0259si olaraq yoxsulluq 50 faizd\u0259n 5 faiz\u0259 d\u00fc\u015fd\u00fc. D\u00fcnyada \u0259n s\u00fcr\u0259tli templ\u0259rl\u0259 inki\u015faf ed\u0259n Az\u0259rbaycan\u0131n iqtisadiyyat\u0131 3,2 d\u0259f\u0259, s\u0259naye istehsal\u0131 2,6 d\u0259f\u0259, k\u0259nd t\u0259s\u0259rr\u00fcfat\u0131 1,7 d\u0259f\u0259 artd\u0131. \u00d6lk\u0259 iqtisadiyyat\u0131na 250 milyard dollar investisiya qoyuldu. Kosmik \u00f6lk\u0259y\u0259 \u00e7evril\u0259n Az\u0259rbaycan 2018-ci ild\u0259 art\u0131q \u00fc\u00e7\u00fcnc\u00fc s\u00fcni peykini orbit\u0259 buraxd\u0131&#8221;.<\/p>\n<p>Mill\u0259t v\u0259kili bildirib ki, \u00f6t\u0259n m\u00fcdd\u0259td\u0259 aqrar-s\u0259naye kompleksind\u0259 islahatlar geni\u015fl\u0259ndi, \u00f6lk\u0259d\u0259 g\u00fccl\u00fc sahibkarlar sinfi formala\u015fd\u0131. Bu g\u00fcn \u00f6lk\u0259 iqtisadiyyat\u0131n\u0131n diversifikasiyas\u0131 u\u011furla davam edir. D\u00f6vl\u0259t x\u0259tti il\u0259 sahibkarl\u0131q subyektl\u0259rinin investisiya layih\u0259l\u0259rinin maliyy\u0259l\u0259\u015fdirilm\u0259sin\u0259 milyonlarla manat g\u00fcz\u0259\u015ftli kreditl\u0259r ayr\u0131l\u0131r. Aqrar sektor geni\u015f inki\u015faf yoluna \u00e7\u0131x\u0131b v\u0259 Az\u0259rbaycan indi \u00f6z\u00fcn\u00fcn \u0259rzaq t\u0259hl\u00fck\u0259sizliyini t\u0259min ed\u0259n nadir \u00f6lk\u0259l\u0259rd\u0259n biridir:<\/p>\n<p>&#8220;C\u0259nab \u0130lham \u018fliyevin islahatlar\u0131n\u0131n \u0259sas h\u0259r\u0259k\u0259tverici q\u00fcvv\u0259si \u015f\u0259ffafl\u0131q prinsipin\u0259 s\u0259daq\u0259tdir. &#8220;\u015e\u0259ffafl\u0131q h\u0259r bir \u00f6lk\u0259nin g\u0259l\u0259c\u0259yini m\u00fc\u0259yy\u0259n ed\u0259n m\u0259s\u0259l\u0259dir. \u00c7\u00fcnki \u015f\u0259ffafl\u0131q olmadan biz he\u00e7 bir islahat\u0131 apara bilm\u0259rik v\u0259 n\u0259 iqtisadi, n\u0259 siyasi c\u0259h\u0259td\u0259n \u00f6lk\u0259 s\u00fcr\u0259tl\u0259 inki\u015faf ed\u0259 bilm\u0259z&#8221;, &#8211; dey\u0259n Prezident \u0130lham \u018fliyev d\u00f6vl\u0259t strukturlar\u0131n\u0131n f\u0259aliyy\u0259tinin t\u0259kmill\u0259\u015fdirilm\u0259si v\u0259 \u015f\u0259ffafl\u0131\u011f\u0131n art\u0131r\u0131lmas\u0131, v\u0259t\u0259nda\u015flarla d\u00f6vl\u0259t strukturlar\u0131 aras\u0131nda b\u00fcrokratik mane\u0259l\u0259rin aradan qald\u0131r\u0131lmas\u0131 \u00fc\u00e7\u00fcn apar\u0131lan islahatlar \u00e7\u0259r\u00e7iv\u0259sind\u0259 innovativ add\u0131m atd\u0131 &#8211; Prezident yan\u0131nda V\u0259t\u0259nda\u015flara Xidm\u0259t v\u0259 Sosial \u0130nnovasiyalar \u00fczr\u0259 D\u00f6vl\u0259t Agentliyini (ASAN xidm\u0259t) yaratd\u0131.<\/p>\n<p>Prezidentin t\u0259\u015f\u0259bb\u00fcs\u00fc il\u0259 &#8220;ASAN xidm\u0259t&#8221; m\u0259rk\u0259zl\u0259ri yarad\u0131ld\u0131, bununla da d\u00f6vl\u0259t orqanlar\u0131n\u0131n f\u0259aliyy\u0259tind\u0259 \u015f\u0259ffafl\u0131\u011f\u0131n art\u0131r\u0131lmas\u0131, v\u0259t\u0259nda\u015flara g\u00f6st\u0259ril\u0259n xidm\u0259tl\u0259rin t\u0259kmill\u0259\u015fdirilm\u0259si, daha keyfiyy\u0259tli, rahat, yeni \u00fcslubda v\u0259 m\u00fcasir innovasiyalar\u0131 t\u0259tbiq etm\u0259kl\u0259 h\u0259yata ke\u00e7iril\u0259n elektron xidm\u0259tl\u0259r\u0259 ke\u00e7idin s\u00fcr\u0259tl\u0259ndirilm\u0259si t\u0259min olundu. T\u0259sad\u00fcfi deyil ki, Az\u0259rbaycan brendi olan &#8220;ASAN xidm\u0259t&#8221; d\u00fcnyada b\u00f6y\u00fck maraq do\u011furub v\u0259 bu t\u0259cr\u00fcb\u0259 bir s\u0131ra \u00f6lk\u0259l\u0259r t\u0259r\u0259find\u0259n \u00f6yr\u0259nilir. Habel\u0259, haz\u0131rda v\u0259t\u0259nda\u015flar\u0131n x\u0131rda sahibkarl\u0131q t\u0259\u015f\u0259bb\u00fcsl\u0259rini d\u0259st\u0259kl\u0259y\u0259n ABAD xidm\u0259ti d\u0259 bir s\u0131ra b\u00f6lg\u0259l\u0259rimizd\u0259 u\u011furla f\u0259aliyy\u0259t g\u00f6st\u0259rm\u0259kd\u0259dir&#8221;.<\/p>\n<p>YAP icra katibinin m\u00fcavini vur\u011fulay\u0131b ki, Prezident \u0130lham \u018fliyevin \u00f6lk\u0259mizin m\u00fcst\u0259qillik dayaqlar\u0131n\u0131 m\u00f6hk\u0259ml\u0259ndirm\u0259kl\u0259 ba\u011fl\u0131 f\u0259aliyy\u0259ti daha \u00e7ox xarici siyas\u0259td\u0259 \u00f6z\u00fcn\u00fc g\u00f6st\u0259rdi: &#8220;Xarici siyas\u0259t kursunda tarazla\u015fd\u0131r\u0131lm\u0131\u015f konsepsiyaya \u00fcst\u00fcnl\u00fck ver\u0259n \u0130lham \u018fliyevin r\u0259hb\u0259rliyi il\u0259 Az\u0259rbaycan\u0131n beyn\u0259lxalq n\u00fcfuzu daha da artd\u0131. \u00d6lk\u0259mizin dostlar\u0131n\u0131n say\u0131 \u00e7oxald\u0131, biziml\u0259 m\u00fctt\u0259fiqlik etm\u0259k ist\u0259y\u0259n \u00f6lk\u0259l\u0259rin s\u0131ras\u0131na yenil\u0259ri \u0259lav\u0259 olundu. Az\u0259rbaycan d\u00fcnyada etibarl\u0131 t\u0259r\u0259fda\u015f kimi tan\u0131nd\u0131 v\u0259 q\u0259bul edildi. Bunu s\u00fcbut ed\u0259n \u0259n b\u00f6y\u00fck amill\u0259rd\u0259n biri Az\u0259rbaycan\u0131n BMT T\u0259hl\u00fck\u0259sizlik \u015euras\u0131n\u0131n \u00fczv\u00fc se\u00e7ilm\u0259si oldu. M\u00fcst\u0259qillik tariximizin \u0259n b\u00f6y\u00fck nailiyy\u0259ti olan bu hadis\u0259 Az\u0259rbaycanda y\u00fcr\u00fcd\u00fcl\u0259n siyas\u0259t\u0259 v\u0259 beyn\u0259lxalq birliyin Prezident \u0130lham \u018fliyevin f\u0259aliyy\u0259tin\u0259 verdiyi \u00f6n\u0259min, Az\u0259rbaycana olan inam v\u0259 etimad\u0131n t\u0259zah\u00fcr\u00fcd\u00fcr. \u00d6lk\u0259miz n\u0259tic\u0259 etibaril\u0259 b\u00fct\u00fcn regional m\u0259s\u0259l\u0259l\u0259rd\u0259 \u0259sas oyun\u00e7uya \u00e7evrilib.<\/p>\n<p>M\u0259hz d\u00f6vl\u0259t ba\u015f\u00e7\u0131m\u0131z\u0131n m\u00fc\u0259yy\u0259nl\u0259\u015fdirdiyi h\u00fccum diplomatiyas\u0131 n\u0259tic\u0259sind\u0259 erm\u0259ni t\u0259bli\u011fat\u0131 v\u0259 erm\u0259ni lobbisinin yaratd\u0131\u011f\u0131 mif darmada\u011f\u0131n edildi. Beyn\u0259lxalq t\u0259\u015fkilatlar\u0131n diqq\u0259ti bu problem\u0259 y\u00f6n\u0259ldi, Da\u011fl\u0131q Qaraba\u011f probleminin mahiyy\u0259ti, Az\u0259rbaycan haqq\u0131nda h\u0259qiq\u0259tl\u0259r b\u00fct\u00fcn d\u00fcnyaya yay\u0131ld\u0131 v\u0259 beyn\u0259lxalq ictimai r\u0259y Az\u0259rbaycan\u0131n xeyrin\u0259 d\u0259yi\u015fdi. D\u00fcnya birliyi Xocal\u0131 soyq\u0131r\u0131m\u0131n\u0131 tan\u0131ma\u011fa v\u0259 pisl\u0259m\u0259y\u0259 ba\u015flad\u0131&#8221;.<\/p>\n<p>Milli M\u0259clisin komit\u0259 s\u0259dri deyib ki, Prezident \u0130lham \u018fliyevin r\u0259hb\u0259rliyi alt\u0131nda Az\u0259rbaycan \u00f6z t\u0259\u015f\u0259bb\u00fcsl\u0259ri v\u0259 layih\u0259l\u0259ri il\u0259 Avropan\u0131n enerji x\u0259rit\u0259sini d\u0259yi\u015fdi: &#8220;Prezident \u0130lham \u018fliyevin \u0259sas\u0131 ulu \u00f6nd\u0259r Heyd\u0259r \u018fliyev t\u0259r\u0259find\u0259n qoyulmu\u015f enerji siyas\u0259tini u\u011furla davam etdirm\u0259si n\u0259tic\u0259sind\u0259 Az\u0259rbaycan bu sah\u0259d\u0259 \u0259sas oyun\u00e7ulardan birin\u0259 \u00e7evrilib. D\u00f6vl\u0259timizin ba\u015f\u00e7\u0131s\u0131n\u0131n enerji siyas\u0259ti il\u0259 ba\u011fl\u0131 t\u0259\u015f\u0259bb\u00fcsl\u0259ri v\u0259 realla\u015fan layih\u0259l\u0259r regional \u00e7\u0259r\u00e7iv\u0259l\u0259rd\u0259n \u00e7\u0131xaraq qlobal miqyas al\u0131b. Bir q\u0259d\u0259r geri qay\u0131d\u0131b tarix\u0259 n\u0259z\u0259r salmaq laz\u0131m g\u0259lir. 2006-c\u0131 ild\u0259 Bak\u0131-Tbilisi-Ceyhan neft k\u0259m\u0259rinin tikintisi ba\u015fa \u00e7atd\u0131r\u0131ld\u0131. Bununla da &#8220;\u018fsrin m\u00fcqavil\u0259si&#8221;nd\u0259n sonra Az\u0259rbaycana k\u00fclli miqdarda investisiya ax\u0131n\u0131 ba\u015flad\u0131.<\/p>\n<p>Bu g\u00fcn Az\u0259rbaycan Avropan\u0131n enerji t\u0259hl\u00fck\u0259sizliyinin t\u0259minind\u0259 m\u00fch\u00fcm rola malikdir: Az\u0259rbaycanla T\u00fcrkiy\u0259 aras\u0131nda d\u00fcnyan\u0131n \u0259n b\u00f6y\u00fck enerji layih\u0259l\u0259rind\u0259n olan TANAP layih\u0259sinin icras\u0131na ba\u015flan\u0131ld\u0131. D\u00f6rd il \u0259vv\u0259l Az\u0259rbaycan\u0131n yeni tarixin\u0259 v\u0259 enerji siyas\u0259tin\u0259 q\u0131z\u0131l h\u0259rfl\u0259rl\u0259 yaz\u0131lan ba\u015fqa bir m\u00f6ht\u0259\u015f\u0259m hadis\u0259 ba\u015f verdi &#8211; XXI \u0259srin qlobal enerji layih\u0259si adland\u0131r\u0131lan &#8220;C\u0259nub Qaz D\u0259hlizi&#8221;nin t\u0259m\u0259li qoyuldu. Bu il &#8220;\u018fsrin m\u00fcqavil\u0259si&#8221; daha 50 il m\u00fcdd\u0259tin\u0259 uzad\u0131ld\u0131&#8221;.<\/p>\n<p>S.Novruzov \u0259lav\u0259 edib ki, Az\u0259rbaycan\u0131n t\u0259\u015f\u0259bb\u00fcs\u00fc il\u0259 daha bir qlobal layih\u0259 realla\u015fd\u0131 &#8211; Bak\u0131-Tbilisi-Qars d\u0259mir yolu istifad\u0259y\u0259 verildi: &#8220;\u0130ndi Asiya v\u0259 Avropan\u0131 birl\u0259\u015fdir\u0259n bu n\u0259qliyyat d\u0259hlizi sad\u0259c\u0259 \u00f6lk\u0259miz \u00fc\u00e7\u00fcn deyil, regionun v\u0259 b\u00fct\u00f6vl\u00fckd\u0259 Avrasiya geosiyasi v\u0259 geoiqtisadi m\u0259kan\u0131nda h\u0259rt\u0259r\u0259fli \u0259laq\u0259l\u0259rin inki\u015faf\u0131 bax\u0131m\u0131ndan geni\u015f perspektivl\u0259r v\u0259d edir.<\/p>\n<p>Bu g\u00fcn q\u00fcrur hissi il\u0259 dey\u0259 bil\u0259rik ki, c\u0259nab \u0130lham \u018fliyevin h\u0259rt\u0259r\u0259fli inki\u015faf strategiyas\u0131 regionlar\u0131n simas\u0131n\u0131 tan\u0131nmaz d\u0259r\u0259c\u0259d\u0259 d\u0259yi\u015fdirib. Regionlar\u0131n sosial-iqtisadi inki\u015faf\u0131 il\u0259 ba\u011fl\u0131 q\u0259bul olunan d\u00f6vl\u0259t proqramlar\u0131 \u015f\u0259h\u0259rl\u0259 k\u0259nd aras\u0131nda f\u0259rqi aradan qald\u0131rd\u0131. Bu g\u00fcn Az\u0259rbaycan\u0131n regionlar\u0131 b\u00fct\u00fcn z\u0259ruri infrastrukturla t\u0259min olunub v\u0259 Avropan\u0131n \u015f\u0259h\u0259r v\u0259 k\u0259ndl\u0259rind\u0259n he\u00e7 d\u0259 geri qalm\u0131r. Vaxtil\u0259 b\u00f6lg\u0259l\u0259rimizd\u0259 olan bir \u00e7ox probleml\u0259r \u00f6z h\u0259llini tapd\u0131. Prezidentin tap\u015f\u0131r\u0131\u011f\u0131na \u0259sas\u0259n Az\u0259rbaycan ba\u015fdan-ba\u015fa qazla\u015fd\u0131r\u0131l\u0131r. Art\u0131q \u00f6lk\u0259 \u0259halisinin t\u0259xmin\u0259n 95 faiz\u0259 yax\u0131n\u0131 t\u0259bii qazdan istifad\u0259 edir. K\u0259ndl\u0259r\u0259 i\u00e7m\u0259li su x\u0259tl\u0259ri \u00e7\u0259kilir, yeni yollar sal\u0131n\u0131r v\u0259 ya \u0259sasl\u0131 t\u0259mir olunur. D\u00f6vl\u0259timizin ba\u015f\u00e7\u0131s\u0131n\u0131n regionlara s\u0259f\u0259rl\u0259ri, ictimaiyy\u0259tl\u0259 g\u00f6r\u00fc\u015fl\u0259ri \u0259n\u0259n\u0259vi xarakter al\u0131b. \u0130lham \u018fliyev yerl\u0259rd\u0259 in\u015fa olunan m\u00fcasir ictimai-sosial obyektl\u0259rin, istehsal m\u00fc\u0259ssis\u0259l\u0259rinin a\u00e7\u0131l\u0131\u015f\u0131nda \u015f\u0259xs\u0259n i\u015ftirak edir&#8221;.<\/p>\n<p>O vur\u011fulay\u0131b ki, Prezidentin \u00e7ox b\u00f6y\u00fck r\u0259\u011fb\u0259tl\u0259 qar\u015f\u0131lanan t\u0259\u015f\u0259bb\u00fcsl\u0259rind\u0259n biri d\u0259 m\u0259rk\u0259zi icra hakimiyy\u0259ti orqanlar\u0131n\u0131n r\u0259hb\u0259rl\u0259rinin b\u00f6lg\u0259l\u0259rd\u0259 ke\u00e7irdikl\u0259ri q\u0259bullard\u0131r. Nazirl\u0259r, komit\u0259 s\u0259dl\u0259ri v\u0259 dig\u0259r d\u00f6vl\u0259t strukturlar\u0131n\u0131n r\u0259hb\u0259rl\u0259ri yerl\u0259rd\u0259 \u0259hali il\u0259 g\u00f6r\u00fc\u015f\u00fcr, sakinl\u0259rin m\u00fcraci\u0259t v\u0259 t\u0259klifl\u0259rini dinl\u0259yirl\u0259r:<\/p>\n<p>&#8220;M\u00fcharib\u0259 \u015f\u0259raitind\u0259 ya\u015fayan, torpaqlar\u0131 i\u015f\u011fal alt\u0131nda olan \u00f6lk\u0259 \u00fc\u00e7\u00fcn ordu quruculu\u011fu h\u0259yati \u0259h\u0259miyy\u0259t\u0259 malik m\u0259s\u0259l\u0259l\u0259rd\u0259n biridir. Bunu n\u0259z\u0259r\u0259 alan Prezident, Ali Ba\u015f Komandan \u0130lham \u018fliyev hakimiyy\u0259tinin ilk ill\u0259rind\u0259n m\u00fcasir silahlarla t\u0259chiz olunan, y\u00fcks\u0259k d\u00f6y\u00fc\u015f qabiliyy\u0259tin\u0259 malik ordu yarad\u0131lmas\u0131 istiqam\u0259tind\u0259 davaml\u0131 v\u0259 q\u0259tiyy\u0259tli i\u015f apar\u0131r. Bu g\u00fcn Az\u0259rbaycanda d\u00fcnya miqyas\u0131nda \u0259n g\u00fccl\u00fc ordulardan biri formala\u015f\u0131b v\u0259 bu ordu i\u015f\u011fal alt\u0131ndak\u0131 torpaqlar\u0131m\u0131z\u0131 d\u00fc\u015fm\u0259nd\u0259n azad etm\u0259y\u0259 qadirdir&#8221;.<\/p>\n<p>Deputat qeyd edib ki, Az\u0259rbaycan Ordusu \u00f6z g\u00fcc\u00fcn\u00fc v\u0259 d\u00f6y\u00fc\u015f qabiliyy\u0259tini 2016-c\u0131 ilin aprelind\u0259 h\u0259m d\u00fc\u015fm\u0259n\u0259, h\u0259m d\u0259 d\u00fcnyaya n\u00fcmayi\u015f etdirdi: &#8220;Az\u0259rbaycan tarixin\u0259 z\u0259f\u0259r s\u0259hif\u0259l\u0259rind\u0259n biri kimi daxil olmu\u015f aprel d\u00f6y\u00fc\u015fl\u0259rind\u0259 q\u0259hr\u0259man ordumuz Erm\u0259nistan\u0131n t\u0259xribat\u0131na cavab olaraq ke\u00e7irdiyi \u0259ks-h\u00fccum \u0259m\u0259liyyat\u0131 n\u0259tic\u0259sind\u0259 F\u00fczuli, C\u0259bray\u0131l v\u0259 A\u011fd\u0259r\u0259 rayonlar\u0131n\u0131n \u0259razil\u0259rinin bir qismini, habel\u0259, daha sonrak\u0131 m\u0259rh\u0259l\u0259d\u0259 Nax\u00e7\u0131van\u0131n G\u00fcnn\u00fct k\u0259ndi \u0259traf\u0131ndak\u0131 y\u00fcks\u0259klikl\u0259ri v\u0259 \u00fcmumilikd\u0259 minl\u0259rl\u0259 hektardan \u00e7ox torpa\u011f\u0131 i\u015f\u011fal\u00e7\u0131lardan t\u0259mizl\u0259y\u0259r\u0259k b\u00f6y\u00fck bir \u0259raziy\u0259 n\u0259zar\u0259ti \u0259l\u0259 ald\u0131. Bu d\u00f6y\u00fc\u015fl\u0259rin \u0259n m\u00fch\u00fcm yekunu L\u0259l\u0259t\u0259p\u0259 y\u00fcks\u0259kliyinin azad olunmas\u0131 v\u0259 bununla da Cocuq M\u0259rcanl\u0131 t\u0259hl\u00fck\u0259sizliyinin t\u0259min edilm\u0259si oldu. Prezidentin S\u0259r\u0259ncam\u0131na \u0259sas\u0259n Cocuq M\u0259rcanl\u0131da q\u0131sa m\u00fcdd\u0259td\u0259 yeni q\u0259s\u0259b\u0259 sal\u0131nd\u0131 v\u0259 ilk m\u0259rh\u0259l\u0259d\u0259 oraya 60 ail\u0259 k\u00f6\u00e7\u00fcr\u00fcld\u00fc. Bu hadis\u0259 &#8220;B\u00f6y\u00fck qay\u0131d\u0131\u015f&#8221;\u0131n ba\u015flan\u011f\u0131c\u0131 kimi qiym\u0259tl\u0259ndirilir.<\/p>\n<p>Daha bir sevindirici fakt ondan ibar\u0259tdir ki, \u00f6lk\u0259miz vaxtil\u0259 b\u00fct\u00fcn silahlar\u0131 xaricd\u0259n al\u0131rd\u0131sa, indi Az\u0259rbaycan \u00f6z\u00fc m\u00fcasir silah v\u0259 texnika istehsal edir. Bel\u0259 ki, Az\u0259rbaycan M\u00fcdafi\u0259 S\u0259nayesi Nazirliyinin yarad\u0131lmas\u0131 bu istiqam\u0259td\u0259 at\u0131lm\u0131\u015f \u0259n \u00f6n\u0259mli add\u0131mlardan biri kimi d\u0259y\u0259rl\u0259ndirilm\u0259lidir&#8221;.<\/p>\n<p>YAP icra katibinin m\u00fcavini bildirib ki, Prezident \u0130lham \u018fliyev hakimiyy\u0259t\u0259 g\u0259ldiyi g\u00fcnd\u0259n onun siyas\u0259tinin m\u0259rk\u0259zind\u0259 Az\u0259rbaycan v\u0259t\u0259nda\u015f\u0131 dayan\u0131r: &#8220;\u018fhalinin rifah\u0131n\u0131n yax\u015f\u0131la\u015fd\u0131r\u0131lmas\u0131, sosial probleml\u0259rin h\u0259lli, insanlar\u0131n m\u00fcasir t\u0259hsil v\u0259 s\u0259hiyy\u0259 xidm\u0259tl\u0259ri il\u0259 t\u0259min olunmas\u0131 istiqam\u0259tind\u0259 ard\u0131c\u0131l add\u0131mlar at\u0131l\u0131r. Son 15 ild\u0259 \u00f6lk\u0259d\u0259 minl\u0259rl\u0259 m\u0259kt\u0259b binas\u0131 tikilib v\u0259 ya yenid\u0259n qurulub, geni\u015f bazaya malik t\u0259hsil infrastrukturu yarad\u0131l\u0131b, d\u00f6rd mind\u0259n \u00e7ox m\u0259kt\u0259b komp\u00fcter avadanl\u0131\u011f\u0131 il\u0259 t\u0259min edilib. \u00d6lk\u0259d\u0259 s\u0259hiyy\u0259 islahatlar\u0131 da u\u011furla realla\u015f\u0131r. Bu g\u00fcn t\u0259kc\u0259 paytaxtda deyil, b\u00f6lg\u0259l\u0259rd\u0259 d\u0259 m\u00fcasir v\u0259 \u0259n qabaqc\u0131l tibb avadanl\u0131\u011f\u0131 il\u0259 t\u0259chiz olunmu\u015f m\u00fcalic\u0259-diaqnostika m\u0259rk\u0259zl\u0259ri, x\u0259st\u0259xanalar tikilib, m\u00f6vcud s\u0259hiyy\u0259 ocaqlar\u0131 \u0259sasl\u0131 \u015f\u0259kild\u0259 yenid\u0259n qurulub, b\u00f6lg\u0259 sakinl\u0259ri birba\u015fa yerl\u0259rd\u0259 m\u00fcalic\u0259 olunmaq imkan\u0131 qazan\u0131b.<\/p>\n<p>Vaxtil\u0259 Ulu \u00f6nd\u0259r Heyd\u0259r \u018fliyev deyirdi ki, he\u00e7 bir f\u0259aliyy\u0259t \u00f6lk\u0259ni d\u00fcnyada idman q\u0259d\u0259r tan\u0131da bilm\u0259z. Bu ideyan\u0131 r\u0259hb\u0259r tutan Prezident \u0130lham \u018fliyev \u00f6t\u0259n m\u00fcdd\u0259td\u0259 Az\u0259rbaycan\u0131 idman \u00f6lk\u0259sin\u0259 \u00e7evirdi. Bu m\u0259qs\u0259d\u0259 \u00e7atmaq \u00fc\u00e7\u00fcn b\u00fct\u00fcn \u00f6lk\u0259 \u0259razisind\u0259 Olimpiya m\u0259rk\u0259zl\u0259ri, m\u00fcasir idman infrastrukturu yarad\u0131ld\u0131, idman\u00e7\u0131lara diqq\u0259t v\u0259 qay\u011f\u0131 art\u0131r\u0131ld\u0131. Az\u0259rbaycanda Olimpiya h\u0259r\u0259kat\u0131 g\u00f6r\u00fcnm\u0259mi\u015f v\u00fcs\u0259t ald\u0131 v\u0259 ilk Avropa Oyunlar\u0131n\u0131n ke\u00e7irilm\u0259si Az\u0259rbaycana h\u0259val\u0259 olundu. Az\u0259rbaycan 42-ci D\u00fcnya \u015eahmat Olimpiadas\u0131na, qad\u0131nlar aras\u0131nda voleybol \u00fczr\u0259 Avropa \u00e7empionat\u0131na, IV \u0130slam H\u0259mr\u0259yliyi Oyunlar\u0131na, c\u00fcdo \u00fczr\u0259 d\u00fcnya \u00e7empionat\u0131na v\u0259 s. ev sahibliyi etdi. Bak\u0131da \u00fc\u00e7 ildir ke\u00e7iril\u0259n d\u00fcnyan\u0131n \u0259n n\u00fcfuzlu idman yar\u0131\u015flar\u0131ndan biri &#8211; Formula-1 Avropa Qran-Prisi il\u0259 Az\u0259rbaycan b\u00fct\u00fcn d\u00fcnyan\u0131n diqq\u0259t m\u0259rk\u0259zind\u0259 oldu. Az\u0259rbaycan Rio Yay Olimpiya Oyunlar\u0131nda b\u00f6y\u00fck z\u0259f\u0259r\u0259 imza atd\u0131. Tarixd\u0259 ilk d\u0259f\u0259 hesab\u0131na 18 medal yazan milli komandam\u0131z medal say\u0131na g\u00f6r\u0259 d\u00fcnyada 14-c\u00fc, Avropa \u00f6lk\u0259l\u0259ri aras\u0131nda 7-ci, MDB respublikalar\u0131 aras\u0131nda 2-ci, m\u00fcs\u0259lman \u00f6lk\u0259l\u0259ri aras\u0131nda is\u0259 1-ci yeri tutdu&#8221;.<\/p>\n<p>S.Novruzov qeyd edib ki, Prezident \u0130lham \u018fliyevin milli m\u0259n\u0259vi d\u0259y\u0259rl\u0259rimiz\u0259, m\u00fcxt\u0259lif dinl\u0259r\u0259 v\u0259 sivilizasiyalara h\u00f6rm\u0259tl\u0259 yana\u015fmas\u0131, \u00f6lk\u0259d\u0259 g\u00fccl\u00fc tolerantl\u0131q \u0259n\u0259n\u0259l\u0259rinin daha da m\u00f6hk\u0259ml\u0259ndirilm\u0259si Az\u0259rbaycan\u0131 n\u0259inki regionda, b\u00fct\u00f6vl\u00fckd\u0259 d\u00fcnyada multikulturalizmin, dinl\u0259raras\u0131 v\u0259 m\u0259d\u0259niyy\u0259tl\u0259raras\u0131 dialoqun \u0259sas m\u0259rk\u0259zl\u0259rind\u0259n birin\u0259 \u00e7evirdi:<\/p>\n<p>&#8220;Bu g\u00fcn multikulturalizm Az\u0259rbaycan\u0131n d\u00f6vl\u0259t siyas\u0259ti v\u0259 h\u0259yat t\u0259rzidir. Bu, art\u0131q b\u00fct\u00fcn d\u00fcnyada q\u0259bul edilir. Az\u0259rbaycan m\u0259d\u0259niyy\u0259tl\u0259rin dialoqunun inki\u015faf\u0131na, m\u0259d\u0259ni m\u00fcxt\u0259lifliyin qorunub saxlanmas\u0131na v\u0259 sivilizasiyalar aras\u0131ndak\u0131 qar\u015f\u0131l\u0131ql\u0131 m\u00fcnasib\u0259tl\u0259rin t\u0259nziml\u0259nm\u0259sin\u0259 y\u00f6n\u0259l\u0259n m\u00fch\u00fcm layih\u0259l\u0259rin realla\u015fd\u0131r\u0131lmas\u0131, m\u00f6t\u0259b\u0259r forumlar\u0131n ke\u00e7irilm\u0259si sah\u0259sind\u0259 z\u0259ngin t\u0259cr\u00fcb\u0259y\u0259 malikdir. Tolerantl\u0131\u011f\u0131n Az\u0259rbaycan modeli d\u00fcnyada \u0259n m\u00fck\u0259mm\u0259l n\u00fcmun\u0259dir v\u0259 BMT-nin Sivilizasiyalar Alyans\u0131n\u0131n VII Qlobal Forumunun Bak\u0131da ke\u00e7irilm\u0259si bunu t\u0259sdiql\u0259yir&#8221;.<\/p>\n<p>Milli M\u0259clisin komit\u0259 s\u0259dri s\u00f6yl\u0259yib ki, Prezident \u0130lham \u018fliyevin m\u0259d\u0259niyy\u0259t konsepsiyas\u0131 Heyd\u0259r \u018fliyev Fondunun layih\u0259l\u0259ri il\u0259 daha da dol\u011funla\u015f\u0131b, \u00f6lk\u0259mizin d\u00fcnyada t\u0259bli\u011fin\u0259 geni\u015f imkanlar a\u00e7\u0131b: &#8220;Bu siyas\u0259tin h\u0259yata ke\u00e7irilm\u0259sin\u0259 Az\u0259rbaycan\u0131n Birinci vitse-prezidenti, Heyd\u0259r \u018fliyev Fondunun prezidenti Mehriban \u018fliyeva d\u0259y\u0259rli t\u00f6hf\u0259l\u0259r verir. Fondun h\u0259yata ke\u00e7irdiyi layih\u0259l\u0259r say\u0259sind\u0259 indi Az\u0259rbaycan\u0131 d\u00fcnyada daha yax\u015f\u0131 tan\u0131y\u0131rlar. Az\u0259rbaycan m\u0259d\u0259niyy\u0259tinin sora\u011f\u0131 haz\u0131rda b\u00f6y\u00fck s\u0259hn\u0259l\u0259rd\u0259n g\u0259lir. Musiqimizin t\u0259m\u0259l da\u015f\u0131 olan mu\u011fam art\u0131q d\u00fcnya musiqisin\u0259 \u00e7evrilib. &#8220;Eurovision&#8221; kimi beyn\u0259lxalq mahn\u0131 m\u00fcsabiq\u0259sin\u0259 u\u011furla ev sahibliyi ed\u0259n Az\u0259rbaycan m\u00fcsabiq\u0259 tarixin\u0259 \u00f6z t\u00f6hv\u0259sini verdi.<\/p>\n<p>\u00d6z siyas\u0259tind\u0259 daim y\u00fcks\u0259k humanizm prinsipl\u0259rini r\u0259hb\u0259r tutan c\u0259nab \u0130lham \u018fliyevin daxili siyas\u0259tind\u0259 \u0259fv v\u0259 amnistiya f\u0259rmanlar\u0131 x\u00fcsusi yer tutur. M\u0259hz bu f\u0259rmanlar say\u0259sind\u0259 minl\u0259rl\u0259 m\u0259hkum \u00f6z azadl\u0131\u011f\u0131na qovu\u015fmu\u015f v\u0259 ya c\u0259zalar\u0131 qanunvericiliy\u0259 uy\u011fun olaraq azald\u0131lm\u0131\u015fd\u0131r. Yeri g\u0259lmi\u015fk\u0259n bel\u0259 humanist t\u0259\u015f\u0259bb\u00fcsl\u0259r bir \u00e7ox hallarda Mehriban xan\u0131m \u018fliyeva t\u0259r\u0259find\u0259n ir\u0259li s\u00fcr\u00fclm\u00fc\u015fd\u00fcr.<\/p>\n<p>Yuxar\u0131da sadalanan u\u011furlar bir daha t\u0259sdiq edir ki, c\u0259nab \u0130lham \u018fliyevin r\u0259hb\u0259rliyi alt\u0131nda Az\u0259rbaycan\u0131 qar\u015f\u0131da daha parlaq g\u0259l\u0259c\u0259k g\u00f6zl\u0259yir. Prezident \u0130lham \u018fliyevin r\u0259hb\u0259rliyi il\u0259 d\u00fcnyada n\u00fcmun\u0259 g\u00f6st\u0259ril\u0259c\u0259k bir inki\u015faf modeli formala\u015fd\u0131. Bu, \u00f6lk\u0259mizin g\u0259l\u0259c\u0259k inki\u015faf\u0131n\u0131n qarant\u0131 say\u0131la bil\u0259n modern Az\u0259rbaycan d\u00f6vl\u0259tinin t\u0259r\u0259qqi modelidir. G\u00fcn\u00fcm\u00fcz\u00fcn bu reall\u0131\u011f\u0131 beyn\u0259lxalq siyas\u0259t\u00e7il\u0259r, ekspertl\u0259r t\u0259r\u0259find\u0259n d\u0259 t\u0259sdiql\u0259nir v\u0259 bir daha ayd\u0131n olur ki, Az\u0259rbaycanda h\u0259yata ke\u00e7iril\u0259n siyas\u0259tin alternativi yoxdur v\u0259 xalq-iqtidar birliyi uzunm\u00fcdd\u0259tli inki\u015faf strategiyas\u0131n\u0131n m\u00fc\u0259yy\u0259nl\u0259\u015fdirilm\u0259sin\u0259 geni\u015f imkanlar a\u00e7\u0131r&#8221;.<\/p>\n","protected":false},"excerpt":{"rendered":"<p>&#8220;Prezident \u0130lham \u018fliyevin r\u0259hb\u0259rliyi alt\u0131nda Az\u0259rbaycan\u0131 qar\u015f\u0131da daha parlaq g\u0259l\u0259c\u0259k g\u00f6zl\u0259yir&#8221;. ARANTV.AZ\u00a0 x\u0259b\u0259r verir ki, bunu trend-\u0259 Yeni Az\u0259rbaycan Partiyas\u0131 (YAP) icra katibinin m\u00fcavini, Milli M\u0259clisin \u0130ctimai birlikl\u0259r v\u0259 dini qurumlar komit\u0259sinin s\u0259dri Siyavu\u015f Novruzov deyib. S.Novruzov qeyd edib ki, Az\u0259rbaycan\u0131n yeni tarixind\u0259 m\u00fch\u00fcm hadis\u0259l\u0259rd\u0259n biri Heyd\u0259r \u018fliyev m\u0259kt\u0259binin \u0259n istedadl\u0131 yetirm\u0259si, g\u00f6rk\u0259mli d\u00f6vl\u0259t xadimi c\u0259nab \u0130lham \u018fliyevin 2003-c\u00fc ild\u0259 Az\u0259rbaycan Respublikas\u0131n\u0131n Prezidenti se\u00e7ilm\u0259sidir. H\u0259min vaxtdan 15 il ke\u00e7ir v\u0259 Prezident \u0130lham \u018fliyev yeni \u0259srin yeni lideri olaraq Az\u0259rbaycan\u0131 inamla ir\u0259li apar\u0131r. Onun hakimiyy\u0259t ill\u0259ri \u00f6lk\u0259nin dinamik inki\u015faf\u0131, s\u00fcr\u0259tl\u0259 modernl\u0259\u015fm\u0259si,&hellip;<\/p>\n","protected":false},"author":2,"featured_media":18781,"comment_status":"closed","ping_status":"closed","sticky":false,"template":"","format":"standard","meta":{"om_disable_all_campaigns":false,"_monsterinsights_skip_tracking":false,"_monsterinsights_sitenote_active":false,"_monsterinsights_sitenote_note":"","_monsterinsights_sitenote_category":0},"categories":[4],"tags":[],"aioseo_notices":[],"gutentor_comment":0,"rttpg_featured_image_url":{"full":["https:\/\/arantv.az\/wp-content\/uploads\/2018\/10\/694301.jpg",800,600,false],"landscape":["https:\/\/arantv.az\/wp-content\/uploads\/2018\/10\/694301.jpg",800,600,false],"portraits":["https:\/\/arantv.az\/wp-content\/uploads\/2018\/10\/694301.jpg",800,600,false],"thumbnail":["https:\/\/arantv.az\/wp-content\/uploads\/2018\/10\/694301-150x150.jpg",150,150,true],"medium":["https:\/\/arantv.az\/wp-content\/uploads\/2018\/10\/694301-300x225.jpg",300,225,true],"large":["https:\/\/arantv.az\/wp-content\/uploads\/2018\/10\/694301.jpg",640,480,false],"1536x1536":["https:\/\/arantv.az\/wp-content\/uploads\/2018\/10\/694301.jpg",800,600,false],"2048x2048":["https:\/\/arantv.az\/wp-content\/uploads\/2018\/10\/694301.jpg",800,600,false],"post-thumbnail":["https:\/\/arantv.az\/wp-content\/uploads\/2018\/10\/694301-240x172.jpg",240,172,true],"advps-thumb-one":["https:\/\/arantv.az\/wp-content\/uploads\/2018\/10\/694301.jpg",800,600,false]},"rttpg_author":{"display_name":"V\u00fcsal Rafiqo\u011flu","author_link":"https:\/\/arantv.az\/?author=2"},"rttpg_comment":0,"rttpg_category":"<a href=\"https:\/\/arantv.az\/?cat=4\" rel=\"category\">Siyas\u0259t<\/a>","rttpg_excerpt":"&#8220;Prezident \u0130lham \u018fliyevin r\u0259hb\u0259rliyi alt\u0131nda Az\u0259rbaycan\u0131 qar\u015f\u0131da daha parlaq g\u0259l\u0259c\u0259k g\u00f6zl\u0259yir&#8221;. ARANTV.AZ\u00a0 x\u0259b\u0259r verir ki, bunu trend-\u0259 Yeni Az\u0259rbaycan Partiyas\u0131 (YAP) icra katibinin m\u00fcavini, Milli M\u0259clisin \u0130ctimai birlikl\u0259r v\u0259 dini qurumlar komit\u0259sinin s\u0259dri Siyavu\u015f Novruzov deyib. S.Novruzov qeyd edib ki, Az\u0259rbaycan\u0131n yeni tarixind\u0259 m\u00fch\u00fcm hadis\u0259l\u0259rd\u0259n biri Heyd\u0259r \u018fliyev m\u0259kt\u0259binin \u0259n istedadl\u0131 yetirm\u0259si, g\u00f6rk\u0259mli d\u00f6vl\u0259t xadimi&hellip;","_links":{"self":[{"href":"https:\/\/arantv.az\/index.php?rest_route=\/wp\/v2\/posts\/18780"}],"collection":[{"href":"https:\/\/arantv.az\/index.php?rest_route=\/wp\/v2\/posts"}],"about":[{"href":"https:\/\/arantv.az\/index.php?rest_route=\/wp\/v2\/types\/post"}],"author":[{"embeddable":true,"href":"https:\/\/arantv.az\/index.php?rest_route=\/wp\/v2\/users\/2"}],"replies":[{"embeddable":true,"href":"https:\/\/arantv.az\/index.php?rest_route=%2Fwp%2Fv2%2Fcomments&post=18780"}],"version-history":[{"count":0,"href":"https:\/\/arantv.az\/index.php?rest_route=\/wp\/v2\/posts\/18780\/revisions"}],"wp:featuredmedia":[{"embeddable":true,"href":"https:\/\/arantv.az\/index.php?rest_route=\/wp\/v2\/media\/18781"}],"wp:attachment":[{"href":"https:\/\/arantv.az\/index.php?rest_route=%2Fwp%2Fv2%2Fmedia&parent=18780"}],"wp:term":[{"taxonomy":"category","embeddable":true,"href":"https:\/\/arantv.az\/index.php?rest_route=%2Fwp%2Fv2%2Fcategories&post=18780"},{"taxonomy":"post_tag","embeddable":true,"href":"https:\/\/arantv.az\/index.php?rest_route=%2Fwp%2Fv2%2Ftags&post=18780"}],"curies":[{"name":"wp","href":"https:\/\/api.w.org\/{rel}","templated":true}]}}