{"id":18793,"date":"2018-10-13T15:14:48","date_gmt":"2018-10-13T12:14:48","guid":{"rendered":"http:\/\/arantv.az\/?p=18793"},"modified":"2018-10-13T15:14:48","modified_gmt":"2018-10-13T12:14:48","slug":"kocaryan-seckil%c9%99rd%c9%99-istirakdan-imtina-etdi","status":"publish","type":"post","link":"https:\/\/arantv.az\/?p=18793","title":{"rendered":"Ko\u00e7aryan se\u00e7kil\u0259rd\u0259 i\u015ftirakdan imtina etdi"},"content":{"rendered":"<p><strong>Erm\u0259nistan\u0131n sabiq prezidenti Robert Ko\u00e7aryan dekabrda ke\u00e7iril\u0259c\u0259k n\u00f6vb\u0259d\u0259nk\u0259nar parlament se\u00e7kil\u0259rind\u0259 i\u015ftirak etm\u0259y\u0259c\u0259yini b\u0259yan edib.\u00a0<\/strong><\/p>\n<p><strong>ARANTV.AZ<\/strong> oxu.az-a istinad\u0259n x\u0259b\u0259r verir ki, Ko\u00e7aryan &#8220;Bloomberg&#8221; agentliyin\u0259 m\u00fcsahib\u0259sind\u0259 ba\u015f nazir v\u0259zif\u0259sini tutmaq niyy\u0259tind\u0259 olmad\u0131\u011f\u0131n\u0131 bildirib:<\/p>\n<p>&#8220;Haz\u0131rda buna imkan g\u00f6rm\u00fcr\u0259m v\u0259 d\u00fczg\u00fcn hesab etmir\u0259m. Se\u00e7kil\u0259rd\u0259 i\u015ftirak etm\u0259k niyy\u0259tind\u0259 deyil\u0259m. Bu, m\u0259qs\u0259d olmamal\u0131d\u0131r&#8221;.<\/p>\n<p>Ko\u00e7aryan qeyd edib ki, \u0259g\u0259r yeni hakimiyy\u0259t \u00f6lk\u0259ni \u0259la idar\u0259 ed\u0259c\u0259ks\u0259, onda tamamil\u0259 f\u0259rqli durum olacaq.<\/p>\n<p>&#8220;\u018fg\u0259r biz v\u0259ziyy\u0259tin pisl\u0259\u015fdiyini g\u00f6rs\u0259k, ba\u015fqa durum olacaq. V\u0259 h\u0259tta onda bu bo\u015flu\u011fu doldura, u\u011furla ir\u0259lil\u0259y\u0259 bil\u0259c\u0259k g\u0259nc, perspektivli siyas\u0259t\u00e7il\u0259r ortaya \u00e7\u0131xsa, Tanr\u0131ya \u015f\u00fck\u00fcr. Bu g\u00fcn ilk n\u00f6vb\u0259d\u0259 \u00f6z rolumu probleml\u0259ri s\u0259sl\u0259ndirm\u0259kd\u0259 g\u00f6r\u00fcr\u0259m&#8221;, &#8211; dey\u0259 o vur\u011fulay\u0131b.<\/p>\n","protected":false},"excerpt":{"rendered":"<p>Erm\u0259nistan\u0131n sabiq prezidenti Robert Ko\u00e7aryan dekabrda ke\u00e7iril\u0259c\u0259k n\u00f6vb\u0259d\u0259nk\u0259nar parlament se\u00e7kil\u0259rind\u0259 i\u015ftirak etm\u0259y\u0259c\u0259yini b\u0259yan edib.\u00a0 ARANTV.AZ oxu.az-a istinad\u0259n x\u0259b\u0259r verir ki, Ko\u00e7aryan &#8220;Bloomberg&#8221; agentliyin\u0259 m\u00fcsahib\u0259sind\u0259 ba\u015f nazir v\u0259zif\u0259sini tutmaq niyy\u0259tind\u0259 olmad\u0131\u011f\u0131n\u0131 bildirib: &#8220;Haz\u0131rda buna imkan g\u00f6rm\u00fcr\u0259m v\u0259 d\u00fczg\u00fcn hesab etmir\u0259m. Se\u00e7kil\u0259rd\u0259 i\u015ftirak etm\u0259k niyy\u0259tind\u0259 deyil\u0259m. Bu, m\u0259qs\u0259d olmamal\u0131d\u0131r&#8221;. Ko\u00e7aryan qeyd edib ki, \u0259g\u0259r yeni hakimiyy\u0259t \u00f6lk\u0259ni \u0259la idar\u0259 ed\u0259c\u0259ks\u0259, onda tamamil\u0259 f\u0259rqli durum olacaq. &#8220;\u018fg\u0259r biz v\u0259ziyy\u0259tin pisl\u0259\u015fdiyini g\u00f6rs\u0259k, ba\u015fqa durum olacaq. V\u0259 h\u0259tta onda bu bo\u015flu\u011fu doldura, u\u011furla ir\u0259lil\u0259y\u0259 bil\u0259c\u0259k g\u0259nc, perspektivli siyas\u0259t\u00e7il\u0259r ortaya \u00e7\u0131xsa, Tanr\u0131ya \u015f\u00fck\u00fcr. Bu g\u00fcn ilk&hellip;<\/p>\n","protected":false},"author":2,"featured_media":18794,"comment_status":"closed","ping_status":"closed","sticky":false,"template":"","format":"standard","meta":{"om_disable_all_campaigns":false,"_monsterinsights_skip_tracking":false,"_monsterinsights_sitenote_active":false,"_monsterinsights_sitenote_note":"","_monsterinsights_sitenote_category":0},"categories":[7],"tags":[],"aioseo_notices":[],"gutentor_comment":0,"rttpg_featured_image_url":{"full":["https:\/\/arantv.az\/wp-content\/uploads\/2018\/10\/694306.jpg",800,600,false],"landscape":["https:\/\/arantv.az\/wp-content\/uploads\/2018\/10\/694306.jpg",800,600,false],"portraits":["https:\/\/arantv.az\/wp-content\/uploads\/2018\/10\/694306.jpg",800,600,false],"thumbnail":["https:\/\/arantv.az\/wp-content\/uploads\/2018\/10\/694306-150x150.jpg",150,150,true],"medium":["https:\/\/arantv.az\/wp-content\/uploads\/2018\/10\/694306-300x225.jpg",300,225,true],"large":["https:\/\/arantv.az\/wp-content\/uploads\/2018\/10\/694306.jpg",640,480,false],"1536x1536":["https:\/\/arantv.az\/wp-content\/uploads\/2018\/10\/694306.jpg",800,600,false],"2048x2048":["https:\/\/arantv.az\/wp-content\/uploads\/2018\/10\/694306.jpg",800,600,false],"post-thumbnail":["https:\/\/arantv.az\/wp-content\/uploads\/2018\/10\/694306-240x172.jpg",240,172,true],"advps-thumb-one":["https:\/\/arantv.az\/wp-content\/uploads\/2018\/10\/694306.jpg",800,600,false]},"rttpg_author":{"display_name":"V\u00fcsal Rafiqo\u011flu","author_link":"https:\/\/arantv.az\/?author=2"},"rttpg_comment":0,"rttpg_category":"<a href=\"https:\/\/arantv.az\/?cat=7\" rel=\"category\">D\u00fcnya<\/a>","rttpg_excerpt":"Erm\u0259nistan\u0131n sabiq prezidenti Robert Ko\u00e7aryan dekabrda ke\u00e7iril\u0259c\u0259k n\u00f6vb\u0259d\u0259nk\u0259nar parlament se\u00e7kil\u0259rind\u0259 i\u015ftirak etm\u0259y\u0259c\u0259yini b\u0259yan edib.\u00a0 ARANTV.AZ oxu.az-a istinad\u0259n x\u0259b\u0259r verir ki, Ko\u00e7aryan &#8220;Bloomberg&#8221; agentliyin\u0259 m\u00fcsahib\u0259sind\u0259 ba\u015f nazir v\u0259zif\u0259sini tutmaq niyy\u0259tind\u0259 olmad\u0131\u011f\u0131n\u0131 bildirib: &#8220;Haz\u0131rda buna imkan g\u00f6rm\u00fcr\u0259m v\u0259 d\u00fczg\u00fcn hesab etmir\u0259m. Se\u00e7kil\u0259rd\u0259 i\u015ftirak etm\u0259k niyy\u0259tind\u0259 deyil\u0259m. Bu, m\u0259qs\u0259d olmamal\u0131d\u0131r&#8221;. Ko\u00e7aryan qeyd edib ki, \u0259g\u0259r yeni hakimiyy\u0259t \u00f6lk\u0259ni&hellip;","_links":{"self":[{"href":"https:\/\/arantv.az\/index.php?rest_route=\/wp\/v2\/posts\/18793"}],"collection":[{"href":"https:\/\/arantv.az\/index.php?rest_route=\/wp\/v2\/posts"}],"about":[{"href":"https:\/\/arantv.az\/index.php?rest_route=\/wp\/v2\/types\/post"}],"author":[{"embeddable":true,"href":"https:\/\/arantv.az\/index.php?rest_route=\/wp\/v2\/users\/2"}],"replies":[{"embeddable":true,"href":"https:\/\/arantv.az\/index.php?rest_route=%2Fwp%2Fv2%2Fcomments&post=18793"}],"version-history":[{"count":0,"href":"https:\/\/arantv.az\/index.php?rest_route=\/wp\/v2\/posts\/18793\/revisions"}],"wp:featuredmedia":[{"embeddable":true,"href":"https:\/\/arantv.az\/index.php?rest_route=\/wp\/v2\/media\/18794"}],"wp:attachment":[{"href":"https:\/\/arantv.az\/index.php?rest_route=%2Fwp%2Fv2%2Fmedia&parent=18793"}],"wp:term":[{"taxonomy":"category","embeddable":true,"href":"https:\/\/arantv.az\/index.php?rest_route=%2Fwp%2Fv2%2Fcategories&post=18793"},{"taxonomy":"post_tag","embeddable":true,"href":"https:\/\/arantv.az\/index.php?rest_route=%2Fwp%2Fv2%2Ftags&post=18793"}],"curies":[{"name":"wp","href":"https:\/\/api.w.org\/{rel}","templated":true}]}}