{"id":18819,"date":"2018-10-13T15:45:33","date_gmt":"2018-10-13T12:45:33","guid":{"rendered":"http:\/\/arantv.az\/?p=18819"},"modified":"2018-10-13T15:45:33","modified_gmt":"2018-10-13T12:45:33","slug":"goycayda-avtomobil-piyadani-vuraraq-oldurub","status":"publish","type":"post","link":"https:\/\/arantv.az\/?p=18819","title":{"rendered":"G\u00f6y\u00e7ayda avtomobil piyadan\u0131 vuraraq \u00f6ld\u00fcr\u00fcb"},"content":{"rendered":"<p><strong>G\u00f6y\u00e7ay rayonunda piyadan\u0131n \u00f6l\u00fcm\u00fc il\u0259 n\u0259tic\u0259l\u0259n\u0259n yol-n\u0259qliyyat hadis\u0259si ba\u015f verib.<\/strong><\/p>\n<p><strong>ARANTV.AZ<\/strong> Report-a istinad\u0259n bildirir ki, hadis\u0259 Bak\u0131-\u015eamax\u0131-Yevlax yolunun 219-cu km-d\u0259 G\u00f6y\u00e7ay \u0259razisind\u0259n ke\u00e7\u0259n hiss\u0259sind\u0259 qeyd\u0259 al\u0131n\u0131b.<\/p>\n<p>G\u00f6y\u00e7ay rayonunun M\u0131rt\u0131 k\u0259nd sakini, 1978-ci il t\u0259v\u0259ll\u00fcdl\u00fc \u015e\u0259msi H\u0259sr\u0259tovun idar\u0259 etdiyi &#8220;Mercedes-Benz&#8221; markal\u0131 avtomobill\u0259 yolu qar\u015f\u0131 t\u0259r\u0259f\u0259 ke\u00e7m\u0259kd\u0259 olan 1978-ci il t\u0259v\u0259ll\u00fcdl\u00fc Niyam\u0259ddin M\u0259mm\u0259dovu vurub. N\u0259tic\u0259d\u0259 piyada ald\u0131\u011f\u0131 a\u011f\u0131r x\u0259sar\u0259tl\u0259rd\u0259n hadis\u0259 yerind\u0259 \u00f6l\u00fcb.<\/p>\n<p>Faktla ba\u011fl\u0131 ara\u015fd\u0131rma apar\u0131l\u0131r.<\/p>\n","protected":false},"excerpt":{"rendered":"<p>G\u00f6y\u00e7ay rayonunda piyadan\u0131n \u00f6l\u00fcm\u00fc il\u0259 n\u0259tic\u0259l\u0259n\u0259n yol-n\u0259qliyyat hadis\u0259si ba\u015f verib. ARANTV.AZ Report-a istinad\u0259n bildirir ki, hadis\u0259 Bak\u0131-\u015eamax\u0131-Yevlax yolunun 219-cu km-d\u0259 G\u00f6y\u00e7ay \u0259razisind\u0259n ke\u00e7\u0259n hiss\u0259sind\u0259 qeyd\u0259 al\u0131n\u0131b. G\u00f6y\u00e7ay rayonunun M\u0131rt\u0131 k\u0259nd sakini, 1978-ci il t\u0259v\u0259ll\u00fcdl\u00fc \u015e\u0259msi H\u0259sr\u0259tovun idar\u0259 etdiyi &#8220;Mercedes-Benz&#8221; markal\u0131 avtomobill\u0259 yolu qar\u015f\u0131 t\u0259r\u0259f\u0259 ke\u00e7m\u0259kd\u0259 olan 1978-ci il t\u0259v\u0259ll\u00fcdl\u00fc Niyam\u0259ddin M\u0259mm\u0259dovu vurub. N\u0259tic\u0259d\u0259 piyada ald\u0131\u011f\u0131 a\u011f\u0131r x\u0259sar\u0259tl\u0259rd\u0259n hadis\u0259 yerind\u0259 \u00f6l\u00fcb. Faktla ba\u011fl\u0131 ara\u015fd\u0131rma apar\u0131l\u0131r.<\/p>\n","protected":false},"author":2,"featured_media":18820,"comment_status":"closed","ping_status":"closed","sticky":false,"template":"","format":"standard","meta":{"om_disable_all_campaigns":false,"_monsterinsights_skip_tracking":false,"_monsterinsights_sitenote_active":false,"_monsterinsights_sitenote_note":"","_monsterinsights_sitenote_category":0},"categories":[5],"tags":[],"aioseo_notices":[],"gutentor_comment":0,"rttpg_featured_image_url":{"full":["https:\/\/arantv.az\/wp-content\/uploads\/2018\/10\/piyada_olumu_233.jpg",800,600,false],"landscape":["https:\/\/arantv.az\/wp-content\/uploads\/2018\/10\/piyada_olumu_233.jpg",800,600,false],"portraits":["https:\/\/arantv.az\/wp-content\/uploads\/2018\/10\/piyada_olumu_233.jpg",800,600,false],"thumbnail":["https:\/\/arantv.az\/wp-content\/uploads\/2018\/10\/piyada_olumu_233-150x150.jpg",150,150,true],"medium":["https:\/\/arantv.az\/wp-content\/uploads\/2018\/10\/piyada_olumu_233-300x225.jpg",300,225,true],"large":["https:\/\/arantv.az\/wp-content\/uploads\/2018\/10\/piyada_olumu_233.jpg",640,480,false],"1536x1536":["https:\/\/arantv.az\/wp-content\/uploads\/2018\/10\/piyada_olumu_233.jpg",800,600,false],"2048x2048":["https:\/\/arantv.az\/wp-content\/uploads\/2018\/10\/piyada_olumu_233.jpg",800,600,false],"post-thumbnail":["https:\/\/arantv.az\/wp-content\/uploads\/2018\/10\/piyada_olumu_233-240x172.jpg",240,172,true],"advps-thumb-one":["https:\/\/arantv.az\/wp-content\/uploads\/2018\/10\/piyada_olumu_233.jpg",800,600,false]},"rttpg_author":{"display_name":"V\u00fcsal Rafiqo\u011flu","author_link":"https:\/\/arantv.az\/?author=2"},"rttpg_comment":0,"rttpg_category":"<a href=\"https:\/\/arantv.az\/?cat=5\" rel=\"category\">Hadis\u0259<\/a>","rttpg_excerpt":"G\u00f6y\u00e7ay rayonunda piyadan\u0131n \u00f6l\u00fcm\u00fc il\u0259 n\u0259tic\u0259l\u0259n\u0259n yol-n\u0259qliyyat hadis\u0259si ba\u015f verib. ARANTV.AZ Report-a istinad\u0259n bildirir ki, hadis\u0259 Bak\u0131-\u015eamax\u0131-Yevlax yolunun 219-cu km-d\u0259 G\u00f6y\u00e7ay \u0259razisind\u0259n ke\u00e7\u0259n hiss\u0259sind\u0259 qeyd\u0259 al\u0131n\u0131b. G\u00f6y\u00e7ay rayonunun M\u0131rt\u0131 k\u0259nd sakini, 1978-ci il t\u0259v\u0259ll\u00fcdl\u00fc \u015e\u0259msi H\u0259sr\u0259tovun idar\u0259 etdiyi &#8220;Mercedes-Benz&#8221; markal\u0131 avtomobill\u0259 yolu qar\u015f\u0131 t\u0259r\u0259f\u0259 ke\u00e7m\u0259kd\u0259 olan 1978-ci il t\u0259v\u0259ll\u00fcdl\u00fc Niyam\u0259ddin M\u0259mm\u0259dovu vurub. N\u0259tic\u0259d\u0259 piyada ald\u0131\u011f\u0131&hellip;","_links":{"self":[{"href":"https:\/\/arantv.az\/index.php?rest_route=\/wp\/v2\/posts\/18819"}],"collection":[{"href":"https:\/\/arantv.az\/index.php?rest_route=\/wp\/v2\/posts"}],"about":[{"href":"https:\/\/arantv.az\/index.php?rest_route=\/wp\/v2\/types\/post"}],"author":[{"embeddable":true,"href":"https:\/\/arantv.az\/index.php?rest_route=\/wp\/v2\/users\/2"}],"replies":[{"embeddable":true,"href":"https:\/\/arantv.az\/index.php?rest_route=%2Fwp%2Fv2%2Fcomments&post=18819"}],"version-history":[{"count":0,"href":"https:\/\/arantv.az\/index.php?rest_route=\/wp\/v2\/posts\/18819\/revisions"}],"wp:featuredmedia":[{"embeddable":true,"href":"https:\/\/arantv.az\/index.php?rest_route=\/wp\/v2\/media\/18820"}],"wp:attachment":[{"href":"https:\/\/arantv.az\/index.php?rest_route=%2Fwp%2Fv2%2Fmedia&parent=18819"}],"wp:term":[{"taxonomy":"category","embeddable":true,"href":"https:\/\/arantv.az\/index.php?rest_route=%2Fwp%2Fv2%2Fcategories&post=18819"},{"taxonomy":"post_tag","embeddable":true,"href":"https:\/\/arantv.az\/index.php?rest_route=%2Fwp%2Fv2%2Ftags&post=18819"}],"curies":[{"name":"wp","href":"https:\/\/api.w.org\/{rel}","templated":true}]}}