{"id":188385,"date":"2020-07-06T13:11:18","date_gmt":"2020-07-06T10:11:18","guid":{"rendered":"http:\/\/arantv.az\/?p=188385"},"modified":"2020-07-06T13:11:18","modified_gmt":"2020-07-06T10:11:18","slug":"iran-tibbi-maskalarin-ixracina-qadaga-qoydu","status":"publish","type":"post","link":"https:\/\/arantv.az\/?p=188385","title":{"rendered":"\u0130ran tibbi maskalar\u0131n ixrac\u0131na qada\u011fa qoydu"},"content":{"rendered":"<p>\u0130ran h\u00f6kum\u0259ti tibbi maskalar\u0131n ixrac\u0131na m\u00fcv\u0259qq\u0259ti qada\u011fa t\u0259tbiq edilm\u0259si bar\u0259d\u0259 q\u0259rar q\u0259bul edib.<\/p>\n<p>IRNA agentliyinin x\u0259b\u0259rin\u0259 g\u00f6r\u0259, bu bar\u0259d\u0259 \u0130ran S\u0259naye, M\u0259d\u0259n v\u0259 Ticar\u0259t Nazirliyinin n\u00fcmay\u0259nd\u0259si v\u0259 koronavirusla m\u00fcbariz\u0259 \u00fczr\u0259 \u0130\u015f\u00e7i qrupunun katibi C\u0259m\u015fid Qolpur m\u0259lumat verib.<\/p>\n<p>O bildirib ki, qada\u011fa\u00a0\u0130ran hakimiyy\u0259t orqanlar\u0131n\u0131n iyulun 5-d\u0259n ictimai yerl\u0259rd\u0259 v\u0259 qurumlarda tibbi maskalar\u0131n m\u0259cburi tax\u0131lmas\u0131 il\u0259 \u0259laq\u0259dar q\u0259bul etdiyi q\u0259rardan sonra t\u0259tbiq olunub.<\/p>\n<p>Xat\u0131rladaq ki, \u0130randa son sutka \u0259rzind\u0259 COVID-19 virusundan 163 x\u0259st\u0259 v\u0259fat edib. Bu, pandemiya ba\u015flayandan b\u0259ri \u00f6lk\u0259d\u0259 bir g\u00fcn \u0259rzind\u0259 qeyd\u0259 al\u0131nan \u0259n b\u00f6y\u00fck \u00f6l\u00fcm say\u0131d\u0131r.<\/p>\n","protected":false},"excerpt":{"rendered":"<p>\u0130ran h\u00f6kum\u0259ti tibbi maskalar\u0131n ixrac\u0131na m\u00fcv\u0259qq\u0259ti qada\u011fa t\u0259tbiq edilm\u0259si bar\u0259d\u0259 q\u0259rar q\u0259bul edib. IRNA agentliyinin x\u0259b\u0259rin\u0259 g\u00f6r\u0259, bu bar\u0259d\u0259 \u0130ran S\u0259naye, M\u0259d\u0259n v\u0259 Ticar\u0259t Nazirliyinin n\u00fcmay\u0259nd\u0259si v\u0259 koronavirusla m\u00fcbariz\u0259 \u00fczr\u0259 \u0130\u015f\u00e7i qrupunun katibi C\u0259m\u015fid Qolpur m\u0259lumat verib. O bildirib ki, qada\u011fa\u00a0\u0130ran hakimiyy\u0259t orqanlar\u0131n\u0131n iyulun 5-d\u0259n ictimai yerl\u0259rd\u0259 v\u0259 qurumlarda tibbi maskalar\u0131n m\u0259cburi tax\u0131lmas\u0131 il\u0259 \u0259laq\u0259dar q\u0259bul etdiyi q\u0259rardan sonra t\u0259tbiq olunub. Xat\u0131rladaq ki, \u0130randa son sutka \u0259rzind\u0259 COVID-19 virusundan 163 x\u0259st\u0259 v\u0259fat edib. Bu, pandemiya ba\u015flayandan b\u0259ri \u00f6lk\u0259d\u0259 bir g\u00fcn \u0259rzind\u0259 qeyd\u0259 al\u0131nan \u0259n b\u00f6y\u00fck \u00f6l\u00fcm say\u0131d\u0131r.<\/p>\n","protected":false},"author":2,"featured_media":188386,"comment_status":"closed","ping_status":"closed","sticky":false,"template":"","format":"standard","meta":{"om_disable_all_campaigns":false,"_monsterinsights_skip_tracking":false,"_monsterinsights_sitenote_active":false,"_monsterinsights_sitenote_note":"","_monsterinsights_sitenote_category":0},"categories":[7],"tags":[],"aioseo_notices":[],"gutentor_comment":0,"rttpg_featured_image_url":{"full":["https:\/\/arantv.az\/wp-content\/uploads\/2020\/07\/shutterstock_1665409711.jpg",620,414,false],"landscape":["https:\/\/arantv.az\/wp-content\/uploads\/2020\/07\/shutterstock_1665409711.jpg",620,414,false],"portraits":["https:\/\/arantv.az\/wp-content\/uploads\/2020\/07\/shutterstock_1665409711.jpg",620,414,false],"thumbnail":["https:\/\/arantv.az\/wp-content\/uploads\/2020\/07\/shutterstock_1665409711-150x150.jpg",150,150,true],"medium":["https:\/\/arantv.az\/wp-content\/uploads\/2020\/07\/shutterstock_1665409711-300x200.jpg",300,200,true],"large":["https:\/\/arantv.az\/wp-content\/uploads\/2020\/07\/shutterstock_1665409711.jpg",620,414,false],"1536x1536":["https:\/\/arantv.az\/wp-content\/uploads\/2020\/07\/shutterstock_1665409711.jpg",620,414,false],"2048x2048":["https:\/\/arantv.az\/wp-content\/uploads\/2020\/07\/shutterstock_1665409711.jpg",620,414,false],"post-thumbnail":["https:\/\/arantv.az\/wp-content\/uploads\/2020\/07\/shutterstock_1665409711-240x172.jpg",240,172,true],"advps-thumb-one":["https:\/\/arantv.az\/wp-content\/uploads\/2020\/07\/shutterstock_1665409711.jpg",620,414,false]},"rttpg_author":{"display_name":"V\u00fcsal Rafiqo\u011flu","author_link":"https:\/\/arantv.az\/?author=2"},"rttpg_comment":0,"rttpg_category":"<a href=\"https:\/\/arantv.az\/?cat=7\" rel=\"category\">D\u00fcnya<\/a>","rttpg_excerpt":"\u0130ran h\u00f6kum\u0259ti tibbi maskalar\u0131n ixrac\u0131na m\u00fcv\u0259qq\u0259ti qada\u011fa t\u0259tbiq edilm\u0259si bar\u0259d\u0259 q\u0259rar q\u0259bul edib. IRNA agentliyinin x\u0259b\u0259rin\u0259 g\u00f6r\u0259, bu bar\u0259d\u0259 \u0130ran S\u0259naye, M\u0259d\u0259n v\u0259 Ticar\u0259t Nazirliyinin n\u00fcmay\u0259nd\u0259si v\u0259 koronavirusla m\u00fcbariz\u0259 \u00fczr\u0259 \u0130\u015f\u00e7i qrupunun katibi C\u0259m\u015fid Qolpur m\u0259lumat verib. O bildirib ki, qada\u011fa\u00a0\u0130ran hakimiyy\u0259t orqanlar\u0131n\u0131n iyulun 5-d\u0259n ictimai yerl\u0259rd\u0259 v\u0259 qurumlarda tibbi maskalar\u0131n m\u0259cburi tax\u0131lmas\u0131 il\u0259 \u0259laq\u0259dar&hellip;","_links":{"self":[{"href":"https:\/\/arantv.az\/index.php?rest_route=\/wp\/v2\/posts\/188385"}],"collection":[{"href":"https:\/\/arantv.az\/index.php?rest_route=\/wp\/v2\/posts"}],"about":[{"href":"https:\/\/arantv.az\/index.php?rest_route=\/wp\/v2\/types\/post"}],"author":[{"embeddable":true,"href":"https:\/\/arantv.az\/index.php?rest_route=\/wp\/v2\/users\/2"}],"replies":[{"embeddable":true,"href":"https:\/\/arantv.az\/index.php?rest_route=%2Fwp%2Fv2%2Fcomments&post=188385"}],"version-history":[{"count":0,"href":"https:\/\/arantv.az\/index.php?rest_route=\/wp\/v2\/posts\/188385\/revisions"}],"wp:featuredmedia":[{"embeddable":true,"href":"https:\/\/arantv.az\/index.php?rest_route=\/wp\/v2\/media\/188386"}],"wp:attachment":[{"href":"https:\/\/arantv.az\/index.php?rest_route=%2Fwp%2Fv2%2Fmedia&parent=188385"}],"wp:term":[{"taxonomy":"category","embeddable":true,"href":"https:\/\/arantv.az\/index.php?rest_route=%2Fwp%2Fv2%2Fcategories&post=188385"},{"taxonomy":"post_tag","embeddable":true,"href":"https:\/\/arantv.az\/index.php?rest_route=%2Fwp%2Fv2%2Ftags&post=188385"}],"curies":[{"name":"wp","href":"https:\/\/api.w.org\/{rel}","templated":true}]}}