{"id":188417,"date":"2020-07-06T13:45:13","date_gmt":"2020-07-06T10:45:13","guid":{"rendered":"http:\/\/arantv.az\/?p=188417"},"modified":"2020-07-06T13:45:13","modified_gmt":"2020-07-06T10:45:13","slug":"naqif-h%c9%99mz%c9%99yev-dunyanin-%c9%99n-boyuk-cinar-mes%c9%99si-erm%c9%99nil%c9%99r-t%c9%99r%c9%99find%c9%99n-dagidilir-video","status":"publish","type":"post","link":"https:\/\/arantv.az\/?p=188417","title":{"rendered":"Naqif H\u0259mz\u0259yev: D\u00fcnyan\u0131n \u0259n b\u00f6y\u00fck \u00e7inar me\u015f\u0259si erm\u0259nil\u0259r t\u0259r\u0259find\u0259n da\u011f\u0131d\u0131l\u0131r &#8211; V\u0130DEO"},"content":{"rendered":"<div class=\"quiz-holder\">\n<div class=\"article_text\">\n<p><strong>Xan \u00e7inar\u0131 il\u0259 xatir\u0259 \u015f\u0259kli&#8230;<\/strong><\/p>\n<p>\u00d6lk\u0259 Prezidenti \u0130lham \u018fliyev v\u0259 Birinci vitse-prezident Mehriban xan\u0131m \u018fliyevan\u0131n bir ne\u00e7\u0259 g\u00fcn \u0259vv\u0259l, G\u0259nc\u0259y\u0259 s\u0259f\u0259r \u00e7\u0259r\u00e7iv\u0259sind\u0259 karvansara h\u0259y\u0259tind\u0259ki 300 illik \u00e7inarla maraql\u0131 fotosu bizim d\u0259 diqq\u0259timizi \u00e7\u0259kdi.<\/p>\n<p>T\u0259sad\u00fcf\u00fc \u00e7\u0259kil\u0259n \u015f\u0259kil r\u0259mzi m\u0259na da\u015f\u0131y\u0131rd\u0131. Ax\u0131 G\u0259nc\u0259 h\u0259m d\u0259 \u00e7inarlar \u015f\u0259h\u0259ri kimi tan\u0131n\u0131r. \u00dcmumiyy\u0259tl\u0259, t\u0259bi\u0259t abid\u0259si hesab edil\u0259n \u00e7inar\u0131n t\u0259k G\u0259nc\u0259 il\u0259 yox, dig\u0259r b\u00f6lg\u0259l\u0259rimiz il\u0259 d\u0259 \u0259laq\u0259si var. H\u0259m d\u0259 birba\u015fa. Bu bar\u0259d\u0259 bir q\u0259d\u0259r sonra. H\u0259l\u0259lik is\u0259 G\u0259nc\u0259 \u00e7inarlar\u0131na n\u0259z\u0259r salaq.<\/p>\n<p>Rizvan Quliyev &#8211; MKT\u0130B-in Ya\u015f\u0131lla\u015fd\u0131rma \u015f\u00f6b\u0259sinin aqronomu: &#8220;G\u0259nc\u0259d\u0259 150 ya\u015f\u0131 olan 200-\u0259 q\u0259d\u0259r \u00e7inar a\u011fac\u0131 m\u0259lumdur v\u0259 onlar pasportla\u015fd\u0131r\u0131l\u0131b. 100 ya\u015fa q\u0259d\u0259r is\u0259 300-d\u0259n \u00e7ox \u00e7inar a\u011fac\u0131 m\u0259lumdur G\u0259nc\u0259d\u0259. 300-400 ya\u015f aras\u0131 4 \u0259d\u0259d v\u0259 600 ya\u015f\u0131nda olan 5 \u0259d\u0259d \u00c7inar a\u011fac\u0131 G\u0259nc\u0259 \u015f\u0259h\u0259rind\u0259 qeyd\u0259 al\u0131n\u0131b. Bu 600 ya\u015fl\u0131 \u00e7inar a\u011faclar\u0131 \u015eah Abbas m\u0259scidinin h\u0259y\u0259tind\u0259, G\u0259nc\u0259vi k\u00fc\u00e7\u0259sind\u0259 v\u0259 Totanl\u0131 \u0259razisind\u0259dir&#8221;.<\/p>\n<p>G\u0259nc\u0259basarda \u0259n qocaman \u00e7inar el aras\u0131nda D\u00fcl-d\u00fcl \u00e7inar\u0131 kimi tan\u0131nan a\u011facd\u0131r ki, onun da 1700-\u0259 yax\u0131n ya\u015f\u0131 var. G\u0259nc\u0259 B\u00f6y\u00fck \u0130p\u0259k yolunun \u00fcz\u0259rind\u0259 yerl\u0259\u015fir v\u0259 tarix\u0259n burada gec\u0259l\u0259m\u0259li olan qonaqlar, tacirl\u0259r oz \u00f6lk\u0259sind\u0259n g\u0259tirdiyi bir \u00e7inar\u0131 \u0259km\u0259kl\u0259 \u015f\u0259h\u0259r karvansaralar\u0131nda \u00f6d\u0259n\u015fsiz qala bilibl\u0259r. Q\u0259dim G\u0259nc\u0259d\u0259 bu a\u011faclar xan\u0131n \u015f\u0259r\u0259fin\u0259 Xan \u00e7inar ad\u0131n\u0131 al\u0131b. Onlardan 10-a yax\u0131n\u0131 h\u0259l\u0259 sovet d\u00f6vr\u00fcnd\u0259 qanunlar toplusu kitab\u0131nda yer al\u0131b.<\/p>\n<p>Rizvan Quliyev &#8211; MKT\u0130B-in Ya\u015f\u0131lla\u015fd\u0131rma \u015f\u00f6b\u0259sinin aqronomu: &#8220;T\u0259xmin\u0259n 400-\u0259 yax\u0131n \u00c7inar a\u011fac\u0131n\u0131n pasportu var. Haz\u0131rda q\u0259rarla\u015fd\u0131rm\u0131\u015f\u0131q ki, yenid\u0259n bu say n\u0259z\u0259rd\u0259n ke\u00e7irilsin, yenid\u0259n monitorinq aparaq v\u0259 say\u0131 d\u0259qiql\u0259\u015fdir\u0259k&#8221;.<\/p>\n<p>D\u00fcnyada \u00e7inar a\u011faclar\u0131n\u0131n 8 n\u00f6v\u00fc var. Onlardan \u0259n m\u0259\u015fhuru T\u00fcrkiy\u0259, Az\u0259rbaycan v\u0259 Aral\u0131q d\u0259nizi sahilind\u0259 yaban\u0131 halda bit\u0259n \u015e\u0259rq \u00e7inar\u0131d\u0131r. Yaban\u0131 \u00e7inar me\u015f\u0259si d\u00fcnyada nadir t\u0259bi\u0259t incisi hesab edilir. Az\u0259rbaycan\u0131n g\u00f6z\u0259l gu\u015f\u0259l\u0259rind\u0259n olan Z\u0259ngilan rayonunda, B\u0259sit\u00e7ay h\u00f6vz\u0259sind\u0259 yerl\u0259\u015f\u0259n t\u0259bii \u00e7inar me\u015f\u0259si is\u0259 d\u00fcnyada \u0259n b\u00f6y\u00fck \u00e7inar me\u015f\u0259sidir. Qoruqda ya\u015f\u0131 1200-1500 il, h\u00fcnd\u00fcrl\u00fcy\u00fc 50 m-d\u0259n \u00e7ox v\u0259 diametri 4 m q\u0259d\u0259r olan \u00e7inarlara da rast g\u0259lm\u0259k olar. \u018flb\u0259tt\u0259 ki, d\u00fc\u015fm\u0259n aman vers\u0259.<\/p>\n<p>Naqif H\u0259mz\u0259yev, mill\u0259t v\u0259kili: &#8220;\u00c7ox t\u0259\u0259ss\u00fcfl\u0259r olsun ki, bu g\u00fcn o \u0259razil\u0259r i\u015f\u011fal alt\u0131ndad\u0131r, qorunmur. Bildiyniz kimi qoruqlar\u0131n qorunmas\u0131 YUNESKO t\u0259r\u0259find\u0259n h\u0259yata ke\u00e7irilir. 1972-ci ild\u0259 164 \u00f6lk\u0259nin d\u0259st\u0259yil\u0259 Paris Konvensiyas\u0131 q\u0259bul edilib. 1993-c\u00fc ild\u0259 Az\u0259rbaycan Milli M\u0259clisi bu Konvensiyan\u0131 ratifikasiya edib. Ancaq t\u0259\u0259ss\u00fcfl\u0259r olsun ki, b\u0259\u015f\u0259riyy\u0259t\u0259 m\u0259xsus olan bu qoruq, ekologiya \u00fc\u00e7\u00fcn vacib olan nadir \u00e7inar a\u011faclar\u0131 erm\u0259nil\u0259r t\u0259r\u0259find\u0259n da\u011f\u0131d\u0131l\u0131r v\u0259 orada hans\u0131sa qoruma prosesinin h\u0259yata ke\u00e7irildiyind\u0259n dan\u0131\u015fa bilmirik. M\u0259hz 1974-c\u00fc ild\u0259 akademik H\u0259s\u0259n \u018fliyevin t\u0259\u015f\u0259bb\u00fcs\u00fc il\u0259 yarad\u0131lan B\u0259sit\u00e7ay qoru\u011fu bu g\u00fcn qorunmur. Beyn\u0259lxalq t\u0259\u015fkilatlar bu m\u0259s\u0259l\u0259y\u0259 d\u0259 t\u0259\u0259ss\u00fcfl\u0259r olsun ki, ikili standartlarla yana\u015f\u0131rlar&#8221;.<\/p>\n<p>Art\u0131q hektarlarla \u00e7inar me\u015f\u0259si erm\u0259nil\u0259r t\u0259r\u0259find\u0259n v\u0259h\u015fic\u0259sin\u0259 q\u0131r\u0131l\u0131b, tarixin \u015fahidl\u0259ri yox edilib. Nec\u0259 dey\u0259rl\u0259r, pis g\u00fcn\u00fcn \u00f6mr\u00fc az olar. Az\u011f\u0131n, m\u0259nfur d\u00fc\u015fm\u0259n n\u0259 q\u0259d\u0259r a\u011fac\u0131 q\u0131rsa bel\u0259, bu a\u011faclar\u0131n, onlar\u0131n sahibl\u0259rinin k\u00f6kl\u0259ri \u00e7ox d\u0259rin qatlara gedir. B\u0259d \u0259m\u0259ll\u0259r t\u00f6r\u0259d\u0259nl\u0259r gec-tez c\u0259zalar\u0131na \u00e7atacaqlar.<\/p>\n<p>Nadir v\u0259 n\u0259sli k\u0259silm\u0259kd\u0259 olan bitki kimi \u00e7inar a\u011faclar\u0131 Az\u0259rbaycan\u0131n &#8220;Q\u0131rm\u0131z\u0131 Kitab&#8221;\u0131na daxil edilib. Bu a\u011faclar\u0131n bu v\u0259 dig\u0259r yolla artmas\u0131 d\u00fcnyada h\u0259m me\u015f\u0259\u00e7ilik, n\u0259batat elml\u0259ri, h\u0259m d\u0259 atmosfer havas\u0131 \u00fc\u00e7\u00fcn b\u00f6y\u00fck \u0259h\u0259miyy\u0259t\u0259 malikdir.<\/p>\n<p>Son ill\u0259r \u00f6lk\u0259mizd\u0259 \u0130DEA \u0130ctimai Birliyinin t\u0259\u015f\u0259bb\u00fcs\u00fc il\u0259 m\u00fcxt\u0259lif \u00fcmumrespublika ya\u015f\u0131ll\u0131q aksiyalar\u0131 ke\u00e7irilir. Bu i\u015fl\u0259r \u00e7\u0259r\u00e7iv\u0259sind\u0259 g\u0259nc \u00e7inar a\u011faclar\u0131 ild\u0259n il\u0259 artmaqdad\u0131r. Yeni sal\u0131nan parklar v\u0259 ya\u015f\u0131ll\u0131q zonalar\u0131nda da \u00e7inar a\u011faclar\u0131na \u00fcst\u00fcnl\u00fck verilir. \u00d6lk\u0259mizd\u0259 Xan \u00e7inar\u0131n\u0131n say\u0131, k\u00f6k\u00fc v\u0259 k\u00f6lg\u0259si geni\u015fl\u0259ndirilir<\/p>\n<p>&nbsp;<\/p>\n<p><iframe loading=\"lazy\" src=\"https:\/\/www.trend.az\/player.php?f=%20https:\/\/cdn.trend.az\/2020\/07\/06\/video_naqif_hemzeyev_060720.mp4\" width=\"100%\" height=\"360\" frameborder=\"0\" allowfullscreen=\"allowfullscreen\" data-mce-fragment=\"1\"><\/iframe><\/p>\n<\/div>\n<\/div>\n<div class=\"social-banner\"><\/div>\n","protected":false},"excerpt":{"rendered":"<p>Xan \u00e7inar\u0131 il\u0259 xatir\u0259 \u015f\u0259kli&#8230; \u00d6lk\u0259 Prezidenti \u0130lham \u018fliyev v\u0259 Birinci vitse-prezident Mehriban xan\u0131m \u018fliyevan\u0131n bir ne\u00e7\u0259 g\u00fcn \u0259vv\u0259l, G\u0259nc\u0259y\u0259 s\u0259f\u0259r \u00e7\u0259r\u00e7iv\u0259sind\u0259 karvansara h\u0259y\u0259tind\u0259ki 300 illik \u00e7inarla maraql\u0131 fotosu bizim d\u0259 diqq\u0259timizi \u00e7\u0259kdi. T\u0259sad\u00fcf\u00fc \u00e7\u0259kil\u0259n \u015f\u0259kil r\u0259mzi m\u0259na da\u015f\u0131y\u0131rd\u0131. Ax\u0131 G\u0259nc\u0259 h\u0259m d\u0259 \u00e7inarlar \u015f\u0259h\u0259ri kimi tan\u0131n\u0131r. \u00dcmumiyy\u0259tl\u0259, t\u0259bi\u0259t abid\u0259si hesab edil\u0259n \u00e7inar\u0131n t\u0259k G\u0259nc\u0259 il\u0259 yox, dig\u0259r b\u00f6lg\u0259l\u0259rimiz il\u0259 d\u0259 \u0259laq\u0259si var. H\u0259m d\u0259 birba\u015fa. Bu bar\u0259d\u0259 bir q\u0259d\u0259r sonra. H\u0259l\u0259lik is\u0259 G\u0259nc\u0259 \u00e7inarlar\u0131na n\u0259z\u0259r salaq. Rizvan Quliyev &#8211; MKT\u0130B-in Ya\u015f\u0131lla\u015fd\u0131rma \u015f\u00f6b\u0259sinin aqronomu: &#8220;G\u0259nc\u0259d\u0259 150 ya\u015f\u0131 olan 200-\u0259 q\u0259d\u0259r&hellip;<\/p>\n","protected":false},"author":2,"featured_media":188418,"comment_status":"closed","ping_status":"closed","sticky":false,"template":"","format":"standard","meta":{"om_disable_all_campaigns":false,"_monsterinsights_skip_tracking":false,"_monsterinsights_sitenote_active":false,"_monsterinsights_sitenote_note":"","_monsterinsights_sitenote_category":0},"categories":[4],"tags":[],"aioseo_notices":[],"gutentor_comment":0,"rttpg_featured_image_url":{"full":["https:\/\/arantv.az\/wp-content\/uploads\/2020\/07\/863632.jpg",800,600,false],"landscape":["https:\/\/arantv.az\/wp-content\/uploads\/2020\/07\/863632.jpg",800,600,false],"portraits":["https:\/\/arantv.az\/wp-content\/uploads\/2020\/07\/863632.jpg",800,600,false],"thumbnail":["https:\/\/arantv.az\/wp-content\/uploads\/2020\/07\/863632-150x150.jpg",150,150,true],"medium":["https:\/\/arantv.az\/wp-content\/uploads\/2020\/07\/863632-300x225.jpg",300,225,true],"large":["https:\/\/arantv.az\/wp-content\/uploads\/2020\/07\/863632.jpg",640,480,false],"1536x1536":["https:\/\/arantv.az\/wp-content\/uploads\/2020\/07\/863632.jpg",800,600,false],"2048x2048":["https:\/\/arantv.az\/wp-content\/uploads\/2020\/07\/863632.jpg",800,600,false],"post-thumbnail":["https:\/\/arantv.az\/wp-content\/uploads\/2020\/07\/863632-240x172.jpg",240,172,true],"advps-thumb-one":["https:\/\/arantv.az\/wp-content\/uploads\/2020\/07\/863632.jpg",800,600,false]},"rttpg_author":{"display_name":"V\u00fcsal Rafiqo\u011flu","author_link":"https:\/\/arantv.az\/?author=2"},"rttpg_comment":0,"rttpg_category":"<a href=\"https:\/\/arantv.az\/?cat=4\" rel=\"category\">Siyas\u0259t<\/a>","rttpg_excerpt":"Xan \u00e7inar\u0131 il\u0259 xatir\u0259 \u015f\u0259kli&#8230; \u00d6lk\u0259 Prezidenti \u0130lham \u018fliyev v\u0259 Birinci vitse-prezident Mehriban xan\u0131m \u018fliyevan\u0131n bir ne\u00e7\u0259 g\u00fcn \u0259vv\u0259l, G\u0259nc\u0259y\u0259 s\u0259f\u0259r \u00e7\u0259r\u00e7iv\u0259sind\u0259 karvansara h\u0259y\u0259tind\u0259ki 300 illik \u00e7inarla maraql\u0131 fotosu bizim d\u0259 diqq\u0259timizi \u00e7\u0259kdi. T\u0259sad\u00fcf\u00fc \u00e7\u0259kil\u0259n \u015f\u0259kil r\u0259mzi m\u0259na da\u015f\u0131y\u0131rd\u0131. Ax\u0131 G\u0259nc\u0259 h\u0259m d\u0259 \u00e7inarlar \u015f\u0259h\u0259ri kimi tan\u0131n\u0131r. \u00dcmumiyy\u0259tl\u0259, t\u0259bi\u0259t abid\u0259si hesab edil\u0259n \u00e7inar\u0131n t\u0259k G\u0259nc\u0259&hellip;","_links":{"self":[{"href":"https:\/\/arantv.az\/index.php?rest_route=\/wp\/v2\/posts\/188417"}],"collection":[{"href":"https:\/\/arantv.az\/index.php?rest_route=\/wp\/v2\/posts"}],"about":[{"href":"https:\/\/arantv.az\/index.php?rest_route=\/wp\/v2\/types\/post"}],"author":[{"embeddable":true,"href":"https:\/\/arantv.az\/index.php?rest_route=\/wp\/v2\/users\/2"}],"replies":[{"embeddable":true,"href":"https:\/\/arantv.az\/index.php?rest_route=%2Fwp%2Fv2%2Fcomments&post=188417"}],"version-history":[{"count":0,"href":"https:\/\/arantv.az\/index.php?rest_route=\/wp\/v2\/posts\/188417\/revisions"}],"wp:featuredmedia":[{"embeddable":true,"href":"https:\/\/arantv.az\/index.php?rest_route=\/wp\/v2\/media\/188418"}],"wp:attachment":[{"href":"https:\/\/arantv.az\/index.php?rest_route=%2Fwp%2Fv2%2Fmedia&parent=188417"}],"wp:term":[{"taxonomy":"category","embeddable":true,"href":"https:\/\/arantv.az\/index.php?rest_route=%2Fwp%2Fv2%2Fcategories&post=188417"},{"taxonomy":"post_tag","embeddable":true,"href":"https:\/\/arantv.az\/index.php?rest_route=%2Fwp%2Fv2%2Ftags&post=188417"}],"curies":[{"name":"wp","href":"https:\/\/api.w.org\/{rel}","templated":true}]}}