{"id":188479,"date":"2020-07-06T14:37:39","date_gmt":"2020-07-06T11:37:39","guid":{"rendered":"http:\/\/arantv.az\/?p=188479"},"modified":"2020-07-06T14:37:39","modified_gmt":"2020-07-06T11:37:39","slug":"%c9%99rdogan-az%c9%99rbaycan-xalqina-bassagligi-verdi","status":"publish","type":"post","link":"https:\/\/arantv.az\/?p=188479","title":{"rendered":"\u018frdo\u011fan Az\u0259rbaycan xalq\u0131na ba\u015fsa\u011fl\u0131\u011f\u0131 verdi"},"content":{"rendered":"<p>T\u00fcrkiy\u0259 Prezidenti R\u0259c\u0259b Tayyib \u018frdo\u011fan Az\u0259rbaycan Prezidenti \u0130lham \u018fliyev\u0259 m\u0259ktub g\u00f6nd\u0259rib.<\/p>\n<p><strong>ARANTV.AZ<\/strong> x\u0259b\u0259r verir ki, m\u0259ktubda deyilir:<\/p>\n<p>\u201cB\u00fct\u00fcn d\u00fcnyan\u0131 c\u0259ngin\u0259 alan COVID-19 pandemiyas\u0131 s\u0259b\u0259bind\u0259n Az\u0259rbaycanda v\u0259fat ed\u0259n qarda\u015flar\u0131m\u0131za Uca Allahdan r\u0259hm\u0259t, m\u00fcalic\u0259si davam ed\u0259nl\u0259rin is\u0259 tezlikl\u0259 \u015f\u0259fa tapmalar\u0131n\u0131 dil\u0259yir\u0259m. H\u0259yat\u0131n\u0131 itir\u0259nl\u0259r\u0259 g\u00f6r\u0259 qarda\u015f Az\u0259rbaycan xalq\u0131na mill\u0259tim ad\u0131ndan v\u0259 \u015f\u0259xs\u0259n \u00f6z ad\u0131mdan d\u0259rin h\u00fcznl\u0259 ba\u015fsa\u011fl\u0131\u011f\u0131 verir\u0259m.<\/p>\n<div id=\"AdviadNativeVideo0\" class=\"AdviadNativeVideo\"><\/div>\n<p>Az\u0259rbaycanda pandemiyaya qar\u015f\u0131 g\u00f6rd\u00fcy\u00fcn\u00fcz t\u0259sirli t\u0259dbirl\u0259ri v\u0259 f\u0259aliyy\u0259ti yax\u0131ndan izl\u0259yirik. Bu sah\u0259d\u0259 m\u00fcbariz\u0259 aparan h\u0259r k\u0259s\u0259 i\u015fl\u0259rind\u0259 u\u011furlar arzulay\u0131ram.<\/p>\n<p>\u201cBir mill\u0259t, iki d\u00f6vl\u0259t\u201d \u015f\u00fcar\u0131 il\u0259 dost v\u0259 qarda\u015f Az\u0259rbaycana \u0259limizd\u0259n g\u0259l\u0259n h\u0259r c\u00fcr k\u00f6m\u0259yi g\u00f6st\u0259rm\u0259y\u0259 haz\u0131r\u0131q. Bu \u00e7\u0259r\u00e7iv\u0259d\u0259 Can Az\u0259rbaycan\u0131n pandemiya il\u0259 m\u00fcbariz\u0259sin\u0259 bir az da olsa fayda ver\u0259 bil\u0259c\u0259k tibbi yard\u0131m l\u0259vazimatlar\u0131n\u0131n \u00f6lk\u0259niz\u0259 \u00e7atd\u0131r\u0131lmas\u0131n\u0131 t\u0259min edirik.<\/p>\n<p>Bu f\u00fcrs\u0259td\u0259n istifad\u0259 ed\u0259r\u0259k pandemiya il\u0259 m\u00fcbariz\u0259d\u0259 Az\u0259rbaycan\u0131n yan\u0131nda oldu\u011fumuzu bir daha ifad\u0259 edir, Zati-aliniz\u0259 s\u0259mimi-q\u0259lbd\u0259n cansa\u011fl\u0131\u011f\u0131 v\u0259 xo\u015fb\u0259xtlik, qarda\u015f Az\u0259rbaycan xalq\u0131na mill\u0259tim ad\u0131ndan v\u0259 \u015f\u0259xs\u0259n \u00f6z ad\u0131mdan \u0259min-amanl\u0131q v\u0259 rifah dil\u0259kl\u0259rimi \u00e7atd\u0131r\u0131ram\u201d.AZ\u018fRTAC<\/p>\n","protected":false},"excerpt":{"rendered":"<p>T\u00fcrkiy\u0259 Prezidenti R\u0259c\u0259b Tayyib \u018frdo\u011fan Az\u0259rbaycan Prezidenti \u0130lham \u018fliyev\u0259 m\u0259ktub g\u00f6nd\u0259rib. ARANTV.AZ x\u0259b\u0259r verir ki, m\u0259ktubda deyilir: \u201cB\u00fct\u00fcn d\u00fcnyan\u0131 c\u0259ngin\u0259 alan COVID-19 pandemiyas\u0131 s\u0259b\u0259bind\u0259n Az\u0259rbaycanda v\u0259fat ed\u0259n qarda\u015flar\u0131m\u0131za Uca Allahdan r\u0259hm\u0259t, m\u00fcalic\u0259si davam ed\u0259nl\u0259rin is\u0259 tezlikl\u0259 \u015f\u0259fa tapmalar\u0131n\u0131 dil\u0259yir\u0259m. H\u0259yat\u0131n\u0131 itir\u0259nl\u0259r\u0259 g\u00f6r\u0259 qarda\u015f Az\u0259rbaycan xalq\u0131na mill\u0259tim ad\u0131ndan v\u0259 \u015f\u0259xs\u0259n \u00f6z ad\u0131mdan d\u0259rin h\u00fcznl\u0259 ba\u015fsa\u011fl\u0131\u011f\u0131 verir\u0259m. Az\u0259rbaycanda pandemiyaya qar\u015f\u0131 g\u00f6rd\u00fcy\u00fcn\u00fcz t\u0259sirli t\u0259dbirl\u0259ri v\u0259 f\u0259aliyy\u0259ti yax\u0131ndan izl\u0259yirik. Bu sah\u0259d\u0259 m\u00fcbariz\u0259 aparan h\u0259r k\u0259s\u0259 i\u015fl\u0259rind\u0259 u\u011furlar arzulay\u0131ram. \u201cBir mill\u0259t, iki d\u00f6vl\u0259t\u201d \u015f\u00fcar\u0131 il\u0259 dost v\u0259 qarda\u015f Az\u0259rbaycana \u0259limizd\u0259n g\u0259l\u0259n h\u0259r c\u00fcr k\u00f6m\u0259yi g\u00f6st\u0259rm\u0259y\u0259&hellip;<\/p>\n","protected":false},"author":2,"featured_media":188480,"comment_status":"closed","ping_status":"closed","sticky":false,"template":"","format":"standard","meta":{"om_disable_all_campaigns":false,"_monsterinsights_skip_tracking":false,"_monsterinsights_sitenote_active":false,"_monsterinsights_sitenote_note":"","_monsterinsights_sitenote_category":0},"categories":[4],"tags":[],"aioseo_notices":[],"gutentor_comment":0,"rttpg_featured_image_url":{"full":["https:\/\/arantv.az\/wp-content\/uploads\/2020\/07\/news_20190408012602.jpg",620,354,false],"landscape":["https:\/\/arantv.az\/wp-content\/uploads\/2020\/07\/news_20190408012602.jpg",620,354,false],"portraits":["https:\/\/arantv.az\/wp-content\/uploads\/2020\/07\/news_20190408012602.jpg",620,354,false],"thumbnail":["https:\/\/arantv.az\/wp-content\/uploads\/2020\/07\/news_20190408012602-150x150.jpg",150,150,true],"medium":["https:\/\/arantv.az\/wp-content\/uploads\/2020\/07\/news_20190408012602-300x171.jpg",300,171,true],"large":["https:\/\/arantv.az\/wp-content\/uploads\/2020\/07\/news_20190408012602.jpg",620,354,false],"1536x1536":["https:\/\/arantv.az\/wp-content\/uploads\/2020\/07\/news_20190408012602.jpg",620,354,false],"2048x2048":["https:\/\/arantv.az\/wp-content\/uploads\/2020\/07\/news_20190408012602.jpg",620,354,false],"post-thumbnail":["https:\/\/arantv.az\/wp-content\/uploads\/2020\/07\/news_20190408012602-240x172.jpg",240,172,true],"advps-thumb-one":["https:\/\/arantv.az\/wp-content\/uploads\/2020\/07\/news_20190408012602.jpg",620,354,false]},"rttpg_author":{"display_name":"V\u00fcsal Rafiqo\u011flu","author_link":"https:\/\/arantv.az\/?author=2"},"rttpg_comment":0,"rttpg_category":"<a href=\"https:\/\/arantv.az\/?cat=4\" rel=\"category\">Siyas\u0259t<\/a>","rttpg_excerpt":"T\u00fcrkiy\u0259 Prezidenti R\u0259c\u0259b Tayyib \u018frdo\u011fan Az\u0259rbaycan Prezidenti \u0130lham \u018fliyev\u0259 m\u0259ktub g\u00f6nd\u0259rib. ARANTV.AZ x\u0259b\u0259r verir ki, m\u0259ktubda deyilir: \u201cB\u00fct\u00fcn d\u00fcnyan\u0131 c\u0259ngin\u0259 alan COVID-19 pandemiyas\u0131 s\u0259b\u0259bind\u0259n Az\u0259rbaycanda v\u0259fat ed\u0259n qarda\u015flar\u0131m\u0131za Uca Allahdan r\u0259hm\u0259t, m\u00fcalic\u0259si davam ed\u0259nl\u0259rin is\u0259 tezlikl\u0259 \u015f\u0259fa tapmalar\u0131n\u0131 dil\u0259yir\u0259m. H\u0259yat\u0131n\u0131 itir\u0259nl\u0259r\u0259 g\u00f6r\u0259 qarda\u015f Az\u0259rbaycan xalq\u0131na mill\u0259tim ad\u0131ndan v\u0259 \u015f\u0259xs\u0259n \u00f6z ad\u0131mdan d\u0259rin h\u00fcznl\u0259 ba\u015fsa\u011fl\u0131\u011f\u0131 verir\u0259m.&hellip;","_links":{"self":[{"href":"https:\/\/arantv.az\/index.php?rest_route=\/wp\/v2\/posts\/188479"}],"collection":[{"href":"https:\/\/arantv.az\/index.php?rest_route=\/wp\/v2\/posts"}],"about":[{"href":"https:\/\/arantv.az\/index.php?rest_route=\/wp\/v2\/types\/post"}],"author":[{"embeddable":true,"href":"https:\/\/arantv.az\/index.php?rest_route=\/wp\/v2\/users\/2"}],"replies":[{"embeddable":true,"href":"https:\/\/arantv.az\/index.php?rest_route=%2Fwp%2Fv2%2Fcomments&post=188479"}],"version-history":[{"count":0,"href":"https:\/\/arantv.az\/index.php?rest_route=\/wp\/v2\/posts\/188479\/revisions"}],"wp:featuredmedia":[{"embeddable":true,"href":"https:\/\/arantv.az\/index.php?rest_route=\/wp\/v2\/media\/188480"}],"wp:attachment":[{"href":"https:\/\/arantv.az\/index.php?rest_route=%2Fwp%2Fv2%2Fmedia&parent=188479"}],"wp:term":[{"taxonomy":"category","embeddable":true,"href":"https:\/\/arantv.az\/index.php?rest_route=%2Fwp%2Fv2%2Fcategories&post=188479"},{"taxonomy":"post_tag","embeddable":true,"href":"https:\/\/arantv.az\/index.php?rest_route=%2Fwp%2Fv2%2Ftags&post=188479"}],"curies":[{"name":"wp","href":"https:\/\/api.w.org\/{rel}","templated":true}]}}