{"id":188483,"date":"2020-07-06T14:38:47","date_gmt":"2020-07-06T11:38:47","guid":{"rendered":"http:\/\/arantv.az\/?p=188483"},"modified":"2020-07-06T14:38:47","modified_gmt":"2020-07-06T11:38:47","slug":"bu-ilin-alti-ayinda-olk%c9%99d%c9%99-%c9%99m%c9%99khaqqi-fondu-s%c9%99kkiz-faiz-artib","status":"publish","type":"post","link":"https:\/\/arantv.az\/?p=188483","title":{"rendered":"Bu ilin alt\u0131 ay\u0131nda \u00f6lk\u0259d\u0259 \u0259m\u0259khaqq\u0131 fondu s\u0259kkiz faiz art\u0131b"},"content":{"rendered":"<p>Pandemiya d\u00f6vr\u00fcnd\u0259 h\u0259m d\u00f6vl\u0259t sektoru \u00fczr\u0259 910 min i\u015f yerinin qorunmas\u0131 t\u0259min edildi, h\u0259m d\u0259 \u00f6z\u0259l sektorda i\u015f yerl\u0259rinin saxlanmas\u0131 \u00fczr\u0259 i\u015fl\u0259ri apar\u0131ld\u0131. H\u0259tta \u00f6z\u0259l sektorda cari ilin \u0259vv\u0259li il\u0259 m\u00fcqayis\u0259d\u0259 \u0259m\u0259k m\u00fcqavil\u0259l\u0259rinin say\u0131 110 min v\u0259 ya 17 faiz artd\u0131.<\/p>\n<p><b>ARANTV.AZ\u00a0<\/b>-\u0131n m\u0259lumat\u0131na g\u00f6r\u0259, bunu \u018fm\u0259k v\u0259 \u018fhalinin Sosial M\u00fcdafi\u0259si naziri Sahil Babayev m\u00fcsahib\u0259sind\u0259 bildirib.<\/p>\n<div id=\"AdviadNativeVideo0\" class=\"AdviadNativeVideo\"><\/div>\n<p>Nazir qeyd edib ki, haz\u0131rda \u00f6z\u0259l sektorda 750 min \u0259m\u0259k m\u00fcqavil\u0259si il\u0259 \u00e7al\u0131\u015fan var. D\u00f6vl\u0259t v\u0259 \u00f6z\u0259l sektor \u00fczr\u0259 \u0259m\u0259k m\u00fcqavil\u0259l\u0259rinin say\u0131nda is\u0259 yeddi\u00a0faizlik art\u0131m ba\u015f verib.<\/p>\n<p>S.Babayev diqq\u0259t\u0259 \u00e7atd\u0131r\u0131b ki, \u0259m\u0259k m\u00fcqavil\u0259l\u0259rinin art\u0131m\u0131 k\u00f6lg\u0259 iqtisadiyyat\u0131n\u0131n azald\u0131lmas\u0131, qeyri-formal m\u0259\u015f\u011fullu\u011fun leqalla\u015fd\u0131r\u0131lmas\u0131 hesab\u0131na yaran\u0131r.<\/p>\n<p>\u018fm\u0259k m\u00fcqavil\u0259l\u0259rinin art\u0131m\u0131 \u0259m\u0259khaqq\u0131 fondunun y\u00fcks\u0259lm\u0259sin\u0259\u00a0d\u0259\u00a0s\u0259b\u0259b olub. Bu ilin alt\u0131 ay\u0131nda \u00f6lk\u0259d\u0259 \u0259m\u0259khaqq\u0131 fondu s\u0259kkiz\u00a0faiz art\u0131b. Bu, formal m\u0259\u015f\u011fullu\u011fun \u0259hat\u0259sinin geni\u015fl\u0259ndirilm\u0259si bax\u0131m\u0131ndan da \u00e7ox \u00f6n\u0259mlidir.Oxu.Az<\/p>\n","protected":false},"excerpt":{"rendered":"<p>Pandemiya d\u00f6vr\u00fcnd\u0259 h\u0259m d\u00f6vl\u0259t sektoru \u00fczr\u0259 910 min i\u015f yerinin qorunmas\u0131 t\u0259min edildi, h\u0259m d\u0259 \u00f6z\u0259l sektorda i\u015f yerl\u0259rinin saxlanmas\u0131 \u00fczr\u0259 i\u015fl\u0259ri apar\u0131ld\u0131. H\u0259tta \u00f6z\u0259l sektorda cari ilin \u0259vv\u0259li il\u0259 m\u00fcqayis\u0259d\u0259 \u0259m\u0259k m\u00fcqavil\u0259l\u0259rinin say\u0131 110 min v\u0259 ya 17 faiz artd\u0131. ARANTV.AZ\u00a0-\u0131n m\u0259lumat\u0131na g\u00f6r\u0259, bunu \u018fm\u0259k v\u0259 \u018fhalinin Sosial M\u00fcdafi\u0259si naziri Sahil Babayev m\u00fcsahib\u0259sind\u0259 bildirib. Nazir qeyd edib ki, haz\u0131rda \u00f6z\u0259l sektorda 750 min \u0259m\u0259k m\u00fcqavil\u0259si il\u0259 \u00e7al\u0131\u015fan var. D\u00f6vl\u0259t v\u0259 \u00f6z\u0259l sektor \u00fczr\u0259 \u0259m\u0259k m\u00fcqavil\u0259l\u0259rinin say\u0131nda is\u0259 yeddi\u00a0faizlik art\u0131m ba\u015f verib. S.Babayev diqq\u0259t\u0259 \u00e7atd\u0131r\u0131b ki, \u0259m\u0259k m\u00fcqavil\u0259l\u0259rinin art\u0131m\u0131 k\u00f6lg\u0259&hellip;<\/p>\n","protected":false},"author":2,"featured_media":188484,"comment_status":"closed","ping_status":"closed","sticky":false,"template":"","format":"standard","meta":{"om_disable_all_campaigns":false,"_monsterinsights_skip_tracking":false,"_monsterinsights_sitenote_active":false,"_monsterinsights_sitenote_note":"","_monsterinsights_sitenote_category":0},"categories":[26],"tags":[],"aioseo_notices":[],"gutentor_comment":0,"rttpg_featured_image_url":{"full":["https:\/\/arantv.az\/wp-content\/uploads\/2020\/07\/art.jpg",620,315,false],"landscape":["https:\/\/arantv.az\/wp-content\/uploads\/2020\/07\/art.jpg",620,315,false],"portraits":["https:\/\/arantv.az\/wp-content\/uploads\/2020\/07\/art.jpg",620,315,false],"thumbnail":["https:\/\/arantv.az\/wp-content\/uploads\/2020\/07\/art-150x150.jpg",150,150,true],"medium":["https:\/\/arantv.az\/wp-content\/uploads\/2020\/07\/art-300x152.jpg",300,152,true],"large":["https:\/\/arantv.az\/wp-content\/uploads\/2020\/07\/art.jpg",620,315,false],"1536x1536":["https:\/\/arantv.az\/wp-content\/uploads\/2020\/07\/art.jpg",620,315,false],"2048x2048":["https:\/\/arantv.az\/wp-content\/uploads\/2020\/07\/art.jpg",620,315,false],"post-thumbnail":["https:\/\/arantv.az\/wp-content\/uploads\/2020\/07\/art-240x172.jpg",240,172,true],"advps-thumb-one":["https:\/\/arantv.az\/wp-content\/uploads\/2020\/07\/art.jpg",620,315,false]},"rttpg_author":{"display_name":"V\u00fcsal Rafiqo\u011flu","author_link":"https:\/\/arantv.az\/?author=2"},"rttpg_comment":0,"rttpg_category":"<a href=\"https:\/\/arantv.az\/?cat=26\" rel=\"category\">Sosial<\/a>","rttpg_excerpt":"Pandemiya d\u00f6vr\u00fcnd\u0259 h\u0259m d\u00f6vl\u0259t sektoru \u00fczr\u0259 910 min i\u015f yerinin qorunmas\u0131 t\u0259min edildi, h\u0259m d\u0259 \u00f6z\u0259l sektorda i\u015f yerl\u0259rinin saxlanmas\u0131 \u00fczr\u0259 i\u015fl\u0259ri apar\u0131ld\u0131. H\u0259tta \u00f6z\u0259l sektorda cari ilin \u0259vv\u0259li il\u0259 m\u00fcqayis\u0259d\u0259 \u0259m\u0259k m\u00fcqavil\u0259l\u0259rinin say\u0131 110 min v\u0259 ya 17 faiz artd\u0131. ARANTV.AZ\u00a0-\u0131n m\u0259lumat\u0131na g\u00f6r\u0259, bunu \u018fm\u0259k v\u0259 \u018fhalinin Sosial M\u00fcdafi\u0259si naziri Sahil Babayev m\u00fcsahib\u0259sind\u0259 bildirib.&hellip;","_links":{"self":[{"href":"https:\/\/arantv.az\/index.php?rest_route=\/wp\/v2\/posts\/188483"}],"collection":[{"href":"https:\/\/arantv.az\/index.php?rest_route=\/wp\/v2\/posts"}],"about":[{"href":"https:\/\/arantv.az\/index.php?rest_route=\/wp\/v2\/types\/post"}],"author":[{"embeddable":true,"href":"https:\/\/arantv.az\/index.php?rest_route=\/wp\/v2\/users\/2"}],"replies":[{"embeddable":true,"href":"https:\/\/arantv.az\/index.php?rest_route=%2Fwp%2Fv2%2Fcomments&post=188483"}],"version-history":[{"count":0,"href":"https:\/\/arantv.az\/index.php?rest_route=\/wp\/v2\/posts\/188483\/revisions"}],"wp:featuredmedia":[{"embeddable":true,"href":"https:\/\/arantv.az\/index.php?rest_route=\/wp\/v2\/media\/188484"}],"wp:attachment":[{"href":"https:\/\/arantv.az\/index.php?rest_route=%2Fwp%2Fv2%2Fmedia&parent=188483"}],"wp:term":[{"taxonomy":"category","embeddable":true,"href":"https:\/\/arantv.az\/index.php?rest_route=%2Fwp%2Fv2%2Fcategories&post=188483"},{"taxonomy":"post_tag","embeddable":true,"href":"https:\/\/arantv.az\/index.php?rest_route=%2Fwp%2Fv2%2Ftags&post=188483"}],"curies":[{"name":"wp","href":"https:\/\/api.w.org\/{rel}","templated":true}]}}