{"id":18852,"date":"2018-10-14T09:52:35","date_gmt":"2018-10-14T06:52:35","guid":{"rendered":"http:\/\/arantv.az\/?p=18852"},"modified":"2018-10-14T09:52:35","modified_gmt":"2018-10-14T06:52:35","slug":"mug%c9%99nnil%c9%99rimizin-yildiz-tilbe-konsertind%c9%99ki-r%c9%99zal%c9%99ti-video","status":"publish","type":"post","link":"https:\/\/arantv.az\/?p=18852","title":{"rendered":"M\u00fc\u011f\u0259nnil\u0259rimizin Y\u0131ld\u0131z Tilbe konsertind\u0259ki r\u0259zal\u0259ti \u2013 V\u0130DEO"},"content":{"rendered":"<p>X\u0259b\u0259r verdiyimiz kimi, \u00f6t\u0259n g\u00fcn t\u00fcrkiy\u0259li m\u00fc\u011f\u0259nni\u00a0<strong>Y\u0131ld\u0131z Tilbe<\/strong>ninin Bak\u0131 Konqres M\u0259rk\u0259zind\u0259 konserti ba\u015f tutub.<\/p>\n<p><strong>ARANTV.AZ\u00a0<\/strong>x\u0259b\u0259r verir ki, konsert\u0259 t\u0259\u015frif buyuranlar\u0131n aras\u0131nda yerli m\u0259\u015fhurlar da olub. Ancaq onlar \u00f6z h\u0259r\u0259k\u0259tl\u0259ri il\u0259 dig\u0259r tama\u015fa\u00e7\u0131lardan se\u00e7ilibl\u0259r.<\/p>\n<p>Bel\u0259 ki, ilk olaraq konsert\u0259 g\u0259l\u0259n m\u00fc\u011f\u0259nni\u00a0<strong>Niyam Salami\u00a0<\/strong>v\u0259<strong>\u00a0K\u0259rim Abasov<\/strong>\u00a0\u0259lind\u0259 g\u00fcl buketi il\u0259 s\u0259hn\u0259nin \u00f6n\u00fcn\u0259 t\u0259r\u0259f yax\u0131nla\u015f\u0131blar. Onlar s\u0259hn\u0259y\u0259 \u00e7\u0131x\u0131b Y\u0131ld\u0131z Tilbey\u0259 g\u00fcl verm\u0259k ist\u0259s\u0259 d\u0259, ifa\u00e7\u0131lar\u0131n ist\u0259yi ba\u015f tutmay\u0131b.<\/p>\n<blockquote>\n<div><em><strong>Oxu:\u00a0<a href=\"https:\/\/oxu.az\/showbiz\/279673\" target=\"_blank\" rel=\"noopener\">Y\u0131ld\u0131z Tilbe Bak\u0131 s\u0259hn\u0259sind\u0259 k\u0259t\u0259 ist\u0259di \u2013 FOTO\/V\u0130DEO<\/a><\/strong><\/em><\/div>\n<\/blockquote>\n<div>M\u00fc\u011f\u0259nninin komandas\u0131 bildirib ki, s\u0259hn\u0259y\u0259 he\u00e7 kim \u00e7\u0131xa bilm\u0259z v\u0259 Tilbe s\u0259hn\u0259d\u0259 oxuyark\u0259n narahat edilm\u0259si d\u00fczg\u00fcn deyil. Bu zaman Niyam Salami s\u0259hn\u0259nin qar\u015f\u0131s\u0131na ke\u00e7ib g\u00fcl verm\u0259k ist\u0259diyini bildirib. M\u00fchafiz\u0259\u00e7il\u0259r onun bu ist\u0259yinin qar\u015f\u0131s\u0131n\u0131 al\u0131b.<\/div>\n<p>Y\u0131ld\u0131z Tilbe ifas\u0131n\u0131 bitirdikd\u0259n sonra Niyam Salami v\u0259 K\u0259rim Abasov s\u0259hn\u0259nin \u00f6n\u00fcn\u0259 yax\u0131nla\u015f\u0131b m\u00fc\u011f\u0259nniy\u0259 g\u00fcl uzad\u0131blar. H\u0259min an \u201cBiz \u015fark\u0131c\u0131y\u0131z\u201d dey\u0259n Niyama Tilbe ist\u0259diyi cavab\u0131 verm\u0259yib v\u0259 sad\u0259c\u0259 g\u00fcl \u00fc\u00e7\u00fcn t\u0259\u015f\u0259kk\u00fcr edib.<\/p>\n<div><iframe loading=\"lazy\" id=\"instagram-embed-0\" class=\"instagram-media instagram-media-rendered\" src=\"https:\/\/www.instagram.com\/p\/Bo4kVfJl4YQ\/embed\/captioned\/?cr=1&amp;v=12&amp;wp=540&amp;rd=https%3A%2F%2Foxu.az&amp;rp=%2Fshowbiz%2F279675#%7B%22ci%22%3A0%2C%22os%22%3A3491.4000000135275%7D\" width=\"300\" height=\"951\" frameborder=\"0\" scrolling=\"no\" data-instgrm-payload-id=\"instagram-media-payload-0\" data-mce-fragment=\"1\"><\/iframe><\/div>\n<p>Tilbeninin cavab\u0131 Niyam v\u0259 K\u0259rimi qane etm\u0259yib. Onlar m\u0259kan\u0131 t\u0259rk edibl\u0259r.<\/p>\n<p>Daha sonra is\u0259 meneceri Y\u0131ld\u0131zdan xahi\u015f edib ki,\u00a0m\u00fc\u011f\u0259nni\u00a0<strong>Zenfira \u0130brahimova<\/strong>n\u0131 s\u0259hn\u0259y\u0259 d\u0259v\u0259t etsin. Y\u0131ld\u0131z menecerinin ist\u0259yini yerin\u0259 yetirib.<\/p>\n<p>Zenfira s\u0259hn\u0259y\u0259 \u00e7\u0131xaraq \u0259vv\u0259lc\u0259 Y\u0131ld\u0131z Tilbeni t\u0259rifl\u0259yib, sonra mahn\u0131 ifa ed\u0259c\u0259yini deyib. Tilbe is\u0259 \u0259vv\u0259lc\u0259 Zenfira il\u0259 duet oxumaq ist\u0259s\u0259 d\u0259, sonra onun s\u0259sini e\u015fid\u0259n kimi ist\u0259yind\u0259n vazke\u00e7ib v\u0259 k\u0259narda oturub.<\/p>\n<div><iframe loading=\"lazy\" id=\"instagram-embed-1\" class=\"instagram-media instagram-media-rendered\" src=\"https:\/\/www.instagram.com\/p\/Bo4z7M-htrE\/embed\/captioned\/?cr=1&amp;v=12&amp;wp=540&amp;rd=https%3A%2F%2Foxu.az&amp;rp=%2Fshowbiz%2F279675#%7B%22ci%22%3A1%2C%22os%22%3A3510.099999999511%7D\" width=\"300\" height=\"1023\" frameborder=\"0\" scrolling=\"no\" data-instgrm-payload-id=\"instagram-media-payload-1\" data-mce-fragment=\"1\"><\/iframe><\/div>\n<p>Zenfira bir mahn\u0131 ifa etdikd\u0259n sonra naraz\u0131 ifad\u0259 il\u0259 s\u0259hn\u0259d\u0259 qalan Y\u0131ld\u0131za ikinci mahn\u0131n\u0131 duet oxumaq ist\u0259diyini deyib, lakin m\u00fc\u011f\u0259nni Zenfiraya reaksiya verm\u0259yib. Sonda Zenfiraya alq\u0131\u015f ist\u0259y\u0259n Y\u0131ld\u0131z konsertin\u0259 davam edib.<\/p>\n<div><iframe loading=\"lazy\" id=\"instagram-embed-2\" class=\"instagram-media instagram-media-rendered\" src=\"https:\/\/www.instagram.com\/p\/Bo43UBUh5VM\/embed\/captioned\/?cr=1&amp;v=12&amp;wp=540&amp;rd=https%3A%2F%2Foxu.az&amp;rp=%2Fshowbiz%2F279675#%7B%22ci%22%3A2%2C%22os%22%3A3523.2000000105472%7D\" width=\"300\" height=\"951\" frameborder=\"0\" scrolling=\"no\" data-instgrm-payload-id=\"instagram-media-payload-2\" data-mce-fragment=\"1\"><\/iframe><\/div>\n<p>Qeyd ed\u0259k ki, Zenfiran\u0131n s\u0259hn\u0259d\u0259 \u00e7\u0131x\u0131\u015f\u0131 tama\u015fa\u00e7\u0131larda q\u0131c\u0131q yarad\u0131b. oxu.az<\/p>\n","protected":false},"excerpt":{"rendered":"<p>X\u0259b\u0259r verdiyimiz kimi, \u00f6t\u0259n g\u00fcn t\u00fcrkiy\u0259li m\u00fc\u011f\u0259nni\u00a0Y\u0131ld\u0131z Tilbeninin Bak\u0131 Konqres M\u0259rk\u0259zind\u0259 konserti ba\u015f tutub. ARANTV.AZ\u00a0x\u0259b\u0259r verir ki, konsert\u0259 t\u0259\u015frif buyuranlar\u0131n aras\u0131nda yerli m\u0259\u015fhurlar da olub. Ancaq onlar \u00f6z h\u0259r\u0259k\u0259tl\u0259ri il\u0259 dig\u0259r tama\u015fa\u00e7\u0131lardan se\u00e7ilibl\u0259r. Bel\u0259 ki, ilk olaraq konsert\u0259 g\u0259l\u0259n m\u00fc\u011f\u0259nni\u00a0Niyam Salami\u00a0v\u0259\u00a0K\u0259rim Abasov\u00a0\u0259lind\u0259 g\u00fcl buketi il\u0259 s\u0259hn\u0259nin \u00f6n\u00fcn\u0259 t\u0259r\u0259f yax\u0131nla\u015f\u0131blar. Onlar s\u0259hn\u0259y\u0259 \u00e7\u0131x\u0131b Y\u0131ld\u0131z Tilbey\u0259 g\u00fcl verm\u0259k ist\u0259s\u0259 d\u0259, ifa\u00e7\u0131lar\u0131n ist\u0259yi ba\u015f tutmay\u0131b. Oxu:\u00a0Y\u0131ld\u0131z Tilbe Bak\u0131 s\u0259hn\u0259sind\u0259 k\u0259t\u0259 ist\u0259di \u2013 FOTO\/V\u0130DEO M\u00fc\u011f\u0259nninin komandas\u0131 bildirib ki, s\u0259hn\u0259y\u0259 he\u00e7 kim \u00e7\u0131xa bilm\u0259z v\u0259 Tilbe s\u0259hn\u0259d\u0259 oxuyark\u0259n narahat edilm\u0259si d\u00fczg\u00fcn deyil. Bu zaman Niyam&hellip;<\/p>\n","protected":false},"author":2,"featured_media":18853,"comment_status":"closed","ping_status":"closed","sticky":false,"template":"","format":"standard","meta":{"om_disable_all_campaigns":false,"_monsterinsights_skip_tracking":false,"_monsterinsights_sitenote_active":false,"_monsterinsights_sitenote_note":"","_monsterinsights_sitenote_category":0},"categories":[20],"tags":[],"aioseo_notices":[],"gutentor_comment":0,"rttpg_featured_image_url":{"full":["https:\/\/arantv.az\/wp-content\/uploads\/2018\/10\/15.jpg",620,413,false],"landscape":["https:\/\/arantv.az\/wp-content\/uploads\/2018\/10\/15.jpg",620,413,false],"portraits":["https:\/\/arantv.az\/wp-content\/uploads\/2018\/10\/15.jpg",620,413,false],"thumbnail":["https:\/\/arantv.az\/wp-content\/uploads\/2018\/10\/15-150x150.jpg",150,150,true],"medium":["https:\/\/arantv.az\/wp-content\/uploads\/2018\/10\/15-300x200.jpg",300,200,true],"large":["https:\/\/arantv.az\/wp-content\/uploads\/2018\/10\/15.jpg",620,413,false],"1536x1536":["https:\/\/arantv.az\/wp-content\/uploads\/2018\/10\/15.jpg",620,413,false],"2048x2048":["https:\/\/arantv.az\/wp-content\/uploads\/2018\/10\/15.jpg",620,413,false],"post-thumbnail":["https:\/\/arantv.az\/wp-content\/uploads\/2018\/10\/15-240x172.jpg",240,172,true],"advps-thumb-one":["https:\/\/arantv.az\/wp-content\/uploads\/2018\/10\/15.jpg",620,413,false]},"rttpg_author":{"display_name":"V\u00fcsal Rafiqo\u011flu","author_link":"https:\/\/arantv.az\/?author=2"},"rttpg_comment":0,"rttpg_category":"<a href=\"https:\/\/arantv.az\/?cat=20\" rel=\"category\">\u015eou biznes<\/a>","rttpg_excerpt":"X\u0259b\u0259r verdiyimiz kimi, \u00f6t\u0259n g\u00fcn t\u00fcrkiy\u0259li m\u00fc\u011f\u0259nni\u00a0Y\u0131ld\u0131z Tilbeninin Bak\u0131 Konqres M\u0259rk\u0259zind\u0259 konserti ba\u015f tutub. ARANTV.AZ\u00a0x\u0259b\u0259r verir ki, konsert\u0259 t\u0259\u015frif buyuranlar\u0131n aras\u0131nda yerli m\u0259\u015fhurlar da olub. Ancaq onlar \u00f6z h\u0259r\u0259k\u0259tl\u0259ri il\u0259 dig\u0259r tama\u015fa\u00e7\u0131lardan se\u00e7ilibl\u0259r. Bel\u0259 ki, ilk olaraq konsert\u0259 g\u0259l\u0259n m\u00fc\u011f\u0259nni\u00a0Niyam Salami\u00a0v\u0259\u00a0K\u0259rim Abasov\u00a0\u0259lind\u0259 g\u00fcl buketi il\u0259 s\u0259hn\u0259nin \u00f6n\u00fcn\u0259 t\u0259r\u0259f yax\u0131nla\u015f\u0131blar. Onlar s\u0259hn\u0259y\u0259 \u00e7\u0131x\u0131b Y\u0131ld\u0131z Tilbey\u0259 g\u00fcl&hellip;","_links":{"self":[{"href":"https:\/\/arantv.az\/index.php?rest_route=\/wp\/v2\/posts\/18852"}],"collection":[{"href":"https:\/\/arantv.az\/index.php?rest_route=\/wp\/v2\/posts"}],"about":[{"href":"https:\/\/arantv.az\/index.php?rest_route=\/wp\/v2\/types\/post"}],"author":[{"embeddable":true,"href":"https:\/\/arantv.az\/index.php?rest_route=\/wp\/v2\/users\/2"}],"replies":[{"embeddable":true,"href":"https:\/\/arantv.az\/index.php?rest_route=%2Fwp%2Fv2%2Fcomments&post=18852"}],"version-history":[{"count":0,"href":"https:\/\/arantv.az\/index.php?rest_route=\/wp\/v2\/posts\/18852\/revisions"}],"wp:featuredmedia":[{"embeddable":true,"href":"https:\/\/arantv.az\/index.php?rest_route=\/wp\/v2\/media\/18853"}],"wp:attachment":[{"href":"https:\/\/arantv.az\/index.php?rest_route=%2Fwp%2Fv2%2Fmedia&parent=18852"}],"wp:term":[{"taxonomy":"category","embeddable":true,"href":"https:\/\/arantv.az\/index.php?rest_route=%2Fwp%2Fv2%2Fcategories&post=18852"},{"taxonomy":"post_tag","embeddable":true,"href":"https:\/\/arantv.az\/index.php?rest_route=%2Fwp%2Fv2%2Ftags&post=18852"}],"curies":[{"name":"wp","href":"https:\/\/api.w.org\/{rel}","templated":true}]}}