{"id":188606,"date":"2020-07-06T17:17:12","date_gmt":"2020-07-06T14:17:12","guid":{"rendered":"http:\/\/arantv.az\/?p=188606"},"modified":"2020-07-06T17:17:12","modified_gmt":"2020-07-06T14:17:12","slug":"bakida-polisl%c9%99rin-qadini-m%c9%99cbur%c9%99n-masina-mindirm%c9%99si-il%c9%99-bagli-r%c9%99smi-aciqlama-video","status":"publish","type":"post","link":"https:\/\/arantv.az\/?p=188606","title":{"rendered":"Bak\u0131da polisl\u0259rin qad\u0131n\u0131 m\u0259cbur\u0259n ma\u015f\u0131na mindirm\u0259si il\u0259 ba\u011fl\u0131 R\u018fSM\u0130 A\u00c7IQLAMA &#8211; V\u0130DEO"},"content":{"rendered":"<p>Sosial s\u0327\u0259b\u0259k\u0259l\u0259rd\u0259 polis \u0259m\u0259kdas\u0327lar\u0131na bir qad\u0131n\u0131n tabesizlik go\u0308st\u0259rm\u0259sinin\u00a0\u0259ks olundu\u011fu go\u0308ru\u0308nu\u0308tu\u0308l\u0259r yay\u0131mlan\u0131b.<\/p>\n<p>Bak\u0131 \u015e\u0259h\u0259r Ba\u015f Polis \u0130dar\u0259sind\u0259n\u00a0Oxu.Az-\u0131n sor\u011fusuna cavab olaraq bildirilib ki, m\u0259s\u0259l\u0259 bar\u0259d\u0259 aras\u0327d\u0131rma apar\u0131l\u0131b.<\/p>\n<div id=\"AdviadNativeVideo0\" class=\"AdviadNativeVideo\"><\/div>\n<p>Bildirilib ki, fakt 1 ay \u0259vv\u0259l \u2013 iyunun 7-d\u0259 s\u0327\u0259nb\u0259-bazar gu\u0308nl\u0259rind\u0259 s\u0259rtl\u0259s\u0327dirilmis\u0327 karantin gu\u0308nu\u0308nd\u0259 X\u0259tai rayonunda qanunsuz f\u0259aliyy\u0259t go\u0308st\u0259r\u0259n mag\u0306azan\u0131n icar\u0259dar\u0131 bo\u0308lm\u0259y\u0259 d\u0259v\u0259t olunark\u0259n bas\u0327 verib:<\/p>\n<p>\u201cBuna baxmayaraq, B.M.-nin bo\u0308lm\u0259y\u0259 apar\u0131laraq epidemiya \u0259leyhin\u0259, sanitariya-gigiyena v\u0259 karantin rejimini pozdug\u0306una go\u0308r\u0259 inzibati m\u0259suliyy\u0259t\u0259 c\u0259lb olunub\u201d.<\/p>\n<div><iframe loading=\"lazy\" src=\"https:\/\/player.baku.tv\/embed\/21408\" width=\"560\" height=\"315\" frameborder=\"0\" allowfullscreen=\"allowfullscreen\" data-mce-fragment=\"1\"><\/iframe><\/div>\n<div><\/div>\n","protected":false},"excerpt":{"rendered":"<p>Sosial s\u0327\u0259b\u0259k\u0259l\u0259rd\u0259 polis \u0259m\u0259kdas\u0327lar\u0131na bir qad\u0131n\u0131n tabesizlik go\u0308st\u0259rm\u0259sinin\u00a0\u0259ks olundu\u011fu go\u0308ru\u0308nu\u0308tu\u0308l\u0259r yay\u0131mlan\u0131b. Bak\u0131 \u015e\u0259h\u0259r Ba\u015f Polis \u0130dar\u0259sind\u0259n\u00a0Oxu.Az-\u0131n sor\u011fusuna cavab olaraq bildirilib ki, m\u0259s\u0259l\u0259 bar\u0259d\u0259 aras\u0327d\u0131rma apar\u0131l\u0131b. Bildirilib ki, fakt 1 ay \u0259vv\u0259l \u2013 iyunun 7-d\u0259 s\u0327\u0259nb\u0259-bazar gu\u0308nl\u0259rind\u0259 s\u0259rtl\u0259s\u0327dirilmis\u0327 karantin gu\u0308nu\u0308nd\u0259 X\u0259tai rayonunda qanunsuz f\u0259aliyy\u0259t go\u0308st\u0259r\u0259n mag\u0306azan\u0131n icar\u0259dar\u0131 bo\u0308lm\u0259y\u0259 d\u0259v\u0259t olunark\u0259n bas\u0327 verib: \u201cBuna baxmayaraq, B.M.-nin bo\u0308lm\u0259y\u0259 apar\u0131laraq epidemiya \u0259leyhin\u0259, sanitariya-gigiyena v\u0259 karantin rejimini pozdug\u0306una go\u0308r\u0259 inzibati m\u0259suliyy\u0259t\u0259 c\u0259lb olunub\u201d.<\/p>\n","protected":false},"author":2,"featured_media":188607,"comment_status":"closed","ping_status":"closed","sticky":false,"template":"","format":"standard","meta":{"om_disable_all_campaigns":false,"_monsterinsights_skip_tracking":false,"_monsterinsights_sitenote_active":false,"_monsterinsights_sitenote_note":"","_monsterinsights_sitenote_category":0},"categories":[26],"tags":[],"aioseo_notices":[],"gutentor_comment":0,"rttpg_featured_image_url":{"full":["https:\/\/arantv.az\/wp-content\/uploads\/2020\/07\/FotoJet-6.jpg",620,381,false],"landscape":["https:\/\/arantv.az\/wp-content\/uploads\/2020\/07\/FotoJet-6.jpg",620,381,false],"portraits":["https:\/\/arantv.az\/wp-content\/uploads\/2020\/07\/FotoJet-6.jpg",620,381,false],"thumbnail":["https:\/\/arantv.az\/wp-content\/uploads\/2020\/07\/FotoJet-6-150x150.jpg",150,150,true],"medium":["https:\/\/arantv.az\/wp-content\/uploads\/2020\/07\/FotoJet-6-300x184.jpg",300,184,true],"large":["https:\/\/arantv.az\/wp-content\/uploads\/2020\/07\/FotoJet-6.jpg",620,381,false],"1536x1536":["https:\/\/arantv.az\/wp-content\/uploads\/2020\/07\/FotoJet-6.jpg",620,381,false],"2048x2048":["https:\/\/arantv.az\/wp-content\/uploads\/2020\/07\/FotoJet-6.jpg",620,381,false],"post-thumbnail":["https:\/\/arantv.az\/wp-content\/uploads\/2020\/07\/FotoJet-6-240x172.jpg",240,172,true],"advps-thumb-one":["https:\/\/arantv.az\/wp-content\/uploads\/2020\/07\/FotoJet-6.jpg",620,381,false]},"rttpg_author":{"display_name":"V\u00fcsal Rafiqo\u011flu","author_link":"https:\/\/arantv.az\/?author=2"},"rttpg_comment":0,"rttpg_category":"<a href=\"https:\/\/arantv.az\/?cat=26\" rel=\"category\">Sosial<\/a>","rttpg_excerpt":"Sosial s\u0327\u0259b\u0259k\u0259l\u0259rd\u0259 polis \u0259m\u0259kdas\u0327lar\u0131na bir qad\u0131n\u0131n tabesizlik go\u0308st\u0259rm\u0259sinin\u00a0\u0259ks olundu\u011fu go\u0308ru\u0308nu\u0308tu\u0308l\u0259r yay\u0131mlan\u0131b. Bak\u0131 \u015e\u0259h\u0259r Ba\u015f Polis \u0130dar\u0259sind\u0259n\u00a0Oxu.Az-\u0131n sor\u011fusuna cavab olaraq bildirilib ki, m\u0259s\u0259l\u0259 bar\u0259d\u0259 aras\u0327d\u0131rma apar\u0131l\u0131b. Bildirilib ki, fakt 1 ay \u0259vv\u0259l \u2013 iyunun 7-d\u0259 s\u0327\u0259nb\u0259-bazar gu\u0308nl\u0259rind\u0259 s\u0259rtl\u0259s\u0327dirilmis\u0327 karantin gu\u0308nu\u0308nd\u0259 X\u0259tai rayonunda qanunsuz f\u0259aliyy\u0259t go\u0308st\u0259r\u0259n mag\u0306azan\u0131n icar\u0259dar\u0131 bo\u0308lm\u0259y\u0259 d\u0259v\u0259t olunark\u0259n bas\u0327 verib: \u201cBuna baxmayaraq, B.M.-nin bo\u0308lm\u0259y\u0259&hellip;","_links":{"self":[{"href":"https:\/\/arantv.az\/index.php?rest_route=\/wp\/v2\/posts\/188606"}],"collection":[{"href":"https:\/\/arantv.az\/index.php?rest_route=\/wp\/v2\/posts"}],"about":[{"href":"https:\/\/arantv.az\/index.php?rest_route=\/wp\/v2\/types\/post"}],"author":[{"embeddable":true,"href":"https:\/\/arantv.az\/index.php?rest_route=\/wp\/v2\/users\/2"}],"replies":[{"embeddable":true,"href":"https:\/\/arantv.az\/index.php?rest_route=%2Fwp%2Fv2%2Fcomments&post=188606"}],"version-history":[{"count":0,"href":"https:\/\/arantv.az\/index.php?rest_route=\/wp\/v2\/posts\/188606\/revisions"}],"wp:featuredmedia":[{"embeddable":true,"href":"https:\/\/arantv.az\/index.php?rest_route=\/wp\/v2\/media\/188607"}],"wp:attachment":[{"href":"https:\/\/arantv.az\/index.php?rest_route=%2Fwp%2Fv2%2Fmedia&parent=188606"}],"wp:term":[{"taxonomy":"category","embeddable":true,"href":"https:\/\/arantv.az\/index.php?rest_route=%2Fwp%2Fv2%2Fcategories&post=188606"},{"taxonomy":"post_tag","embeddable":true,"href":"https:\/\/arantv.az\/index.php?rest_route=%2Fwp%2Fv2%2Ftags&post=188606"}],"curies":[{"name":"wp","href":"https:\/\/api.w.org\/{rel}","templated":true}]}}