{"id":188657,"date":"2020-07-06T18:01:39","date_gmt":"2020-07-06T15:01:39","guid":{"rendered":"http:\/\/arantv.az\/?p=188657"},"modified":"2020-07-06T18:01:39","modified_gmt":"2020-07-06T15:01:39","slug":"agsuda-yas-m%c9%99rasimi-yarimciq-dayandirildi-istirakcilar-saxlandi-foto","status":"publish","type":"post","link":"https:\/\/arantv.az\/?p=188657","title":{"rendered":"A\u011fsuda yas m\u0259rasimi yar\u0131m\u00e7\u0131q dayand\u0131r\u0131ld\u0131, i\u015ftirak\u00e7\u0131lar saxland\u0131 &#8211; FOTO"},"content":{"rendered":"<p>A\u011fsu Rayon Polis \u015e\u00f6b\u0259sin\u0259 rayonun \u00dclg\u00fcc k\u0259ndind\u0259 yas m\u0259rasiminin ke\u00e7irilm\u0259si bar\u0259d\u0259 m\u0259lumat daxil olub.<\/p>\n<p>Daxili \u0130\u015fl\u0259r Nazirliyinin M\u0259tbuat Xidm\u0259tinin \u015e\u0259ki regional qrupundan\u00a0veril\u0259n m\u0259lumata g\u00f6r\u0259, polis \u0259m\u0259kda\u015flar\u0131 d\u0259rhal h\u0259min \u00fcnvana\u00a0g\u0259lib v\u0259 orada karantin rejim qaydalar\u0131n\u0131n pozuldu\u011fu a\u015fkar edilib.<\/p>\n<p>M\u0259rasim polis \u0259m\u0259kda\u015flar\u0131 t\u0259r\u0259find\u0259n dayand\u0131r\u0131l\u0131b v\u0259 orada olanlardan 10 n\u0259f\u0259r Polis \u015e\u00f6b\u0259sin\u0259 d\u0259v\u0259t edil\u0259r\u0259k bar\u0259l\u0259rind\u0259 inzibati t\u0259nbeh t\u0259dbirl\u0259ri g\u00f6r\u00fcl\u00fcb.<\/p>\n<p>Karantin rejiminin qaydalar\u0131 v\u0259 t\u0259l\u0259bl\u0259ri onlar\u0131n diqq\u0259tin\u0259 \u00e7atd\u0131r\u0131l\u0131b.<\/p>\n<div class=\"gallery\">\n<div class=\"gallery-i\"><img src=\"https:\/\/cdn.oxu.az\/uploads\/W1siZiIsIjIwMjAvMDcvMDYvMTcvNTEvNTUvODNiYjlhYTUtOWY5OC00M2EzLWJmZTUtODA4OGQ4MGExZDc5L0ZPVE8gKDMpLmpwZWciXSxbInAiLCJlbmNvZGUiLCJqcGciLCItcXVhbGl0eSA4MCJdLFsicCIsInRodW1iIiwiNTkweDU5MFx1MDAzZSJdXQ?sha=594e9aeeba97bbae\" alt=\"\" \/><\/p>\n<div class=\"gallery-i-caption\"><\/div>\n<\/div>\n<div class=\"gallery-i\"><img src=\"https:\/\/cdn.oxu.az\/uploads\/W1siZiIsIjIwMjAvMDcvMDYvMTcvNTEvNTUvNTkzNTdlNjYtOGQyZi00YzI4LWFiZmEtZTk0Njk4MjllMGU3L0ZPVE8gKDIpLmpwZWciXSxbInAiLCJlbmNvZGUiLCJqcGciLCItcXVhbGl0eSA4MCJdLFsicCIsInRodW1iIiwiNTkweDU5MFx1MDAzZSJdXQ?sha=90f1c5d9621827df\" alt=\"\" \/><\/p>\n<div class=\"gallery-i-caption\"><\/div>\n<\/div>\n<div class=\"gallery-i\"><img src=\"https:\/\/cdn.oxu.az\/uploads\/W1siZiIsIjIwMjAvMDcvMDYvMTcvNTEvNTUvZTM3NjRlNTAtNDIwNS00MjFmLWFhYTEtZTRkMjMzNWVhMGFjL0ZPVE8gKDQpLmpwZWciXSxbInAiLCJlbmNvZGUiLCJqcGciLCItcXVhbGl0eSA4MCJdLFsicCIsInRodW1iIiwiNTkweDU5MFx1MDAzZSJdXQ?sha=16db62c7b570cfce\" alt=\"\" \/><\/p>\n<div class=\"gallery-i-caption\"><\/div>\n<\/div>\n<div class=\"gallery-i\"><img src=\"https:\/\/cdn.oxu.az\/uploads\/W1siZiIsIjIwMjAvMDcvMDYvMTcvNTEvNTUvZDBhNDIyYTEtMTYxMC00NzIxLThhNDctYjI1ZmE4OWQ1M2VlL0ZPVE8gKDEpLmpwZWciXSxbInAiLCJlbmNvZGUiLCJqcGciLCItcXVhbGl0eSA4MCJdLFsicCIsInRodW1iIiwiNTkweDU5MFx1MDAzZSJdXQ?sha=a7856ec65376f59d\" alt=\"\" \/><\/div>\n<\/div>\n","protected":false},"excerpt":{"rendered":"<p>A\u011fsu Rayon Polis \u015e\u00f6b\u0259sin\u0259 rayonun \u00dclg\u00fcc k\u0259ndind\u0259 yas m\u0259rasiminin ke\u00e7irilm\u0259si bar\u0259d\u0259 m\u0259lumat daxil olub. Daxili \u0130\u015fl\u0259r Nazirliyinin M\u0259tbuat Xidm\u0259tinin \u015e\u0259ki regional qrupundan\u00a0veril\u0259n m\u0259lumata g\u00f6r\u0259, polis \u0259m\u0259kda\u015flar\u0131 d\u0259rhal h\u0259min \u00fcnvana\u00a0g\u0259lib v\u0259 orada karantin rejim qaydalar\u0131n\u0131n pozuldu\u011fu a\u015fkar edilib. M\u0259rasim polis \u0259m\u0259kda\u015flar\u0131 t\u0259r\u0259find\u0259n dayand\u0131r\u0131l\u0131b v\u0259 orada olanlardan 10 n\u0259f\u0259r Polis \u015e\u00f6b\u0259sin\u0259 d\u0259v\u0259t edil\u0259r\u0259k bar\u0259l\u0259rind\u0259 inzibati t\u0259nbeh t\u0259dbirl\u0259ri g\u00f6r\u00fcl\u00fcb. Karantin rejiminin qaydalar\u0131 v\u0259 t\u0259l\u0259bl\u0259ri onlar\u0131n diqq\u0259tin\u0259 \u00e7atd\u0131r\u0131l\u0131b.<\/p>\n","protected":false},"author":2,"featured_media":188658,"comment_status":"closed","ping_status":"closed","sticky":false,"template":"","format":"standard","meta":{"om_disable_all_campaigns":false,"_monsterinsights_skip_tracking":false,"_monsterinsights_sitenote_active":false,"_monsterinsights_sitenote_note":"","_monsterinsights_sitenote_category":0},"categories":[5],"tags":[],"aioseo_notices":[],"gutentor_comment":0,"rttpg_featured_image_url":{"full":["https:\/\/arantv.az\/wp-content\/uploads\/2020\/07\/FOTO-2.jpg",620,465,false],"landscape":["https:\/\/arantv.az\/wp-content\/uploads\/2020\/07\/FOTO-2.jpg",620,465,false],"portraits":["https:\/\/arantv.az\/wp-content\/uploads\/2020\/07\/FOTO-2.jpg",620,465,false],"thumbnail":["https:\/\/arantv.az\/wp-content\/uploads\/2020\/07\/FOTO-2-150x150.jpg",150,150,true],"medium":["https:\/\/arantv.az\/wp-content\/uploads\/2020\/07\/FOTO-2-300x225.jpg",300,225,true],"large":["https:\/\/arantv.az\/wp-content\/uploads\/2020\/07\/FOTO-2.jpg",620,465,false],"1536x1536":["https:\/\/arantv.az\/wp-content\/uploads\/2020\/07\/FOTO-2.jpg",620,465,false],"2048x2048":["https:\/\/arantv.az\/wp-content\/uploads\/2020\/07\/FOTO-2.jpg",620,465,false],"post-thumbnail":["https:\/\/arantv.az\/wp-content\/uploads\/2020\/07\/FOTO-2-240x172.jpg",240,172,true],"advps-thumb-one":["https:\/\/arantv.az\/wp-content\/uploads\/2020\/07\/FOTO-2.jpg",620,465,false]},"rttpg_author":{"display_name":"V\u00fcsal Rafiqo\u011flu","author_link":"https:\/\/arantv.az\/?author=2"},"rttpg_comment":0,"rttpg_category":"<a href=\"https:\/\/arantv.az\/?cat=5\" rel=\"category\">Hadis\u0259<\/a>","rttpg_excerpt":"A\u011fsu Rayon Polis \u015e\u00f6b\u0259sin\u0259 rayonun \u00dclg\u00fcc k\u0259ndind\u0259 yas m\u0259rasiminin ke\u00e7irilm\u0259si bar\u0259d\u0259 m\u0259lumat daxil olub. Daxili \u0130\u015fl\u0259r Nazirliyinin M\u0259tbuat Xidm\u0259tinin \u015e\u0259ki regional qrupundan\u00a0veril\u0259n m\u0259lumata g\u00f6r\u0259, polis \u0259m\u0259kda\u015flar\u0131 d\u0259rhal h\u0259min \u00fcnvana\u00a0g\u0259lib v\u0259 orada karantin rejim qaydalar\u0131n\u0131n pozuldu\u011fu a\u015fkar edilib. M\u0259rasim polis \u0259m\u0259kda\u015flar\u0131 t\u0259r\u0259find\u0259n dayand\u0131r\u0131l\u0131b v\u0259 orada olanlardan 10 n\u0259f\u0259r Polis \u015e\u00f6b\u0259sin\u0259 d\u0259v\u0259t edil\u0259r\u0259k bar\u0259l\u0259rind\u0259 inzibati t\u0259nbeh t\u0259dbirl\u0259ri&hellip;","_links":{"self":[{"href":"https:\/\/arantv.az\/index.php?rest_route=\/wp\/v2\/posts\/188657"}],"collection":[{"href":"https:\/\/arantv.az\/index.php?rest_route=\/wp\/v2\/posts"}],"about":[{"href":"https:\/\/arantv.az\/index.php?rest_route=\/wp\/v2\/types\/post"}],"author":[{"embeddable":true,"href":"https:\/\/arantv.az\/index.php?rest_route=\/wp\/v2\/users\/2"}],"replies":[{"embeddable":true,"href":"https:\/\/arantv.az\/index.php?rest_route=%2Fwp%2Fv2%2Fcomments&post=188657"}],"version-history":[{"count":0,"href":"https:\/\/arantv.az\/index.php?rest_route=\/wp\/v2\/posts\/188657\/revisions"}],"wp:featuredmedia":[{"embeddable":true,"href":"https:\/\/arantv.az\/index.php?rest_route=\/wp\/v2\/media\/188658"}],"wp:attachment":[{"href":"https:\/\/arantv.az\/index.php?rest_route=%2Fwp%2Fv2%2Fmedia&parent=188657"}],"wp:term":[{"taxonomy":"category","embeddable":true,"href":"https:\/\/arantv.az\/index.php?rest_route=%2Fwp%2Fv2%2Fcategories&post=188657"},{"taxonomy":"post_tag","embeddable":true,"href":"https:\/\/arantv.az\/index.php?rest_route=%2Fwp%2Fv2%2Ftags&post=188657"}],"curies":[{"name":"wp","href":"https:\/\/api.w.org\/{rel}","templated":true}]}}