{"id":188661,"date":"2020-07-06T18:03:50","date_gmt":"2020-07-06T15:03:50","guid":{"rendered":"http:\/\/arantv.az\/?p=188661"},"modified":"2020-07-06T18:03:50","modified_gmt":"2020-07-06T15:03:50","slug":"%c9%99li-%c9%99hm%c9%99dov-milli-sura-uzvl%c9%99rinin-az%c9%99rbaycana-atdigi-bohtanlar-erm%c9%99ni-mill%c9%99tcil%c9%99rinin-%c9%99lind%c9%99-tutarli-arqument-kimi-istifad","status":"publish","type":"post","link":"https:\/\/arantv.az\/?p=188661","title":{"rendered":"\u018fli \u018fhm\u0259dov: &#8220;Milli \u015fura&#8221; \u00fczvl\u0259rinin Az\u0259rbaycana atd\u0131\u011f\u0131 b\u00f6htanlar erm\u0259ni mill\u0259t\u00e7il\u0259rinin \u0259lind\u0259 \u201ctutarl\u0131 arqument\u201d kimi istifad\u0259 olunur"},"content":{"rendered":"<p>Prezident \u0130lham \u018fliyevin tutarl\u0131 d\u0259lil-s\u00fcbutlarla Erm\u0259nistan\u0131n t\u0259cav\u00fczkar siyas\u0259ti il\u0259 yana\u015f\u0131, erm\u0259ni r\u0259hb\u0259rliyinin korrupsiyaya bula\u015fmas\u0131 faktlar\u0131n\u0131 if\u015fa etm\u0259si t\u0259k Az\u0259rbaycan c\u0259miyy\u0259tin\u0259 deyil, erm\u0259nil\u0259rin \u00f6zl\u0259rin\u0259 d\u0259 yax\u015f\u0131 m\u0259lumdur. Bu t\u0259nqidl\u0259rin torpaqlar\u0131m\u0131z\u0131 i\u015f\u011fal etmi\u015f d\u00fc\u015fm\u0259nl\u0259rd\u0259 ciddi narahatl\u0131q yaratmas\u0131 ba\u015fa d\u00fc\u015f\u00fcl\u0259ndir.<\/p>\n<p><strong>ARANTV.AZ\u00a0<\/strong>\u00a0<a href=\"http:\/\/az.trend.az\/\" target=\"_blank\" rel=\"noopener\">Trend<\/a>-\u0259 istinad\u0259n bildirir ki,\u00a0bu fikirl\u0259ri Az\u0259rbaycan Respublikas\u0131 Ba\u015f Nazirinin m\u00fcavini, YAP S\u0259drinin m\u00fcavini-\u0130cra katibi \u018fli \u018fhm\u0259dov \u00f6z\u00fcn\u00fcn r\u0259smi &#8220;Facebook&#8221; s\u0259hif\u0259sind\u0259 payla\u015f\u0131b.<\/p>\n<p>\u018fli \u018fhm\u0259dov qeyd edib ki, lakin n\u0259 q\u0259d\u0259r q\u0259rib\u0259 olsa da, Prezident \u0130lham \u018fliyev t\u0259r\u0259find\u0259n erm\u0259ni r\u0259hb\u0259rliyinin if\u015fa edilm\u0259sin\u0259 erm\u0259nil\u0259rd\u0259n daha tez milli \u015fura t\u0259r\u0259find\u0259n etirazlar s\u0259sl\u0259ndirilm\u0259y\u0259 ba\u015fland\u0131: &#8220;Milli \u015furan\u0131n ba\u015f\u0131nda duran C\u0259mil H\u0259s\u0259nlinin internet televiziyalar\u0131ndan birin\u0259 verdiyi m\u00fcsahib\u0259si insanda bel\u0259 t\u0259s\u0259vv\u00fcr yarad\u0131r ki, vaxtil\u0259 h\u0259bs olunan bir korrupsionerin &#8220;h\u00fcquqlar\u0131n\u0131n&#8221; m\u00fcdafi\u0259si komit\u0259sin\u0259 r\u0259hb\u0259rlik ed\u0259n tarix professoru indi Prezident \u0130lham \u018fliyevin amans\u0131zcas\u0131na if\u015fa etdiyi Erm\u0259nistan r\u0259hb\u0259rliyinin &#8220;h\u00fcquqlar\u0131n\u0131&#8221; m\u00fcdafi\u0259 komit\u0259si t\u0259sis edib. \u018fks halda onun bu d\u0259r\u0259c\u0259d\u0259 canf\u0259\u015fanl\u0131qla erm\u0259ni korrupsionerl\u0259rinin m\u00fcdafi\u0259sin\u0259 qalxmas\u0131n\u0131n motivl\u0259rini ba\u015fa d\u00fc\u015fm\u0259k m\u00fcmk\u00fcn deyil.&#8221;<\/p>\n<p>&#8220;M\u0259n d\u0259f\u0259l\u0259rl\u0259 radikal m\u00fcxalif\u0259t\u00e7il\u0259rin Az\u0259rbaycan hakimiyy\u0259tin\u0259 qar\u015f\u0131 m\u00fcbariz\u0259 aparmaq namin\u0259 irtica\u00e7\u0131 q\u00fcvv\u0259l\u0259rl\u0259, h\u0259tta erm\u0259ni mill\u0259t\u00e7il\u0259ri il\u0259 \u0259m\u0259kda\u015fl\u0131\u011fa haz\u0131r olduqlar\u0131n\u0131 qeyd etmi\u015f\u0259m. N\u00f6vb\u0259ti d\u0259f\u0259 onlar\u0131n bu yolda milli x\u0259yan\u0259td\u0259n bel\u0259 \u00e7\u0259kinm\u0259dikl\u0259rinin \u015fahidi oluruq. G\u00f6zl\u0259ndiyi kimi, milli \u015furan\u0131n milli x\u0259yan\u0259ti erm\u0259ni t\u0259bli\u011fat\u0131n\u0131n diqq\u0259tind\u0259n yay\u0131nmad\u0131. Sosial media s\u0259hif\u0259l\u0259rind\u0259 C\u0259mil H\u0259s\u0259nli ba\u015fda olmaqla milli \u015fura \u00fczvl\u0259rinin Az\u0259rbaycana atd\u0131\u011f\u0131 b\u00f6htanlar erm\u0259ni mill\u0259t\u00e7il\u0259rinin \u0259lind\u0259 \u00f6lk\u0259miz\u0259 qar\u015f\u0131 apard\u0131qlar\u0131 \u00e7irkin t\u0259bli\u011fat kampaniyas\u0131nda &#8220;tutarl\u0131 arqument&#8221; kimi istifad\u0259 olunur.&#8221; &#8211; dey\u0259, \u018fli \u018fhm\u0259dov bildirib.<\/p>\n<p>YAP-\u0131n S\u0259dr m\u00fcavini \u018fli \u018fhm\u0259dov qeyd edib ki, bu insanlar\u0131n torpaqlar\u0131m\u0131z\u0131 i\u015f\u011fal etmi\u015f t\u0259cav\u00fczkarlar\u0131n t\u0259bli\u011fat\u00e7\u0131lar\u0131n\u0131n dilind\u0259n yaln\u0131z &#8220;uvajaem\u0131y muallim&#8221; (erm\u0259nil\u0259rin Az\u0259rbaycana qar\u015f\u0131 haz\u0131rlad\u0131qlar\u0131 video\u00e7arxlarda C\u0259mil H\u0259s\u0259nlini bel\u0259 adland\u0131r\u0131rlar) epitetini qazanmaq namin\u0259 Az\u0259rbaycan\u0131n maraqlar\u0131n\u0131 satma\u011fa haz\u0131r olduqlar\u0131n\u0131 d\u00fc\u015f\u00fcnm\u0259k b\u0259lk\u0259 d\u0259 sad\u0259l\u00f6vhl\u00fck olard\u0131: &#8220;Bu q\u0259d\u0259r erm\u0259nip\u0259r\u0259stliyin, erm\u0259ni heyranl\u0131\u011f\u0131n\u0131n, indiki erm\u0259ni r\u0259hb\u0259rliyinin t\u0259bli\u011find\u0259 canf\u0259\u015fanl\u0131\u011f\u0131n s\u0259b\u0259bi olmaya bilm\u0259z. Y\u0259qin ortada s\u00f6vd\u0259l\u0259\u015fm\u0259 qaydalar\u0131n\u0131n b\u00fct\u00fcn m\u0259qamlar\u0131n\u0131n g\u00f6zl\u0259nilm\u0259si yox deyildir. Vaxtil\u0259 h\u0259min c\u0259bh\u0259y\u0259 aid olan, \u015f\u0259rti \u015f\u0259kild\u0259 des\u0259k, neytral zona olan Tiflisd\u0259 erm\u0259nil\u0259rl\u0259 Ruslan B\u0259\u015firli s\u00f6vd\u0259l\u0259\u015fm\u0259si yadda\u015flardan silinm\u0259yib. Lakin ist\u0259nil\u0259n halda milli \u015fura \u00fczvl\u0259rinin yalan v\u0259 b\u00f6htanlar\u0131 \u00f6lk\u0259miz\u0259 qar\u015f\u0131 apar\u0131lan erm\u0259ni t\u0259bli\u011fat\u0131nda h\u0259v\u0259sl\u0259 istifad\u0259 olunur. Nec\u0259 dey\u0259rl\u0259r, milli \u015fura n\u00f6vb\u0259ti d\u0259f\u0259 erm\u0259ni d\u0259yirman\u0131na su t\u00f6km\u0259kl\u0259 m\u0259\u015f\u011fuldur. M\u00fcasir siyasi leksikonda is\u0259 bunun ad\u0131 x\u0259yan\u0259tdir&#8221;.<\/p>\n","protected":false},"excerpt":{"rendered":"<p>Prezident \u0130lham \u018fliyevin tutarl\u0131 d\u0259lil-s\u00fcbutlarla Erm\u0259nistan\u0131n t\u0259cav\u00fczkar siyas\u0259ti il\u0259 yana\u015f\u0131, erm\u0259ni r\u0259hb\u0259rliyinin korrupsiyaya bula\u015fmas\u0131 faktlar\u0131n\u0131 if\u015fa etm\u0259si t\u0259k Az\u0259rbaycan c\u0259miyy\u0259tin\u0259 deyil, erm\u0259nil\u0259rin \u00f6zl\u0259rin\u0259 d\u0259 yax\u015f\u0131 m\u0259lumdur. Bu t\u0259nqidl\u0259rin torpaqlar\u0131m\u0131z\u0131 i\u015f\u011fal etmi\u015f d\u00fc\u015fm\u0259nl\u0259rd\u0259 ciddi narahatl\u0131q yaratmas\u0131 ba\u015fa d\u00fc\u015f\u00fcl\u0259ndir. ARANTV.AZ\u00a0\u00a0Trend-\u0259 istinad\u0259n bildirir ki,\u00a0bu fikirl\u0259ri Az\u0259rbaycan Respublikas\u0131 Ba\u015f Nazirinin m\u00fcavini, YAP S\u0259drinin m\u00fcavini-\u0130cra katibi \u018fli \u018fhm\u0259dov \u00f6z\u00fcn\u00fcn r\u0259smi &#8220;Facebook&#8221; s\u0259hif\u0259sind\u0259 payla\u015f\u0131b. \u018fli \u018fhm\u0259dov qeyd edib ki, lakin n\u0259 q\u0259d\u0259r q\u0259rib\u0259 olsa da, Prezident \u0130lham \u018fliyev t\u0259r\u0259find\u0259n erm\u0259ni r\u0259hb\u0259rliyinin if\u015fa edilm\u0259sin\u0259 erm\u0259nil\u0259rd\u0259n daha tez milli \u015fura t\u0259r\u0259find\u0259n etirazlar s\u0259sl\u0259ndirilm\u0259y\u0259 ba\u015fland\u0131: &#8220;Milli \u015furan\u0131n ba\u015f\u0131nda duran&hellip;<\/p>\n","protected":false},"author":2,"featured_media":188662,"comment_status":"closed","ping_status":"closed","sticky":false,"template":"","format":"standard","meta":{"om_disable_all_campaigns":false,"_monsterinsights_skip_tracking":false,"_monsterinsights_sitenote_active":false,"_monsterinsights_sitenote_note":"","_monsterinsights_sitenote_category":0},"categories":[4],"tags":[],"aioseo_notices":[],"gutentor_comment":0,"rttpg_featured_image_url":{"full":["https:\/\/arantv.az\/wp-content\/uploads\/2020\/07\/863712.jpg",1024,707,false],"landscape":["https:\/\/arantv.az\/wp-content\/uploads\/2020\/07\/863712.jpg",1024,707,false],"portraits":["https:\/\/arantv.az\/wp-content\/uploads\/2020\/07\/863712.jpg",1024,707,false],"thumbnail":["https:\/\/arantv.az\/wp-content\/uploads\/2020\/07\/863712-150x150.jpg",150,150,true],"medium":["https:\/\/arantv.az\/wp-content\/uploads\/2020\/07\/863712-300x207.jpg",300,207,true],"large":["https:\/\/arantv.az\/wp-content\/uploads\/2020\/07\/863712-1024x707.jpg",640,442,true],"1536x1536":["https:\/\/arantv.az\/wp-content\/uploads\/2020\/07\/863712.jpg",1024,707,false],"2048x2048":["https:\/\/arantv.az\/wp-content\/uploads\/2020\/07\/863712.jpg",1024,707,false],"post-thumbnail":["https:\/\/arantv.az\/wp-content\/uploads\/2020\/07\/863712-240x172.jpg",240,172,true],"advps-thumb-one":["https:\/\/arantv.az\/wp-content\/uploads\/2020\/07\/863712-1024x620.jpg",1024,620,true]},"rttpg_author":{"display_name":"V\u00fcsal Rafiqo\u011flu","author_link":"https:\/\/arantv.az\/?author=2"},"rttpg_comment":0,"rttpg_category":"<a href=\"https:\/\/arantv.az\/?cat=4\" rel=\"category\">Siyas\u0259t<\/a>","rttpg_excerpt":"Prezident \u0130lham \u018fliyevin tutarl\u0131 d\u0259lil-s\u00fcbutlarla Erm\u0259nistan\u0131n t\u0259cav\u00fczkar siyas\u0259ti il\u0259 yana\u015f\u0131, erm\u0259ni r\u0259hb\u0259rliyinin korrupsiyaya bula\u015fmas\u0131 faktlar\u0131n\u0131 if\u015fa etm\u0259si t\u0259k Az\u0259rbaycan c\u0259miyy\u0259tin\u0259 deyil, erm\u0259nil\u0259rin \u00f6zl\u0259rin\u0259 d\u0259 yax\u015f\u0131 m\u0259lumdur. Bu t\u0259nqidl\u0259rin torpaqlar\u0131m\u0131z\u0131 i\u015f\u011fal etmi\u015f d\u00fc\u015fm\u0259nl\u0259rd\u0259 ciddi narahatl\u0131q yaratmas\u0131 ba\u015fa d\u00fc\u015f\u00fcl\u0259ndir. ARANTV.AZ\u00a0\u00a0Trend-\u0259 istinad\u0259n bildirir ki,\u00a0bu fikirl\u0259ri Az\u0259rbaycan Respublikas\u0131 Ba\u015f Nazirinin m\u00fcavini, YAP S\u0259drinin m\u00fcavini-\u0130cra katibi \u018fli \u018fhm\u0259dov \u00f6z\u00fcn\u00fcn r\u0259smi&hellip;","_links":{"self":[{"href":"https:\/\/arantv.az\/index.php?rest_route=\/wp\/v2\/posts\/188661"}],"collection":[{"href":"https:\/\/arantv.az\/index.php?rest_route=\/wp\/v2\/posts"}],"about":[{"href":"https:\/\/arantv.az\/index.php?rest_route=\/wp\/v2\/types\/post"}],"author":[{"embeddable":true,"href":"https:\/\/arantv.az\/index.php?rest_route=\/wp\/v2\/users\/2"}],"replies":[{"embeddable":true,"href":"https:\/\/arantv.az\/index.php?rest_route=%2Fwp%2Fv2%2Fcomments&post=188661"}],"version-history":[{"count":0,"href":"https:\/\/arantv.az\/index.php?rest_route=\/wp\/v2\/posts\/188661\/revisions"}],"wp:featuredmedia":[{"embeddable":true,"href":"https:\/\/arantv.az\/index.php?rest_route=\/wp\/v2\/media\/188662"}],"wp:attachment":[{"href":"https:\/\/arantv.az\/index.php?rest_route=%2Fwp%2Fv2%2Fmedia&parent=188661"}],"wp:term":[{"taxonomy":"category","embeddable":true,"href":"https:\/\/arantv.az\/index.php?rest_route=%2Fwp%2Fv2%2Fcategories&post=188661"},{"taxonomy":"post_tag","embeddable":true,"href":"https:\/\/arantv.az\/index.php?rest_route=%2Fwp%2Fv2%2Ftags&post=188661"}],"curies":[{"name":"wp","href":"https:\/\/api.w.org\/{rel}","templated":true}]}}