{"id":188665,"date":"2020-07-06T18:05:19","date_gmt":"2020-07-06T15:05:19","guid":{"rendered":"http:\/\/arantv.az\/?p=188665"},"modified":"2020-07-06T18:05:19","modified_gmt":"2020-07-06T15:05:19","slug":"salyanda-bir-ay-%c9%99vv%c9%99l-itkin-dus%c9%99n-s%c9%99xsin-mes%c9%99d%c9%99-asilmis-meyiti-tapilib","status":"publish","type":"post","link":"https:\/\/arantv.az\/?p=188665","title":{"rendered":"Salyanda bir ay \u0259vv\u0259l itkin d\u00fc\u015f\u0259n \u015f\u0259xsin me\u015f\u0259d\u0259 as\u0131lm\u0131\u015f meyiti tap\u0131l\u0131b"},"content":{"rendered":"<p>Salyanda itkin d\u00fc\u015f\u0259n \u015f\u0259xsin intihar etdiyi m\u0259lum olub.<\/p>\n<p><strong>ARANTV.AZ\u00a0<\/strong> APA-ya istinad\u0259n x\u0259b\u0259r verir ki, bir ay \u0259vv\u0259l itkin d\u00fc\u015f\u0259n Salyan rayonunu Be\u015fd\u0259li k\u0259nd sakini, 1970-ci il t\u0259v\u0259ll\u00fcdl\u00fc Quliyev Aqil Qulu o\u011flu K\u00fcr \u00e7ay\u0131 sahilind\u0259 me\u015f\u0259d\u0259 as\u0131lm\u0131\u015f v\u0259ziyy\u0259td\u0259 a\u015fkar edilib.<\/p>\n<p>Bir ay \u0259vv\u0259l evd\u0259n ged\u0259n A.Quliyev t\u0259xmin\u0259n h\u0259min vaxtda da \u00f6z\u00fcn\u00fc asaraq intihar edib.<\/p>\n<p>Faktla ba\u011fl\u0131 Salyan Rayon Prokurorlu\u011fu t\u0259r\u0259find\u0259n ara\u015fd\u0131rma apar\u0131l\u0131r.<\/p>\n","protected":false},"excerpt":{"rendered":"<p>Salyanda itkin d\u00fc\u015f\u0259n \u015f\u0259xsin intihar etdiyi m\u0259lum olub. ARANTV.AZ\u00a0 APA-ya istinad\u0259n x\u0259b\u0259r verir ki, bir ay \u0259vv\u0259l itkin d\u00fc\u015f\u0259n Salyan rayonunu Be\u015fd\u0259li k\u0259nd sakini, 1970-ci il t\u0259v\u0259ll\u00fcdl\u00fc Quliyev Aqil Qulu o\u011flu K\u00fcr \u00e7ay\u0131 sahilind\u0259 me\u015f\u0259d\u0259 as\u0131lm\u0131\u015f v\u0259ziyy\u0259td\u0259 a\u015fkar edilib. Bir ay \u0259vv\u0259l evd\u0259n ged\u0259n A.Quliyev t\u0259xmin\u0259n h\u0259min vaxtda da \u00f6z\u00fcn\u00fc asaraq intihar edib. Faktla ba\u011fl\u0131 Salyan Rayon Prokurorlu\u011fu t\u0259r\u0259find\u0259n ara\u015fd\u0131rma apar\u0131l\u0131r.<\/p>\n","protected":false},"author":2,"featured_media":188666,"comment_status":"closed","ping_status":"closed","sticky":false,"template":"","format":"standard","meta":{"om_disable_all_campaigns":false,"_monsterinsights_skip_tracking":false,"_monsterinsights_sitenote_active":false,"_monsterinsights_sitenote_note":"","_monsterinsights_sitenote_category":0},"categories":[5],"tags":[],"aioseo_notices":[],"gutentor_comment":0,"rttpg_featured_image_url":{"full":["https:\/\/arantv.az\/wp-content\/uploads\/2020\/07\/asmaq_0256_1.jpg",800,600,false],"landscape":["https:\/\/arantv.az\/wp-content\/uploads\/2020\/07\/asmaq_0256_1.jpg",800,600,false],"portraits":["https:\/\/arantv.az\/wp-content\/uploads\/2020\/07\/asmaq_0256_1.jpg",800,600,false],"thumbnail":["https:\/\/arantv.az\/wp-content\/uploads\/2020\/07\/asmaq_0256_1-150x150.jpg",150,150,true],"medium":["https:\/\/arantv.az\/wp-content\/uploads\/2020\/07\/asmaq_0256_1-300x225.jpg",300,225,true],"large":["https:\/\/arantv.az\/wp-content\/uploads\/2020\/07\/asmaq_0256_1.jpg",640,480,false],"1536x1536":["https:\/\/arantv.az\/wp-content\/uploads\/2020\/07\/asmaq_0256_1.jpg",800,600,false],"2048x2048":["https:\/\/arantv.az\/wp-content\/uploads\/2020\/07\/asmaq_0256_1.jpg",800,600,false],"post-thumbnail":["https:\/\/arantv.az\/wp-content\/uploads\/2020\/07\/asmaq_0256_1-240x172.jpg",240,172,true],"advps-thumb-one":["https:\/\/arantv.az\/wp-content\/uploads\/2020\/07\/asmaq_0256_1.jpg",800,600,false]},"rttpg_author":{"display_name":"V\u00fcsal Rafiqo\u011flu","author_link":"https:\/\/arantv.az\/?author=2"},"rttpg_comment":0,"rttpg_category":"<a href=\"https:\/\/arantv.az\/?cat=5\" rel=\"category\">Hadis\u0259<\/a>","rttpg_excerpt":"Salyanda itkin d\u00fc\u015f\u0259n \u015f\u0259xsin intihar etdiyi m\u0259lum olub. ARANTV.AZ\u00a0 APA-ya istinad\u0259n x\u0259b\u0259r verir ki, bir ay \u0259vv\u0259l itkin d\u00fc\u015f\u0259n Salyan rayonunu Be\u015fd\u0259li k\u0259nd sakini, 1970-ci il t\u0259v\u0259ll\u00fcdl\u00fc Quliyev Aqil Qulu o\u011flu K\u00fcr \u00e7ay\u0131 sahilind\u0259 me\u015f\u0259d\u0259 as\u0131lm\u0131\u015f v\u0259ziyy\u0259td\u0259 a\u015fkar edilib. Bir ay \u0259vv\u0259l evd\u0259n ged\u0259n A.Quliyev t\u0259xmin\u0259n h\u0259min vaxtda da \u00f6z\u00fcn\u00fc asaraq intihar edib. Faktla ba\u011fl\u0131&hellip;","_links":{"self":[{"href":"https:\/\/arantv.az\/index.php?rest_route=\/wp\/v2\/posts\/188665"}],"collection":[{"href":"https:\/\/arantv.az\/index.php?rest_route=\/wp\/v2\/posts"}],"about":[{"href":"https:\/\/arantv.az\/index.php?rest_route=\/wp\/v2\/types\/post"}],"author":[{"embeddable":true,"href":"https:\/\/arantv.az\/index.php?rest_route=\/wp\/v2\/users\/2"}],"replies":[{"embeddable":true,"href":"https:\/\/arantv.az\/index.php?rest_route=%2Fwp%2Fv2%2Fcomments&post=188665"}],"version-history":[{"count":0,"href":"https:\/\/arantv.az\/index.php?rest_route=\/wp\/v2\/posts\/188665\/revisions"}],"wp:featuredmedia":[{"embeddable":true,"href":"https:\/\/arantv.az\/index.php?rest_route=\/wp\/v2\/media\/188666"}],"wp:attachment":[{"href":"https:\/\/arantv.az\/index.php?rest_route=%2Fwp%2Fv2%2Fmedia&parent=188665"}],"wp:term":[{"taxonomy":"category","embeddable":true,"href":"https:\/\/arantv.az\/index.php?rest_route=%2Fwp%2Fv2%2Fcategories&post=188665"},{"taxonomy":"post_tag","embeddable":true,"href":"https:\/\/arantv.az\/index.php?rest_route=%2Fwp%2Fv2%2Ftags&post=188665"}],"curies":[{"name":"wp","href":"https:\/\/api.w.org\/{rel}","templated":true}]}}