{"id":188673,"date":"2020-07-06T18:09:58","date_gmt":"2020-07-06T15:09:58","guid":{"rendered":"http:\/\/arantv.az\/?p=188673"},"modified":"2020-07-06T18:09:58","modified_gmt":"2020-07-06T15:09:58","slug":"bu-olk%c9%99d%c9%99-covid-19-pandemiyasi-il%c9%99-bagli-v%c9%99ziyy%c9%99t-g%c9%99rginl%c9%99sir","status":"publish","type":"post","link":"https:\/\/arantv.az\/?p=188673","title":{"rendered":"Bu \u00f6lk\u0259d\u0259 COVID-19 pandemiyas\u0131 il\u0259 ba\u011fl\u0131 v\u0259ziyy\u0259t g\u0259rginl\u0259\u015fir"},"content":{"rendered":"<p>Boliviyada COVID-19 il\u0259 ba\u011fl\u0131 v\u0259ziyy\u0259t get-ged\u0259 g\u0259rginl\u0259\u015fir: insanlar\u0131n k\u00fc\u00e7\u0259l\u0259rd\u0259 \u00f6lm\u0259si, h\u0259r g\u00fcn ba\u015f ver\u0259n sosial etirazlar v\u0259 \u00f6lk\u0259nin m\u00fcv\u0259qq\u0259ti h\u00f6kum\u0259tinin \u00fczvl\u0259rinin koronavirusa yoluxmas\u0131 faktlar\u0131 ciddi narahatl\u0131q do\u011furur.<\/p>\n<p><strong>ARANTV.AZ\u00a0<\/strong> AZ\u018fRTAC-a istinad\u0259n bildirir ki, \u00f6lk\u0259nin iri \u015f\u0259h\u0259rl\u0259rind\u0259n biri olan Ko\u00e7abambada k\u00fc\u00e7\u0259nin ortas\u0131nda koronavirusdan \u00f6lm\u00fc\u015f \u015f\u0259xsin c\u0259s\u0259di dem\u0259k olar ki, bir g\u00fcn orada qal\u0131b. Bu, s\u0259hiyy\u0259 sisteminin iflasa u\u011framas\u0131na, koronavirusdan \u00f6l\u0259n insanlar\u0131n d\u0259fni il\u0259 ba\u011fl\u0131 probleml\u0259rin k\u0259skinl\u0259\u015fm\u0259sin\u0259 \u0259yani s\u00fcbutdur.<\/p>\n<p>\u018fhalisinin say\u0131 600.000-d\u0259n bir q\u0259d\u0259r \u00e7ox olan Ko\u00e7abamba \u015f\u0259h\u0259ri Boliviyada bu problemin k\u0259skinl\u0259\u015fm\u0259sini \u0259ks etdirir: ail\u0259l\u0259rin \u00e7oxu v\u0259fat etmi\u015f yax\u0131nlar\u0131n\u0131 d\u0259fn etm\u0259k v\u0259 ya yand\u0131rmaq \u00fc\u00e7\u00fcn g\u00fcnl\u0259rl\u0259 \u00f6z evl\u0259rind\u0259 tabut yan\u0131nda g\u00f6zl\u0259yirl\u0259r.<\/p>\n<p>Ko\u00e7abambada v\u0259 b\u0259zi ba\u015fqa \u015f\u0259h\u0259rl\u0259rd\u0259, m\u0259s\u0259l\u0259n, Santa-Krusda s\u00fcr\u0259tl\u0259 q\u0259birl\u0259r qaz\u0131l\u0131r, \u00f6l\u00fcm hallar\u0131n\u0131n say\u0131 artmaqda davam edir. Tibb m\u0259rk\u0259zl\u0259rind\u0259 yerl\u0259rin \u00e7at\u0131\u015fmamas\u0131 s\u0259b\u0259bind\u0259n koronaviruslu x\u0259st\u0259l\u0259ri q\u0259bul etm\u0259y\u0259 imkan yoxdur. Bununla \u0259laq\u0259dar ke\u00e7iril\u0259n k\u00fc\u00e7\u0259 n\u00fcmayi\u015fl\u0259ri sosial \u015f\u0259b\u0259k\u0259l\u0259rd\u0259 geni\u015f i\u015f\u0131qland\u0131r\u0131l\u0131r. Etiraz n\u00fcmayi\u015fl\u0259rinin i\u015ftirak\u00e7\u0131lar\u0131 b\u0259l\u0259diyy\u0259, regional v\u0259 milli hakimiyy\u0259t orqanlar\u0131n\u0131 siyasi \u00e7\u0259ki\u015fm\u0259l\u0259ri unutma\u011fa v\u0259 \u0259halinin probleml\u0259rini h\u0259ll etm\u0259y\u0259 \u00e7a\u011f\u0131r\u0131rlar.<\/p>\n<p>Boliviyan\u0131n m\u00fcv\u0259qq\u0259ti h\u00f6kum\u0259tinin \u00fczvl\u0259ri d\u0259 infeksiyalardan s\u0131\u011fortalanmay\u0131blar. S\u0259hiyy\u0259 naziri Eydi Roki d\u0259 daxil olmaqla, h\u00f6kum\u0259tin \u00fc\u00e7 \u00fczv\u00fc COVID-19-a yoluxub.<\/p>\n<p>S\u0259hiyy\u0259 Nazirliyinin son m\u0259lumat\u0131na g\u00f6r\u0259, Boliviyada koronavirusa yoluxma il\u0259 ba\u011fl\u0131 39.297 hadis\u0259 v\u0259 1.434 \u00f6l\u00fcm fakt\u0131 qeyd\u0259 al\u0131n\u0131b. Nazirlik bildirir ki, son bir ne\u00e7\u0259 g\u00fcnd\u0259 yoluxmalar\u0131n g\u00fcnd\u0259lik say\u0131 mind\u0259n \u00e7oxdur.<\/p>\n<p>AB\u015e-dak\u0131 Cons Hopkins Universitetinin m\u0259lumat\u0131na g\u00f6r\u0259, \u0259halisinin say\u0131 11 milyondan \u00e7ox olan Boliviya d\u00fcnyada pandemiyadan \u0259n \u00e7ox z\u0259r\u0259r \u00e7\u0259kmi\u015f \u00f6lk\u0259l\u0259rin ilk onlu\u011funa daxildir. Burada t\u0259sdiql\u0259nmi\u015f yoluxmalar\u0131n \u00fcmumi say\u0131na nisb\u0259t\u0259n \u00f6l\u00fcm hallar\u0131n\u0131n say\u0131 da \u00e7ox y\u00fcks\u0259kdir.<\/p>\n<p>Hakimiyy\u0259t orqanlar\u0131 x\u0259b\u0259rdarl\u0131q edir ki, infeksiyalar\u0131n say\u0131 artmaqda davam ed\u0259c\u0259k. Onun pik s\u0259viyy\u0259si sentyabr\u0131n \u0259vv\u0259lind\u0259 g\u00f6zl\u0259nilir. Boliviyada pandemiya &#8220;partlay\u0131\u015f&#8221; h\u0259ddin\u0259 \u00e7ata bil\u0259r.<\/p>\n","protected":false},"excerpt":{"rendered":"<p>Boliviyada COVID-19 il\u0259 ba\u011fl\u0131 v\u0259ziyy\u0259t get-ged\u0259 g\u0259rginl\u0259\u015fir: insanlar\u0131n k\u00fc\u00e7\u0259l\u0259rd\u0259 \u00f6lm\u0259si, h\u0259r g\u00fcn ba\u015f ver\u0259n sosial etirazlar v\u0259 \u00f6lk\u0259nin m\u00fcv\u0259qq\u0259ti h\u00f6kum\u0259tinin \u00fczvl\u0259rinin koronavirusa yoluxmas\u0131 faktlar\u0131 ciddi narahatl\u0131q do\u011furur. ARANTV.AZ\u00a0 AZ\u018fRTAC-a istinad\u0259n bildirir ki, \u00f6lk\u0259nin iri \u015f\u0259h\u0259rl\u0259rind\u0259n biri olan Ko\u00e7abambada k\u00fc\u00e7\u0259nin ortas\u0131nda koronavirusdan \u00f6lm\u00fc\u015f \u015f\u0259xsin c\u0259s\u0259di dem\u0259k olar ki, bir g\u00fcn orada qal\u0131b. Bu, s\u0259hiyy\u0259 sisteminin iflasa u\u011framas\u0131na, koronavirusdan \u00f6l\u0259n insanlar\u0131n d\u0259fni il\u0259 ba\u011fl\u0131 probleml\u0259rin k\u0259skinl\u0259\u015fm\u0259sin\u0259 \u0259yani s\u00fcbutdur. \u018fhalisinin say\u0131 600.000-d\u0259n bir q\u0259d\u0259r \u00e7ox olan Ko\u00e7abamba \u015f\u0259h\u0259ri Boliviyada bu problemin k\u0259skinl\u0259\u015fm\u0259sini \u0259ks etdirir: ail\u0259l\u0259rin \u00e7oxu v\u0259fat etmi\u015f yax\u0131nlar\u0131n\u0131 d\u0259fn etm\u0259k v\u0259 ya&hellip;<\/p>\n","protected":false},"author":2,"featured_media":188674,"comment_status":"closed","ping_status":"closed","sticky":false,"template":"","format":"standard","meta":{"om_disable_all_campaigns":false,"_monsterinsights_skip_tracking":false,"_monsterinsights_sitenote_active":false,"_monsterinsights_sitenote_note":"","_monsterinsights_sitenote_category":0},"categories":[7],"tags":[],"aioseo_notices":[],"gutentor_comment":0,"rttpg_featured_image_url":{"full":["https:\/\/arantv.az\/wp-content\/uploads\/2020\/07\/863656.jpg",800,600,false],"landscape":["https:\/\/arantv.az\/wp-content\/uploads\/2020\/07\/863656.jpg",800,600,false],"portraits":["https:\/\/arantv.az\/wp-content\/uploads\/2020\/07\/863656.jpg",800,600,false],"thumbnail":["https:\/\/arantv.az\/wp-content\/uploads\/2020\/07\/863656-150x150.jpg",150,150,true],"medium":["https:\/\/arantv.az\/wp-content\/uploads\/2020\/07\/863656-300x225.jpg",300,225,true],"large":["https:\/\/arantv.az\/wp-content\/uploads\/2020\/07\/863656.jpg",640,480,false],"1536x1536":["https:\/\/arantv.az\/wp-content\/uploads\/2020\/07\/863656.jpg",800,600,false],"2048x2048":["https:\/\/arantv.az\/wp-content\/uploads\/2020\/07\/863656.jpg",800,600,false],"post-thumbnail":["https:\/\/arantv.az\/wp-content\/uploads\/2020\/07\/863656-240x172.jpg",240,172,true],"advps-thumb-one":["https:\/\/arantv.az\/wp-content\/uploads\/2020\/07\/863656.jpg",800,600,false]},"rttpg_author":{"display_name":"V\u00fcsal Rafiqo\u011flu","author_link":"https:\/\/arantv.az\/?author=2"},"rttpg_comment":0,"rttpg_category":"<a href=\"https:\/\/arantv.az\/?cat=7\" rel=\"category\">D\u00fcnya<\/a>","rttpg_excerpt":"Boliviyada COVID-19 il\u0259 ba\u011fl\u0131 v\u0259ziyy\u0259t get-ged\u0259 g\u0259rginl\u0259\u015fir: insanlar\u0131n k\u00fc\u00e7\u0259l\u0259rd\u0259 \u00f6lm\u0259si, h\u0259r g\u00fcn ba\u015f ver\u0259n sosial etirazlar v\u0259 \u00f6lk\u0259nin m\u00fcv\u0259qq\u0259ti h\u00f6kum\u0259tinin \u00fczvl\u0259rinin koronavirusa yoluxmas\u0131 faktlar\u0131 ciddi narahatl\u0131q do\u011furur. ARANTV.AZ\u00a0 AZ\u018fRTAC-a istinad\u0259n bildirir ki, \u00f6lk\u0259nin iri \u015f\u0259h\u0259rl\u0259rind\u0259n biri olan Ko\u00e7abambada k\u00fc\u00e7\u0259nin ortas\u0131nda koronavirusdan \u00f6lm\u00fc\u015f \u015f\u0259xsin c\u0259s\u0259di dem\u0259k olar ki, bir g\u00fcn orada qal\u0131b. Bu, s\u0259hiyy\u0259 sisteminin iflasa&hellip;","_links":{"self":[{"href":"https:\/\/arantv.az\/index.php?rest_route=\/wp\/v2\/posts\/188673"}],"collection":[{"href":"https:\/\/arantv.az\/index.php?rest_route=\/wp\/v2\/posts"}],"about":[{"href":"https:\/\/arantv.az\/index.php?rest_route=\/wp\/v2\/types\/post"}],"author":[{"embeddable":true,"href":"https:\/\/arantv.az\/index.php?rest_route=\/wp\/v2\/users\/2"}],"replies":[{"embeddable":true,"href":"https:\/\/arantv.az\/index.php?rest_route=%2Fwp%2Fv2%2Fcomments&post=188673"}],"version-history":[{"count":0,"href":"https:\/\/arantv.az\/index.php?rest_route=\/wp\/v2\/posts\/188673\/revisions"}],"wp:featuredmedia":[{"embeddable":true,"href":"https:\/\/arantv.az\/index.php?rest_route=\/wp\/v2\/media\/188674"}],"wp:attachment":[{"href":"https:\/\/arantv.az\/index.php?rest_route=%2Fwp%2Fv2%2Fmedia&parent=188673"}],"wp:term":[{"taxonomy":"category","embeddable":true,"href":"https:\/\/arantv.az\/index.php?rest_route=%2Fwp%2Fv2%2Fcategories&post=188673"},{"taxonomy":"post_tag","embeddable":true,"href":"https:\/\/arantv.az\/index.php?rest_route=%2Fwp%2Fv2%2Ftags&post=188673"}],"curies":[{"name":"wp","href":"https:\/\/api.w.org\/{rel}","templated":true}]}}