{"id":188691,"date":"2020-07-06T18:23:35","date_gmt":"2020-07-06T15:23:35","guid":{"rendered":"http:\/\/arantv.az\/?p=188691"},"modified":"2020-07-06T18:23:35","modified_gmt":"2020-07-06T15:23:35","slug":"bakida-h%c9%99rbi-qulluqcuya-risx%c9%99nd-ed%c9%99n-s%c9%99xs-saxlanildi-haqqinda-arasdirma-baslandi-foto-video","status":"publish","type":"post","link":"https:\/\/arantv.az\/?p=188691","title":{"rendered":"Bak\u0131da h\u0259rbi qulluq\u00e7uya ri\u015fx\u0259nd ed\u0259n \u015f\u0259xs saxlan\u0131ld\u0131, haqq\u0131nda ara\u015fd\u0131rma ba\u015fland\u0131 &#8211; FOTO\/V\u0130DEO"},"content":{"rendered":"<article class=\"news\">\n<div class=\"news-inner\">\n<p>Qaradag\u0306 rayonu Lo\u0308kbatan q\u0259s\u0259b\u0259sind\u0259 xidm\u0259t aparan h\u0259rbi qulluqc\u0327unun qanuni t\u0259l\u0259bl\u0259rin\u0259 ris\u0327x\u0259ndl\u0259 yanas\u0327araq, ho\u0308rm\u0259tsizlik nu\u0308mayis\u0327 etdir\u0259n v\u0259 bu h\u0259r\u0259k\u0259tl\u0259rini mobil telefon vasit\u0259sil\u0259 qeyd\u0259 alaraq sosial s\u0327\u0259b\u0259k\u0259l\u0259rd\u0259 yayan s\u0327\u0259xs mu\u0308\u0259yy\u0259n olunaraq saxlan\u0131l\u0131b.<\/p>\n<p>Bak\u0131 s\u0327\u0259h\u0259r BPI\u0307 M\u0259tbuat Xidm\u0259tind\u0259n Oxu.Az-a veril\u0259n m\u0259lumata go\u0308r\u0259, Qaradag\u0306 rayon sakini, 1986-c\u0131 il t\u0259v\u0259llu\u0308dlu\u0308 Oruc\u0259li Z\u0259rb\u0259liyev Qaradag\u0306 RPI\u0307 10-cu Polis Bo\u0308lm\u0259sin\u0259 d\u0259v\u0259t olunaraq, onun bar\u0259sind\u0259 aras\u0327d\u0131rmalara bas\u0327lan\u0131l\u0131b.<\/p>\n<div id=\"AdviadNativeVideo0\" class=\"AdviadNativeVideo\"><\/div>\n<p>Aras\u0327d\u0131rman\u0131n n\u0259tic\u0259sind\u0259n as\u0131l\u0131 olaraq, onun \u0259m\u0259lin\u0259 hu\u0308quqi qiym\u0259t veril\u0259c\u0259k.<\/p>\n<div><iframe loading=\"lazy\" src=\"https:\/\/player.baku.tv\/embed\/21413\" width=\"560\" height=\"315\" frameborder=\"0\" allowfullscreen=\"allowfullscreen\" data-mce-fragment=\"1\"><\/iframe><\/div>\n<div class=\"gallery\">\n<div class=\"gallery-i\"><img src=\"https:\/\/cdn.oxu.az\/uploads\/W1siZiIsIjIwMjAvMDcvMDYvMTgvNDkvNDYvZjUxYWVkZjctY2ZiYi00Zjg1LTkyNWQtNmMwOTJhZTdhMmE3LzEwNzQ4NzM2Nl8xOTYwMTM1MDg1MDA0NTdfMzU4MDAxNTY2NDY1NTA4NTcyMV9uLmpwZyJdLFsicCIsImVuY29kZSIsImpwZyIsIi1xdWFsaXR5IDgwIl0sWyJwIiwidGh1bWIiLCI1OTB4NTkwXHUwMDNlIl1d?sha=621a9f0c01ee7537\" alt=\"\" \/><\/p>\n<div class=\"gallery-i-caption\"><\/div>\n<\/div>\n<\/div>\n<\/div>\n<\/article>\n<h2 class=\"news-share-title\"><\/h2>\n","protected":false},"excerpt":{"rendered":"<p>Qaradag\u0306 rayonu Lo\u0308kbatan q\u0259s\u0259b\u0259sind\u0259 xidm\u0259t aparan h\u0259rbi qulluqc\u0327unun qanuni t\u0259l\u0259bl\u0259rin\u0259 ris\u0327x\u0259ndl\u0259 yanas\u0327araq, ho\u0308rm\u0259tsizlik nu\u0308mayis\u0327 etdir\u0259n v\u0259 bu h\u0259r\u0259k\u0259tl\u0259rini mobil telefon vasit\u0259sil\u0259 qeyd\u0259 alaraq sosial s\u0327\u0259b\u0259k\u0259l\u0259rd\u0259 yayan s\u0327\u0259xs mu\u0308\u0259yy\u0259n olunaraq saxlan\u0131l\u0131b. Bak\u0131 s\u0327\u0259h\u0259r BPI\u0307 M\u0259tbuat Xidm\u0259tind\u0259n Oxu.Az-a veril\u0259n m\u0259lumata go\u0308r\u0259, Qaradag\u0306 rayon sakini, 1986-c\u0131 il t\u0259v\u0259llu\u0308dlu\u0308 Oruc\u0259li Z\u0259rb\u0259liyev Qaradag\u0306 RPI\u0307 10-cu Polis Bo\u0308lm\u0259sin\u0259 d\u0259v\u0259t olunaraq, onun bar\u0259sind\u0259 aras\u0327d\u0131rmalara bas\u0327lan\u0131l\u0131b. Aras\u0327d\u0131rman\u0131n n\u0259tic\u0259sind\u0259n as\u0131l\u0131 olaraq, onun \u0259m\u0259lin\u0259 hu\u0308quqi qiym\u0259t veril\u0259c\u0259k.<\/p>\n","protected":false},"author":2,"featured_media":188692,"comment_status":"closed","ping_status":"closed","sticky":false,"template":"","format":"standard","meta":{"om_disable_all_campaigns":false,"_monsterinsights_skip_tracking":false,"_monsterinsights_sitenote_active":false,"_monsterinsights_sitenote_note":"","_monsterinsights_sitenote_category":0},"categories":[26],"tags":[],"aioseo_notices":[],"gutentor_comment":0,"rttpg_featured_image_url":{"full":["https:\/\/arantv.az\/wp-content\/uploads\/2020\/07\/107038406_915353345651912_4848983998163200292_n.jpg",620,349,false],"landscape":["https:\/\/arantv.az\/wp-content\/uploads\/2020\/07\/107038406_915353345651912_4848983998163200292_n.jpg",620,349,false],"portraits":["https:\/\/arantv.az\/wp-content\/uploads\/2020\/07\/107038406_915353345651912_4848983998163200292_n.jpg",620,349,false],"thumbnail":["https:\/\/arantv.az\/wp-content\/uploads\/2020\/07\/107038406_915353345651912_4848983998163200292_n-150x150.jpg",150,150,true],"medium":["https:\/\/arantv.az\/wp-content\/uploads\/2020\/07\/107038406_915353345651912_4848983998163200292_n-300x169.jpg",300,169,true],"large":["https:\/\/arantv.az\/wp-content\/uploads\/2020\/07\/107038406_915353345651912_4848983998163200292_n.jpg",620,349,false],"1536x1536":["https:\/\/arantv.az\/wp-content\/uploads\/2020\/07\/107038406_915353345651912_4848983998163200292_n.jpg",620,349,false],"2048x2048":["https:\/\/arantv.az\/wp-content\/uploads\/2020\/07\/107038406_915353345651912_4848983998163200292_n.jpg",620,349,false],"post-thumbnail":["https:\/\/arantv.az\/wp-content\/uploads\/2020\/07\/107038406_915353345651912_4848983998163200292_n-240x172.jpg",240,172,true],"advps-thumb-one":["https:\/\/arantv.az\/wp-content\/uploads\/2020\/07\/107038406_915353345651912_4848983998163200292_n.jpg",620,349,false]},"rttpg_author":{"display_name":"V\u00fcsal Rafiqo\u011flu","author_link":"https:\/\/arantv.az\/?author=2"},"rttpg_comment":0,"rttpg_category":"<a href=\"https:\/\/arantv.az\/?cat=26\" rel=\"category\">Sosial<\/a>","rttpg_excerpt":"Qaradag\u0306 rayonu Lo\u0308kbatan q\u0259s\u0259b\u0259sind\u0259 xidm\u0259t aparan h\u0259rbi qulluqc\u0327unun qanuni t\u0259l\u0259bl\u0259rin\u0259 ris\u0327x\u0259ndl\u0259 yanas\u0327araq, ho\u0308rm\u0259tsizlik nu\u0308mayis\u0327 etdir\u0259n v\u0259 bu h\u0259r\u0259k\u0259tl\u0259rini mobil telefon vasit\u0259sil\u0259 qeyd\u0259 alaraq sosial s\u0327\u0259b\u0259k\u0259l\u0259rd\u0259 yayan s\u0327\u0259xs mu\u0308\u0259yy\u0259n olunaraq saxlan\u0131l\u0131b. Bak\u0131 s\u0327\u0259h\u0259r BPI\u0307 M\u0259tbuat Xidm\u0259tind\u0259n Oxu.Az-a veril\u0259n m\u0259lumata go\u0308r\u0259, Qaradag\u0306 rayon sakini, 1986-c\u0131 il t\u0259v\u0259llu\u0308dlu\u0308 Oruc\u0259li Z\u0259rb\u0259liyev Qaradag\u0306 RPI\u0307 10-cu Polis Bo\u0308lm\u0259sin\u0259 d\u0259v\u0259t olunaraq, onun&hellip;","_links":{"self":[{"href":"https:\/\/arantv.az\/index.php?rest_route=\/wp\/v2\/posts\/188691"}],"collection":[{"href":"https:\/\/arantv.az\/index.php?rest_route=\/wp\/v2\/posts"}],"about":[{"href":"https:\/\/arantv.az\/index.php?rest_route=\/wp\/v2\/types\/post"}],"author":[{"embeddable":true,"href":"https:\/\/arantv.az\/index.php?rest_route=\/wp\/v2\/users\/2"}],"replies":[{"embeddable":true,"href":"https:\/\/arantv.az\/index.php?rest_route=%2Fwp%2Fv2%2Fcomments&post=188691"}],"version-history":[{"count":0,"href":"https:\/\/arantv.az\/index.php?rest_route=\/wp\/v2\/posts\/188691\/revisions"}],"wp:featuredmedia":[{"embeddable":true,"href":"https:\/\/arantv.az\/index.php?rest_route=\/wp\/v2\/media\/188692"}],"wp:attachment":[{"href":"https:\/\/arantv.az\/index.php?rest_route=%2Fwp%2Fv2%2Fmedia&parent=188691"}],"wp:term":[{"taxonomy":"category","embeddable":true,"href":"https:\/\/arantv.az\/index.php?rest_route=%2Fwp%2Fv2%2Fcategories&post=188691"},{"taxonomy":"post_tag","embeddable":true,"href":"https:\/\/arantv.az\/index.php?rest_route=%2Fwp%2Fv2%2Ftags&post=188691"}],"curies":[{"name":"wp","href":"https:\/\/api.w.org\/{rel}","templated":true}]}}