{"id":188739,"date":"2020-07-07T08:07:49","date_gmt":"2020-07-07T05:07:49","guid":{"rendered":"http:\/\/arantv.az\/?p=188739"},"modified":"2020-07-07T08:07:49","modified_gmt":"2020-07-07T05:07:49","slug":"ilham-%c9%99liyev-fairmontdaki-karantin-pozulmasindan-danisdi-bas-ver%c9%99n-o-biabirci-hadis%c9%99-dozulm%c9%99zdir-video","status":"publish","type":"post","link":"https:\/\/arantv.az\/?p=188739","title":{"rendered":"\u0130lham \u018fliyev \u201cFairmont\u201ddak\u0131 karantin pozulmas\u0131ndan dan\u0131\u015fd\u0131: \u201cBa\u015f ver\u0259n o biab\u0131r\u00e7\u0131 hadis\u0259 d\u00f6z\u00fclm\u0259zdir\u201d &#8211; V\u0130DEO"},"content":{"rendered":"<p>\u201cX\u0259st\u0259liyin yay\u0131lmas\u0131n\u0131n ba\u015fl\u0131ca s\u0259b\u0259bi b\u0259zi insanlar\u0131n m\u0259suliyy\u0259tsizliyidir. Onlar sad\u0259 qaydalar\u0131 g\u00f6zl\u0259mirl\u0259r, bunlara \u0259m\u0259l etmirl\u0259r. Ona g\u00f6r\u0259 biz m\u0259cbur olub c\u0259rim\u0259l\u0259ri art\u0131rd\u0131q. B\u0259zi hallarda karantin rejimini pozanlara qar\u015f\u0131 s\u0259rt add\u0131mlar atma\u011fa m\u0259cbur oluruq. Ancaq onlar da \u00f6z m\u0259suliyy\u0259tini d\u0259rk etm\u0259lidirl\u0259r\u201d.<\/p>\n<p><strong>ARANTV.AZ\u00a0<\/strong> x\u0259b\u0259r verir ki, bu s\u00f6zl\u0259ri Prezident \u0130lham \u018fliyev yerli telekanallara m\u00fcsahib\u0259sind\u0259 deyib.<\/p>\n<p>\u00d6lk\u0259 ba\u015f\u00e7\u0131s\u0131 \u00f6t\u0259n g\u00fcn \u201cFairmont Baku\u201d hotelind\u0259 ba\u015f vermi\u015f hadis\u0259d\u0259n d\u0259 s\u00f6z a\u00e7\u0131b:<\/p>\n<article class=\"news\">\n<div class=\"news-inner\">\n<p>\u201cB\u00fct\u00fcn qaydalar insanlar\u0131n, o c\u00fcml\u0259d\u0259n karantin rejimini pozanlar\u0131n sa\u011flaml\u0131\u011f\u0131n\u0131n qorunmas\u0131na hesablan\u0131b. Amma biz g\u00f6r\u00fcr\u00fck ki, insanlar bu rejimi n\u00fcmayi\u015fkaran\u0259 pozurlar. D\u00fcn\u0259n m\u0259\u015fhur bir oteld\u0259 ba\u015f ver\u0259n o biab\u0131r\u00e7\u0131 hadis\u0259 d\u00f6z\u00fclm\u0259zdir. Ona g\u00f6r\u0259, \u0259lb\u0259tt\u0259, Az\u0259rbaycan polisi d\u00fcz ed\u0259r\u0259k m\u00fcdaxil\u0259 edib. Polis orqanlar\u0131na m\u0259nim t\u0259r\u0259fimd\u0259n \u00e7ox ciddi g\u00f6st\u0259ri\u015f verilibdir ki, b\u00fct\u00fcn pozuntulara adekvat reaksiya verilm\u0259lidir.<\/p>\n<p>He\u00e7 kim qanundan \u00fcst\u00fcn deyil &#8211; ist\u0259r yerli, ist\u0259r xarici \u015firk\u0259t, ist\u0259r yerli v\u0259t\u0259nda\u015f, ist\u0259r xarici v\u0259t\u0259nda\u015f olsun, f\u0259rq etmir, biz xalq\u0131m\u0131z\u0131 qorumal\u0131y\u0131q, biz xalq\u0131m\u0131z\u0131n sa\u011flaml\u0131\u011f\u0131n\u0131 qorumal\u0131y\u0131q. Eyni zamanda, m\u00f6vcud qanunlar v\u0259 karantin rejimi il\u0259 ba\u011fl\u0131 t\u0259tbiq edil\u0259n qaydalar h\u0259r k\u0259s \u00fc\u00e7\u00fcn \u0259sas olmal\u0131d\u0131r.<\/p>\n<p>Ona g\u00f6r\u0259 biz bundan sonra da bu istiqam\u0259td\u0259 add\u0131mlar\u0131m\u0131z\u0131 ataca\u011f\u0131q. \u018fg\u0259r o qaydalar\u0131 pozan insanlar daha m\u0259suliyy\u0259tli olarlarsa v\u0259 nizam-intizama riay\u0259t ed\u0259rl\u0259rs\u0259, hesab edir\u0259m ki, biz pandemiyan\u0131 n\u0259zar\u0259td\u0259 saxlaya bil\u0259c\u0259yik\u201d.<\/p>\n<div><iframe loading=\"lazy\" src=\"https:\/\/player.baku.tv\/embed\/21419\" width=\"560\" height=\"315\" frameborder=\"0\" allowfullscreen=\"allowfullscreen\" data-mce-fragment=\"1\"><\/iframe><\/div>\n<\/div>\n<\/article>\n<h2 class=\"news-share-title\"><\/h2>\n<p>AZ\u018fRTAC<\/p>\n","protected":false},"excerpt":{"rendered":"<p>\u201cX\u0259st\u0259liyin yay\u0131lmas\u0131n\u0131n ba\u015fl\u0131ca s\u0259b\u0259bi b\u0259zi insanlar\u0131n m\u0259suliyy\u0259tsizliyidir. Onlar sad\u0259 qaydalar\u0131 g\u00f6zl\u0259mirl\u0259r, bunlara \u0259m\u0259l etmirl\u0259r. Ona g\u00f6r\u0259 biz m\u0259cbur olub c\u0259rim\u0259l\u0259ri art\u0131rd\u0131q. B\u0259zi hallarda karantin rejimini pozanlara qar\u015f\u0131 s\u0259rt add\u0131mlar atma\u011fa m\u0259cbur oluruq. Ancaq onlar da \u00f6z m\u0259suliyy\u0259tini d\u0259rk etm\u0259lidirl\u0259r\u201d. ARANTV.AZ\u00a0 x\u0259b\u0259r verir ki, bu s\u00f6zl\u0259ri Prezident \u0130lham \u018fliyev yerli telekanallara m\u00fcsahib\u0259sind\u0259 deyib. \u00d6lk\u0259 ba\u015f\u00e7\u0131s\u0131 \u00f6t\u0259n g\u00fcn \u201cFairmont Baku\u201d hotelind\u0259 ba\u015f vermi\u015f hadis\u0259d\u0259n d\u0259 s\u00f6z a\u00e7\u0131b: \u201cB\u00fct\u00fcn qaydalar insanlar\u0131n, o c\u00fcml\u0259d\u0259n karantin rejimini pozanlar\u0131n sa\u011flaml\u0131\u011f\u0131n\u0131n qorunmas\u0131na hesablan\u0131b. Amma biz g\u00f6r\u00fcr\u00fck ki, insanlar bu rejimi n\u00fcmayi\u015fkaran\u0259 pozurlar. D\u00fcn\u0259n m\u0259\u015fhur bir oteld\u0259 ba\u015f&hellip;<\/p>\n","protected":false},"author":2,"featured_media":188740,"comment_status":"closed","ping_status":"closed","sticky":false,"template":"","format":"standard","meta":{"om_disable_all_campaigns":false,"_monsterinsights_skip_tracking":false,"_monsterinsights_sitenote_active":false,"_monsterinsights_sitenote_note":"","_monsterinsights_sitenote_category":0},"categories":[8],"tags":[],"aioseo_notices":[],"gutentor_comment":0,"rttpg_featured_image_url":{"full":["https:\/\/arantv.az\/wp-content\/uploads\/2020\/07\/15940359672144350151_1000x669.jpg",620,431,false],"landscape":["https:\/\/arantv.az\/wp-content\/uploads\/2020\/07\/15940359672144350151_1000x669.jpg",620,431,false],"portraits":["https:\/\/arantv.az\/wp-content\/uploads\/2020\/07\/15940359672144350151_1000x669.jpg",620,431,false],"thumbnail":["https:\/\/arantv.az\/wp-content\/uploads\/2020\/07\/15940359672144350151_1000x669-150x150.jpg",150,150,true],"medium":["https:\/\/arantv.az\/wp-content\/uploads\/2020\/07\/15940359672144350151_1000x669-300x209.jpg",300,209,true],"large":["https:\/\/arantv.az\/wp-content\/uploads\/2020\/07\/15940359672144350151_1000x669.jpg",620,431,false],"1536x1536":["https:\/\/arantv.az\/wp-content\/uploads\/2020\/07\/15940359672144350151_1000x669.jpg",620,431,false],"2048x2048":["https:\/\/arantv.az\/wp-content\/uploads\/2020\/07\/15940359672144350151_1000x669.jpg",620,431,false],"post-thumbnail":["https:\/\/arantv.az\/wp-content\/uploads\/2020\/07\/15940359672144350151_1000x669-240x172.jpg",240,172,true],"advps-thumb-one":["https:\/\/arantv.az\/wp-content\/uploads\/2020\/07\/15940359672144350151_1000x669.jpg",620,431,false]},"rttpg_author":{"display_name":"V\u00fcsal Rafiqo\u011flu","author_link":"https:\/\/arantv.az\/?author=2"},"rttpg_comment":0,"rttpg_category":"<a href=\"https:\/\/arantv.az\/?cat=8\" rel=\"category\">\u018fsas s\u0259hif\u0259<\/a>","rttpg_excerpt":"\u201cX\u0259st\u0259liyin yay\u0131lmas\u0131n\u0131n ba\u015fl\u0131ca s\u0259b\u0259bi b\u0259zi insanlar\u0131n m\u0259suliyy\u0259tsizliyidir. Onlar sad\u0259 qaydalar\u0131 g\u00f6zl\u0259mirl\u0259r, bunlara \u0259m\u0259l etmirl\u0259r. Ona g\u00f6r\u0259 biz m\u0259cbur olub c\u0259rim\u0259l\u0259ri art\u0131rd\u0131q. B\u0259zi hallarda karantin rejimini pozanlara qar\u015f\u0131 s\u0259rt add\u0131mlar atma\u011fa m\u0259cbur oluruq. Ancaq onlar da \u00f6z m\u0259suliyy\u0259tini d\u0259rk etm\u0259lidirl\u0259r\u201d. ARANTV.AZ\u00a0 x\u0259b\u0259r verir ki, bu s\u00f6zl\u0259ri Prezident \u0130lham \u018fliyev yerli telekanallara m\u00fcsahib\u0259sind\u0259 deyib. \u00d6lk\u0259 ba\u015f\u00e7\u0131s\u0131 \u00f6t\u0259n&hellip;","_links":{"self":[{"href":"https:\/\/arantv.az\/index.php?rest_route=\/wp\/v2\/posts\/188739"}],"collection":[{"href":"https:\/\/arantv.az\/index.php?rest_route=\/wp\/v2\/posts"}],"about":[{"href":"https:\/\/arantv.az\/index.php?rest_route=\/wp\/v2\/types\/post"}],"author":[{"embeddable":true,"href":"https:\/\/arantv.az\/index.php?rest_route=\/wp\/v2\/users\/2"}],"replies":[{"embeddable":true,"href":"https:\/\/arantv.az\/index.php?rest_route=%2Fwp%2Fv2%2Fcomments&post=188739"}],"version-history":[{"count":0,"href":"https:\/\/arantv.az\/index.php?rest_route=\/wp\/v2\/posts\/188739\/revisions"}],"wp:featuredmedia":[{"embeddable":true,"href":"https:\/\/arantv.az\/index.php?rest_route=\/wp\/v2\/media\/188740"}],"wp:attachment":[{"href":"https:\/\/arantv.az\/index.php?rest_route=%2Fwp%2Fv2%2Fmedia&parent=188739"}],"wp:term":[{"taxonomy":"category","embeddable":true,"href":"https:\/\/arantv.az\/index.php?rest_route=%2Fwp%2Fv2%2Fcategories&post=188739"},{"taxonomy":"post_tag","embeddable":true,"href":"https:\/\/arantv.az\/index.php?rest_route=%2Fwp%2Fv2%2Ftags&post=188739"}],"curies":[{"name":"wp","href":"https:\/\/api.w.org\/{rel}","templated":true}]}}