{"id":18877,"date":"2018-10-14T10:11:53","date_gmt":"2018-10-14T07:11:53","guid":{"rendered":"http:\/\/arantv.az\/?p=18877"},"modified":"2018-10-14T10:11:53","modified_gmt":"2018-10-14T07:11:53","slug":"prezident-ilham-%c9%99liyevin-ot%c9%99n-15-ild%c9%99ki-f%c9%99aliyy%c9%99ti-az%c9%99rbaycan-dovl%c9%99tinin-varliq-%c9%99b%c9%99dilik-t%c9%99minatidir","status":"publish","type":"post","link":"https:\/\/arantv.az\/?p=18877","title":{"rendered":"&#8220;Prezident \u0130lham \u018fliyevin \u00f6t\u0259n 15 ild\u0259ki f\u0259aliyy\u0259ti Az\u0259rbaycan d\u00f6vl\u0259tinin varl\u0131q, \u0259b\u0259dilik t\u0259minat\u0131d\u0131r&#8221;"},"content":{"rendered":"<blockquote><p><em><strong>\u00d6t\u0259n 15 ilin d\u0259yi\u015f\u0259n Az\u0259rbaycan\u0131 heyr\u0259t do\u011furur.<\/strong><\/em><\/p><\/blockquote>\n<p><strong>ARANTV.AZ<\/strong> x\u0259b\u0259r verir ki, bunu trend-\u0259 mill\u0259t v\u0259kili, Az\u0259rbaycan M\u0259tbuat \u015euras\u0131n\u0131n s\u0259dri \u018fflatun Ama\u015fov deyib.<\/p>\n<p>\u018f.Ama\u015fov qeyd edib ki, Prezident \u0130lham \u018fliyevin \u00f6t\u0259n 15 ild\u0259ki f\u0259aliyy\u0259ti Az\u0259rbaycan d\u00f6vl\u0259tinin varl\u0131q, \u0259b\u0259dilik t\u0259minat\u0131d\u0131r:<\/p>\n<p>&#8220;Bu, son d\u0259r\u0259c\u0259 tarixi u\u011furdur. M\u0259n bu u\u011furu d\u0259y\u0259rl\u0259ndir\u0259rk\u0259n ilk n\u00f6vb\u0259d\u0259 ulu \u00f6nd\u0259r Heyd\u0259r \u018fliyevin d\u0259 m\u00fcst\u0259sna xidm\u0259tl\u0259rini yada salma\u011f\u0131 z\u0259ruri say\u0131ram. Hesab edir\u0259m ki, Heyd\u0259r \u018fliyev Az\u0259rbaycan\u0131n timsal\u0131nda kifay\u0259t q\u0259d\u0259r m\u00fcr\u0259kk\u0259b, m\u00fcxt\u0259lif qlobal g\u00fccl\u0259rin maraq dair\u0259sind\u0259 olan C\u0259nubi Qafqaz regionunun bir n\u00f6v axar\u0131n\u0131 d\u0259yi\u015fdi. B\u0259lk\u0259 \u00e7oxlar\u0131 d\u00fc\u015f\u00fcn\u0259 bil\u0259rdi ki, \u00f6lk\u0259mizin 1991-ci il m\u00fcst\u0259qilliyi formal xarakter da\u015f\u0131yacaq, lakin Heyd\u0259r \u018fliyev formall\u0131q kimi g\u00f6r\u00fcn\u0259n prosesi dan\u0131lmaz reall\u0131q hal\u0131na g\u0259tirdi. C\u0259nab \u0130lham \u018fliyev is\u0259 Az\u0259rbaycan\u0131 hesabla\u015f\u0131las\u0131 vacib olan g\u00fcc\u0259 \u00e7evirdi. Bir d\u00f6vl\u0259t ba\u015f\u00e7\u0131s\u0131n\u0131n ad\u0131n\u0131n tarix\u0259 ke\u00e7m\u0259si \u00fc\u00e7\u00fcn bundan b\u00f6y\u00fck xidm\u0259t ola bilm\u0259z&#8221;.<\/p>\n<p>Mill\u0259t v\u0259kili vur\u011fulay\u0131b ki, Prezident \u0130lham \u018fliyev daxili v\u0259 xarici siyas\u0259ti daim v\u0259hd\u0259td\u0259 tutan s\u0259ri\u015ft\u0259li lider kimi d\u0259 \u00f6z\u00fcn\u00fc t\u0259sdiql\u0259di:<\/p>\n<p>&#8220;Onun h\u0259r xarici siyas\u0259t u\u011furunda daxild\u0259ki v\u0259t\u0259nda\u015f, v\u0259t\u0259nda\u015f\u0131n rifah\u0131 amili ba\u015fl\u0131ca x\u0259tt olaraq \u00f6z\u00fcn\u00fc g\u00f6st\u0259rdi. Bu bax\u0131mdan 15 ilin statistik r\u0259q\u0259ml\u0259ri h\u0259qiq\u0259t\u0259n d\u0259 heyr\u0259t do\u011furur. \u00dcmum\u0259n \u00f6t\u0259n 15 ilin d\u0259yi\u015f\u0259n Az\u0259rbaycan\u0131 heyr\u0259t do\u011furur. El\u0259 bir sah\u0259, el\u0259 bir istiqam\u0259t yoxdur ki, orada y\u00fcks\u0259k inki\u015faf olmas\u0131n, t\u0259r\u0259qqi m\u00fc\u015fahid\u0259 edilm\u0259sin. Tarixd\u0259 intibah d\u00f6vr\u00fc deyil\u0259n m\u0259rh\u0259l\u0259 var. Orta \u0259sl\u0259rin Avropas\u0131nda v\u0259 Az\u0259rbaycan\u0131nda bu m\u0259rh\u0259l\u0259 f\u0259rqli \u0259srl\u0259rd\u0259 ya\u015fan\u0131b. \u0130ntibah\u0131 \u015f\u0259rtl\u0259ndir\u0259n x\u00fcsusiyy\u0259tl\u0259r var. C\u0259nab \u0130lham \u018fliyevin Prezidentliyinin \u00f6t\u0259n 15 ilini m\u00fcasir d\u00f6vr Az\u0259rbaycan\u0131n\u0131n intibah d\u00f6vr\u00fc kimi xarakteriz\u0259 ed\u0259rdim. Bu intibah d\u00fcnyaya a\u00e7\u0131l\u0131m idi. Bu intibah eyni zamanda d\u00fcnyaya Az\u0259rbaycan m\u0259d\u0259niyy\u0259tinin ax\u0131n\u0131n\u0131 do\u011furdu, \u00f6lk\u0259miz\u0259 m\u0259d\u0259niyy\u0259tl\u0259rin qovu\u015fdu\u011fu m\u0259kan statusu qazand\u0131rd\u0131&#8221;.<\/p>\n","protected":false},"excerpt":{"rendered":"<p>\u00d6t\u0259n 15 ilin d\u0259yi\u015f\u0259n Az\u0259rbaycan\u0131 heyr\u0259t do\u011furur. ARANTV.AZ x\u0259b\u0259r verir ki, bunu trend-\u0259 mill\u0259t v\u0259kili, Az\u0259rbaycan M\u0259tbuat \u015euras\u0131n\u0131n s\u0259dri \u018fflatun Ama\u015fov deyib. \u018f.Ama\u015fov qeyd edib ki, Prezident \u0130lham \u018fliyevin \u00f6t\u0259n 15 ild\u0259ki f\u0259aliyy\u0259ti Az\u0259rbaycan d\u00f6vl\u0259tinin varl\u0131q, \u0259b\u0259dilik t\u0259minat\u0131d\u0131r: &#8220;Bu, son d\u0259r\u0259c\u0259 tarixi u\u011furdur. M\u0259n bu u\u011furu d\u0259y\u0259rl\u0259ndir\u0259rk\u0259n ilk n\u00f6vb\u0259d\u0259 ulu \u00f6nd\u0259r Heyd\u0259r \u018fliyevin d\u0259 m\u00fcst\u0259sna xidm\u0259tl\u0259rini yada salma\u011f\u0131 z\u0259ruri say\u0131ram. Hesab edir\u0259m ki, Heyd\u0259r \u018fliyev Az\u0259rbaycan\u0131n timsal\u0131nda kifay\u0259t q\u0259d\u0259r m\u00fcr\u0259kk\u0259b, m\u00fcxt\u0259lif qlobal g\u00fccl\u0259rin maraq dair\u0259sind\u0259 olan C\u0259nubi Qafqaz regionunun bir n\u00f6v axar\u0131n\u0131 d\u0259yi\u015fdi. B\u0259lk\u0259 \u00e7oxlar\u0131 d\u00fc\u015f\u00fcn\u0259 bil\u0259rdi ki, \u00f6lk\u0259mizin 1991-ci&hellip;<\/p>\n","protected":false},"author":2,"featured_media":18878,"comment_status":"closed","ping_status":"closed","sticky":false,"template":"","format":"standard","meta":{"om_disable_all_campaigns":false,"_monsterinsights_skip_tracking":false,"_monsterinsights_sitenote_active":false,"_monsterinsights_sitenote_note":"","_monsterinsights_sitenote_category":0},"categories":[4],"tags":[],"aioseo_notices":[],"gutentor_comment":0,"rttpg_featured_image_url":{"full":["https:\/\/arantv.az\/wp-content\/uploads\/2018\/10\/eflatun_amasov_07.jpg",800,600,false],"landscape":["https:\/\/arantv.az\/wp-content\/uploads\/2018\/10\/eflatun_amasov_07.jpg",800,600,false],"portraits":["https:\/\/arantv.az\/wp-content\/uploads\/2018\/10\/eflatun_amasov_07.jpg",800,600,false],"thumbnail":["https:\/\/arantv.az\/wp-content\/uploads\/2018\/10\/eflatun_amasov_07-150x150.jpg",150,150,true],"medium":["https:\/\/arantv.az\/wp-content\/uploads\/2018\/10\/eflatun_amasov_07-300x225.jpg",300,225,true],"large":["https:\/\/arantv.az\/wp-content\/uploads\/2018\/10\/eflatun_amasov_07.jpg",640,480,false],"1536x1536":["https:\/\/arantv.az\/wp-content\/uploads\/2018\/10\/eflatun_amasov_07.jpg",800,600,false],"2048x2048":["https:\/\/arantv.az\/wp-content\/uploads\/2018\/10\/eflatun_amasov_07.jpg",800,600,false],"post-thumbnail":["https:\/\/arantv.az\/wp-content\/uploads\/2018\/10\/eflatun_amasov_07-240x172.jpg",240,172,true],"advps-thumb-one":["https:\/\/arantv.az\/wp-content\/uploads\/2018\/10\/eflatun_amasov_07.jpg",800,600,false]},"rttpg_author":{"display_name":"V\u00fcsal Rafiqo\u011flu","author_link":"https:\/\/arantv.az\/?author=2"},"rttpg_comment":0,"rttpg_category":"<a href=\"https:\/\/arantv.az\/?cat=4\" rel=\"category\">Siyas\u0259t<\/a>","rttpg_excerpt":"\u00d6t\u0259n 15 ilin d\u0259yi\u015f\u0259n Az\u0259rbaycan\u0131 heyr\u0259t do\u011furur. ARANTV.AZ x\u0259b\u0259r verir ki, bunu trend-\u0259 mill\u0259t v\u0259kili, Az\u0259rbaycan M\u0259tbuat \u015euras\u0131n\u0131n s\u0259dri \u018fflatun Ama\u015fov deyib. \u018f.Ama\u015fov qeyd edib ki, Prezident \u0130lham \u018fliyevin \u00f6t\u0259n 15 ild\u0259ki f\u0259aliyy\u0259ti Az\u0259rbaycan d\u00f6vl\u0259tinin varl\u0131q, \u0259b\u0259dilik t\u0259minat\u0131d\u0131r: &#8220;Bu, son d\u0259r\u0259c\u0259 tarixi u\u011furdur. M\u0259n bu u\u011furu d\u0259y\u0259rl\u0259ndir\u0259rk\u0259n ilk n\u00f6vb\u0259d\u0259 ulu \u00f6nd\u0259r Heyd\u0259r \u018fliyevin d\u0259 m\u00fcst\u0259sna&hellip;","_links":{"self":[{"href":"https:\/\/arantv.az\/index.php?rest_route=\/wp\/v2\/posts\/18877"}],"collection":[{"href":"https:\/\/arantv.az\/index.php?rest_route=\/wp\/v2\/posts"}],"about":[{"href":"https:\/\/arantv.az\/index.php?rest_route=\/wp\/v2\/types\/post"}],"author":[{"embeddable":true,"href":"https:\/\/arantv.az\/index.php?rest_route=\/wp\/v2\/users\/2"}],"replies":[{"embeddable":true,"href":"https:\/\/arantv.az\/index.php?rest_route=%2Fwp%2Fv2%2Fcomments&post=18877"}],"version-history":[{"count":0,"href":"https:\/\/arantv.az\/index.php?rest_route=\/wp\/v2\/posts\/18877\/revisions"}],"wp:featuredmedia":[{"embeddable":true,"href":"https:\/\/arantv.az\/index.php?rest_route=\/wp\/v2\/media\/18878"}],"wp:attachment":[{"href":"https:\/\/arantv.az\/index.php?rest_route=%2Fwp%2Fv2%2Fmedia&parent=18877"}],"wp:term":[{"taxonomy":"category","embeddable":true,"href":"https:\/\/arantv.az\/index.php?rest_route=%2Fwp%2Fv2%2Fcategories&post=18877"},{"taxonomy":"post_tag","embeddable":true,"href":"https:\/\/arantv.az\/index.php?rest_route=%2Fwp%2Fv2%2Ftags&post=18877"}],"curies":[{"name":"wp","href":"https:\/\/api.w.org\/{rel}","templated":true}]}}