{"id":18880,"date":"2018-10-14T10:14:08","date_gmt":"2018-10-14T07:14:08","guid":{"rendered":"http:\/\/arantv.az\/?p=18880"},"modified":"2018-10-14T10:14:08","modified_gmt":"2018-10-14T07:14:08","slug":"prezident-ilham-%c9%99liyev-dunyada-q%c9%99bul-olunmus-gork%c9%99mli-siyasi-liderdir-akademik","status":"publish","type":"post","link":"https:\/\/arantv.az\/?p=18880","title":{"rendered":"&#8220;Prezident \u0130lham \u018fliyev d\u00fcnyada q\u0259bul olunmu\u015f g\u00f6rk\u0259mli siyasi liderdir&#8221; \u2014 Akademik"},"content":{"rendered":"<div class=\"spot\">&#8220;Q\u0131sa m\u00fcdd\u0259td\u0259 s\u00f6z\u00fcn \u0259sl m\u0259nas\u0131nda m\u00f6ht\u0259\u015f\u0259m add\u0131mlarla ir\u0259lil\u0259y\u0259n m\u00fcst\u0259qil Az\u0259rbaycan d\u00f6vl\u0259tinin b\u00f6y\u00fck t\u0259r\u0259qqisind\u0259 \u0130lham \u018fliyevin prezidentlik f\u0259aliyy\u0259tinin x\u00fcsusi pay\u0131 var&#8221;.<\/div>\n<p><strong>ARANTV.AZ<\/strong> bildirir ki, bunu trend-\u0259 Az\u0259rbaycan Milli Elml\u0259r Akademiyas\u0131n\u0131n vitse-prezidenti, Milli M\u0259clisin Elm v\u0259 t\u0259hsil komit\u0259sinin s\u0259dri, akademik \u0130sa H\u0259bibb\u0259yli deyib.<\/p>\n<p>O qeyd edib ki, bu g\u00fcn \u0130lham \u018fliyev art\u0131q geni\u015f m\u0259nada d\u00fcnyada q\u0259bul olunmu\u015f g\u00f6rk\u0259mli siyasi liderdir.<\/p>\n<p>Akademikin s\u00f6zl\u0259rin\u0259 g\u00f6r\u0259, d\u00fcnya ictimaiyy\u0259ti d\u0259, Az\u0259rbaycan xalq\u0131 da art\u0131q \u00e7oxdand\u0131r ki, Prezident \u0130lham \u018fliyevi b\u00f6y\u00fck siyas\u0259t\u00e7i, yaxud siyasi idar\u0259etm\u0259ni h\u0259yati prosesl\u0259rl\u0259 b\u00fct\u00fcn inc\u0259likl\u0259rin\u0259 q\u0259d\u0259r uzla\u015fd\u0131rmaq v\u0259zif\u0259l\u0259rini m\u0259har\u0259tl\u0259 ger\u00e7\u0259kl\u0259\u015fdir\u0259n kamil siyasi xadim kimi q\u0259bul edir:<\/p>\n<p>\u201cArt\u0131q h\u0259r k\u0259s\u0259 yax\u015f\u0131 b\u0259llidir ki, Az\u0259rbaycan Prezidenti \u0130lham \u018fliyev d\u00fcnyada XXI \u0259srin meydana \u00e7\u0131xard\u0131\u011f\u0131 yeni siyasi liderl\u0259rin v\u0259 d\u00f6vl\u0259t ba\u015f\u00e7\u0131lar\u0131n\u0131n \u0259n g\u00f6rk\u0259mlisidir. D\u00fcnya t\u0259cr\u00fcb\u0259sind\u0259n g\u00f6r\u00fcn\u00fcr ki, bir \u00e7ox d\u00f6vl\u0259t ba\u015f\u00e7\u0131lar\u0131 yaln\u0131z \u00f6lk\u0259y\u0259 \u00fcmumi r\u0259hb\u0259rlik v\u0259zif\u0259sini yerin\u0259 yetirm\u0259kl\u0259 kifay\u0259tl\u0259nm\u0259li olurlar. Onlar\u0131n bir \u00e7oxunun ampluas\u0131 praktik r\u0259hb\u0259rlikd\u0259n ba\u015fqa daha he\u00e7 n\u0259yi \u0259hat\u0259 ed\u0259, yaxud \u0259ks etdir\u0259 bilmir. Prezident \u0130lham \u018fliyev is\u0259 bacar\u0131ql\u0131, m\u00fck\u0259mm\u0259l, qurucu d\u00f6vl\u0259t xadimi olmaqla yana\u015f\u0131, h\u0259m d\u0259 geni\u015f, qlobal d\u00fcnyag\u00f6r\u00fc\u015f\u0259, analitik t\u0259hlil bacar\u0131\u011f\u0131na, praqmatik bax\u0131\u015flara malik m\u00fck\u0259mm\u0259l siyasi xadimdir. O, m\u00f6vcud siyasi reall\u0131qlar\u0131 inki\u015fafda olan ictimai prosesl\u0259rl\u0259 b\u00f6y\u00fck m\u0259har\u0259tl\u0259 uzla\u015fd\u0131rma\u011f\u0131 bacar\u0131r. Siyasi ger\u00e7\u0259klikl\u0259ri d\u0259rind\u0259n, \u0259trafl\u0131 v\u0259 sistemli \u015f\u0259kild\u0259 d\u0259y\u0259rl\u0259ndir\u0259nd\u0259 d\u0259, yax\u0131n v\u0259 uzaq g\u0259l\u0259c\u0259kd\u0259n s\u00f6z a\u00e7anda da nikbin v\u0259 realist g\u00f6r\u00fcn\u00fcr\u201d.<\/p>\n<p>\u0130.H\u0259bibb\u0259yli vur\u011fulay\u0131b ki, Prezident kimi \u0130lham \u018fliyevin siyasi-ideoloji postulat\u0131 art\u0131q b\u00f6y\u00fck d\u00f6vl\u0259tl\u0259rin r\u0259hb\u0259rl\u0259rinin, yaxud \u00e7oxillik t\u0259cr\u00fcb\u0259y\u0259 malik siyasi xadiml\u0259rin s\u0259viyy\u0259si il\u0259 bir s\u0131rada dayan\u0131r.<\/p>\n<p>AMEA-n\u0131n vitse-prezidenti bildirib ki, Prezident \u0130lham \u018fliyevin siyasi f\u0259aliyy\u0259tinin ana x\u0259tl\u0259rini az\u0259rbaycan\u00e7\u0131l\u0131q m\u0259fkur\u0259si, mill\u0259tl\u0259raras\u0131 m\u00fcnaqi\u015f\u0259l\u0259rin h\u0259lli, yeni neft strategiyas\u0131, enerji t\u0259hl\u00fck\u0259sizliyi, b\u0259\u015f\u0259riyy\u0259tin taleyind\u0259 \u00e7oxaspektli dialoqun rolu, multikulturalizm v\u0259 tolerantl\u0131q f\u0259ls\u0259f\u0259si, iqtisadiyyat\u0131n \u015fax\u0259l\u0259ndirilmi\u015f inki\u015faf\u0131, d\u00f6vl\u0259t\u00e7ilikd\u0259 xalq faktorunun \u00fcst\u00fcn m\u00f6vqeyi v\u0259 sair kimi aktual, x\u00fcsusi \u00e7\u0259kiy\u0259 malik m\u0259s\u0259l\u0259l\u0259r t\u0259\u015fkil edir:<\/p>\n<p>&#8220;\u0130qtisadiyyatda \u00f6z\u0259l sektorun \u00fcst\u00fcnl\u00fck qazanmas\u0131, neft g\u0259lirl\u0259rinin m\u0259qs\u0259dy\u00f6nl\u00fc idar\u0259 olunmas\u0131 il\u0259 yana\u015f\u0131, qeyri-neft sah\u0259l\u0259rinin inki\u015faf etdirilm\u0259sin\u0259 x\u00fcsusi diqq\u0259t yetirilm\u0259si d\u0259 Prezident \u0130lham \u018fliyevin siyas\u0259tinin \u0259sas\u0131nda dayan\u0131r. Az\u0259rbaycanda informasiya c\u0259miyy\u0259tinin formala\u015fd\u0131r\u0131lmas\u0131, \u0259n yeni texnologiyalar\u0131n meydan\u0131n\u0131n geni\u015fl\u0259ndirilm\u0259si d\u0259 m\u00f6ht\u0259r\u0259m Prezidentin \u00f6n\u0259 \u00e7\u0259kdiyi z\u0259ruri sah\u0259l\u0259rd\u0259ndir. Prezident \u0130lham \u018fliyevin siyas\u0259ti h\u0259m Az\u0259rbaycan m\u0259kan\u0131nda, h\u0259m d\u0259 beyn\u0259lxalq m\u00fcst\u0259vid\u0259 konkret m\u0259s\u0259l\u0259l\u0259rin, aktual probleml\u0259rin h\u0259llin\u0259 istiqam\u0259tl\u0259ndirilmi\u015f a\u015fkar siyasi f\u0259aliyy\u0259t kimi m\u00fct\u0259madi olaraq yenil\u0259\u015fir v\u0259 z\u0259nginl\u0259\u015fir. \u00d6lk\u0259 ba\u015f\u00e7\u0131m\u0131z\u0131n q\u0259ti siyasi m\u00f6vqeyi onun \u00f6lk\u0259ni ir\u0259li aparmaq, c\u0259miyy\u0259ti inki\u015faf etdirm\u0259k yollar\u0131ndak\u0131 siyasi irad\u0259sinin real t\u0259zah\u00fcr\u00fcd\u00fcr&#8221;.<\/p>\n<p>O qeyd edib ki, bu m\u0259nada 15 il \u0259rzind\u0259 inki\u015fafda olan m\u00fcst\u0259qil Az\u0259rbaycanda \u0259ld\u0259 olunan m\u00f6ht\u0259\u015f\u0259m nailiyy\u0259tl\u0259r v\u0259 beyn\u0259lxalq miqyasda \u00f6lk\u0259 il\u0259 \u0259laq\u0259dar apar\u0131lan d\u00fc\u015f\u00fcn\u00fclm\u00fc\u015f, m\u0259qs\u0259dy\u00f6nl\u00fc v\u0259 ard\u0131c\u0131l i\u015f, \u0259ld\u0259 olunan z\u0259ngin t\u0259cr\u00fcb\u0259 t\u00fck\u0259nm\u0259z ideya m\u0259nb\u0259yi kimi \u0130lham \u018fliyev siyas\u0259tinin aktuall\u0131\u011f\u0131n\u0131 v\u0259 m\u00fcasirliyini t\u0259min edir:<\/p>\n<p>&#8220;Bel\u0259likl\u0259, d\u00f6vl\u0259t d\u0259, Prezidentin siyas\u0259ti d\u0259 \u00f6lk\u0259mizl\u0259 birlikd\u0259, xalq\u0131m\u0131zla h\u0259mah\u0259ng \u015f\u0259kild\u0259 daimi inki\u015fafdad\u0131r. Az\u0259rbaycan Prezidenti \u0130lham \u018fliyev Az\u0259rbaycan xalq\u0131n\u0131n \u00fcmummilli lideri, g\u00f6rk\u0259mli d\u00f6vl\u0259t xadimi Heyd\u0259r \u018fliyevin milli d\u00f6vl\u0259t\u00e7ilik t\u0259liminin, s\u0131naqlardan \u00e7\u0131xm\u0131\u015f siyasi kursunun layiqli davam\u00e7\u0131s\u0131d\u0131r. H\u0259m ke\u00e7mi\u015f sovet rejimi m\u0259rh\u0259l\u0259sind\u0259, h\u0259m d\u0259 m\u00fcst\u0259qillik d\u00f6vr\u00fcnd\u0259 \u0130lham \u018fliyev h\u0259mi\u015f\u0259 g\u00f6rk\u0259mli d\u00f6vl\u0259t xadimi Heyd\u0259r \u018fliyevin b\u00f6y\u00fck siyas\u0259tinin yax\u0131n \u0259hat\u0259sind\u0259 olan bir \u015f\u0259xsiyy\u0259t kimi m\u00fch\u00fcm d\u00f6vl\u0259t\u00e7ilik m\u0259kt\u0259bi ke\u00e7ib. H\u0259yat t\u0259sdiql\u0259di ki, \u0130lham \u018fliyev \u00fcmummilli lider Heyd\u0259r \u018fliyevd\u0259n sonrak\u0131 d\u00f6vrd\u0259 m\u00fck\u0259mm\u0259l d\u00f6vl\u0259t\u00e7ilik t\u0259limini bacar\u0131qla v\u0259 yarad\u0131c\u0131l\u0131qla inki\u015faf etdirm\u0259kd\u0259 d\u0259 ham\u0131dan f\u0259rql\u0259nir\u201d.<\/p>\n","protected":false},"excerpt":{"rendered":"<p>&#8220;Q\u0131sa m\u00fcdd\u0259td\u0259 s\u00f6z\u00fcn \u0259sl m\u0259nas\u0131nda m\u00f6ht\u0259\u015f\u0259m add\u0131mlarla ir\u0259lil\u0259y\u0259n m\u00fcst\u0259qil Az\u0259rbaycan d\u00f6vl\u0259tinin b\u00f6y\u00fck t\u0259r\u0259qqisind\u0259 \u0130lham \u018fliyevin prezidentlik f\u0259aliyy\u0259tinin x\u00fcsusi pay\u0131 var&#8221;. ARANTV.AZ bildirir ki, bunu trend-\u0259 Az\u0259rbaycan Milli Elml\u0259r Akademiyas\u0131n\u0131n vitse-prezidenti, Milli M\u0259clisin Elm v\u0259 t\u0259hsil komit\u0259sinin s\u0259dri, akademik \u0130sa H\u0259bibb\u0259yli deyib. O qeyd edib ki, bu g\u00fcn \u0130lham \u018fliyev art\u0131q geni\u015f m\u0259nada d\u00fcnyada q\u0259bul olunmu\u015f g\u00f6rk\u0259mli siyasi liderdir. Akademikin s\u00f6zl\u0259rin\u0259 g\u00f6r\u0259, d\u00fcnya ictimaiyy\u0259ti d\u0259, Az\u0259rbaycan xalq\u0131 da art\u0131q \u00e7oxdand\u0131r ki, Prezident \u0130lham \u018fliyevi b\u00f6y\u00fck siyas\u0259t\u00e7i, yaxud siyasi idar\u0259etm\u0259ni h\u0259yati prosesl\u0259rl\u0259 b\u00fct\u00fcn inc\u0259likl\u0259rin\u0259 q\u0259d\u0259r uzla\u015fd\u0131rmaq v\u0259zif\u0259l\u0259rini m\u0259har\u0259tl\u0259 ger\u00e7\u0259kl\u0259\u015fdir\u0259n kamil siyasi xadim&hellip;<\/p>\n","protected":false},"author":2,"featured_media":18881,"comment_status":"closed","ping_status":"closed","sticky":false,"template":"","format":"standard","meta":{"om_disable_all_campaigns":false,"_monsterinsights_skip_tracking":false,"_monsterinsights_sitenote_active":false,"_monsterinsights_sitenote_note":"","_monsterinsights_sitenote_category":0},"categories":[4],"tags":[],"aioseo_notices":[],"gutentor_comment":0,"rttpg_featured_image_url":{"full":["https:\/\/arantv.az\/wp-content\/uploads\/2018\/10\/kjhgf.jpg",620,375,false],"landscape":["https:\/\/arantv.az\/wp-content\/uploads\/2018\/10\/kjhgf.jpg",620,375,false],"portraits":["https:\/\/arantv.az\/wp-content\/uploads\/2018\/10\/kjhgf.jpg",620,375,false],"thumbnail":["https:\/\/arantv.az\/wp-content\/uploads\/2018\/10\/kjhgf-150x150.jpg",150,150,true],"medium":["https:\/\/arantv.az\/wp-content\/uploads\/2018\/10\/kjhgf-300x181.jpg",300,181,true],"large":["https:\/\/arantv.az\/wp-content\/uploads\/2018\/10\/kjhgf.jpg",620,375,false],"1536x1536":["https:\/\/arantv.az\/wp-content\/uploads\/2018\/10\/kjhgf.jpg",620,375,false],"2048x2048":["https:\/\/arantv.az\/wp-content\/uploads\/2018\/10\/kjhgf.jpg",620,375,false],"post-thumbnail":["https:\/\/arantv.az\/wp-content\/uploads\/2018\/10\/kjhgf-240x172.jpg",240,172,true],"advps-thumb-one":["https:\/\/arantv.az\/wp-content\/uploads\/2018\/10\/kjhgf.jpg",620,375,false]},"rttpg_author":{"display_name":"V\u00fcsal Rafiqo\u011flu","author_link":"https:\/\/arantv.az\/?author=2"},"rttpg_comment":0,"rttpg_category":"<a href=\"https:\/\/arantv.az\/?cat=4\" rel=\"category\">Siyas\u0259t<\/a>","rttpg_excerpt":"&#8220;Q\u0131sa m\u00fcdd\u0259td\u0259 s\u00f6z\u00fcn \u0259sl m\u0259nas\u0131nda m\u00f6ht\u0259\u015f\u0259m add\u0131mlarla ir\u0259lil\u0259y\u0259n m\u00fcst\u0259qil Az\u0259rbaycan d\u00f6vl\u0259tinin b\u00f6y\u00fck t\u0259r\u0259qqisind\u0259 \u0130lham \u018fliyevin prezidentlik f\u0259aliyy\u0259tinin x\u00fcsusi pay\u0131 var&#8221;. ARANTV.AZ bildirir ki, bunu trend-\u0259 Az\u0259rbaycan Milli Elml\u0259r Akademiyas\u0131n\u0131n vitse-prezidenti, Milli M\u0259clisin Elm v\u0259 t\u0259hsil komit\u0259sinin s\u0259dri, akademik \u0130sa H\u0259bibb\u0259yli deyib. O qeyd edib ki, bu g\u00fcn \u0130lham \u018fliyev art\u0131q geni\u015f m\u0259nada d\u00fcnyada q\u0259bul olunmu\u015f&hellip;","_links":{"self":[{"href":"https:\/\/arantv.az\/index.php?rest_route=\/wp\/v2\/posts\/18880"}],"collection":[{"href":"https:\/\/arantv.az\/index.php?rest_route=\/wp\/v2\/posts"}],"about":[{"href":"https:\/\/arantv.az\/index.php?rest_route=\/wp\/v2\/types\/post"}],"author":[{"embeddable":true,"href":"https:\/\/arantv.az\/index.php?rest_route=\/wp\/v2\/users\/2"}],"replies":[{"embeddable":true,"href":"https:\/\/arantv.az\/index.php?rest_route=%2Fwp%2Fv2%2Fcomments&post=18880"}],"version-history":[{"count":0,"href":"https:\/\/arantv.az\/index.php?rest_route=\/wp\/v2\/posts\/18880\/revisions"}],"wp:featuredmedia":[{"embeddable":true,"href":"https:\/\/arantv.az\/index.php?rest_route=\/wp\/v2\/media\/18881"}],"wp:attachment":[{"href":"https:\/\/arantv.az\/index.php?rest_route=%2Fwp%2Fv2%2Fmedia&parent=18880"}],"wp:term":[{"taxonomy":"category","embeddable":true,"href":"https:\/\/arantv.az\/index.php?rest_route=%2Fwp%2Fv2%2Fcategories&post=18880"},{"taxonomy":"post_tag","embeddable":true,"href":"https:\/\/arantv.az\/index.php?rest_route=%2Fwp%2Fv2%2Ftags&post=18880"}],"curies":[{"name":"wp","href":"https:\/\/api.w.org\/{rel}","templated":true}]}}