{"id":18911,"date":"2018-10-15T09:49:50","date_gmt":"2018-10-15T06:49:50","guid":{"rendered":"http:\/\/arantv.az\/?p=18911"},"modified":"2018-10-15T09:49:50","modified_gmt":"2018-10-15T06:49:50","slug":"parlamentl%c9%99rarasi-ittifaqin-139-cu-bas-assambleyasi-baslayir","status":"publish","type":"post","link":"https:\/\/arantv.az\/?p=18911","title":{"rendered":"Parlamentl\u0259raras\u0131 \u0130ttifaq\u0131n 139-cu Ba\u015f Assambleyas\u0131 ba\u015flay\u0131r"},"content":{"rendered":"<p><strong>ARANTV.AZ<\/strong> x\u0259b\u0259r verir ki ,bu g\u00fcn \u0130sve\u00e7r\u0259nin Cenevr\u0259 \u015f\u0259h\u0259rind\u0259 Parlamentl\u0259raras\u0131 \u0130ttifaq\u0131n 139-cu Ba\u015f Assambleyas\u0131 ba\u015flay\u0131r. Oktyabr\u0131n 17-d\u0259k ke\u00e7iril\u0259c\u0259k toplant\u0131da \u201cTexnoloji\u00a0 d\u0259yi\u015fiklik\u00a0 v\u0259 innovasiya d\u00f6vr\u00fcnd\u0259\u00a0 s\u00fclh v\u0259 inki\u015faf\u0131n\u00a0 t\u0259\u015fviqind\u0259 parlamentl\u0259rin rolu\u201d m\u00f6vzusunda m\u00fczakir\u0259l\u0259r apar\u0131lacaq. Assambleya \u00e7\u0259r\u00e7iv\u0259sind\u0259 qurumun Dayan\u0131ql\u0131 inki\u015faf v\u0259 ticar\u0259t, Demokratiya v\u0259 insan haqlar\u0131, S\u00fclh v\u0259 beyn\u0259lxalq t\u0259hl\u00fck\u0259sizlik, BMT\u00a0 m\u0259s\u0259l\u0259l\u0259ri \u00fczr\u0259 daimi komit\u0259l\u0259rinin iclaslar\u0131 v\u0259 debatlar ke\u00e7iril\u0259c\u0259k. Toplant\u0131da Az\u0259rbaycan da t\u0259msil olunacaq.<\/p>\n","protected":false},"excerpt":{"rendered":"<p>ARANTV.AZ x\u0259b\u0259r verir ki ,bu g\u00fcn \u0130sve\u00e7r\u0259nin Cenevr\u0259 \u015f\u0259h\u0259rind\u0259 Parlamentl\u0259raras\u0131 \u0130ttifaq\u0131n 139-cu Ba\u015f Assambleyas\u0131 ba\u015flay\u0131r. Oktyabr\u0131n 17-d\u0259k ke\u00e7iril\u0259c\u0259k toplant\u0131da \u201cTexnoloji\u00a0 d\u0259yi\u015fiklik\u00a0 v\u0259 innovasiya d\u00f6vr\u00fcnd\u0259\u00a0 s\u00fclh v\u0259 inki\u015faf\u0131n\u00a0 t\u0259\u015fviqind\u0259 parlamentl\u0259rin rolu\u201d m\u00f6vzusunda m\u00fczakir\u0259l\u0259r apar\u0131lacaq. Assambleya \u00e7\u0259r\u00e7iv\u0259sind\u0259 qurumun Dayan\u0131ql\u0131 inki\u015faf v\u0259 ticar\u0259t, Demokratiya v\u0259 insan haqlar\u0131, S\u00fclh v\u0259 beyn\u0259lxalq t\u0259hl\u00fck\u0259sizlik, BMT\u00a0 m\u0259s\u0259l\u0259l\u0259ri \u00fczr\u0259 daimi komit\u0259l\u0259rinin iclaslar\u0131 v\u0259 debatlar ke\u00e7iril\u0259c\u0259k. Toplant\u0131da Az\u0259rbaycan da t\u0259msil olunacaq.<\/p>\n","protected":false},"author":2,"featured_media":18912,"comment_status":"closed","ping_status":"closed","sticky":false,"template":"","format":"standard","meta":{"om_disable_all_campaigns":false,"_monsterinsights_skip_tracking":false,"_monsterinsights_sitenote_active":false,"_monsterinsights_sitenote_note":"","_monsterinsights_sitenote_category":0},"categories":[4],"tags":[],"aioseo_notices":[],"gutentor_comment":0,"rttpg_featured_image_url":{"full":["https:\/\/arantv.az\/wp-content\/uploads\/2018\/10\/3fdp7orgn77p4napf1dqmjjon0cen.jpg",944,450,false],"landscape":["https:\/\/arantv.az\/wp-content\/uploads\/2018\/10\/3fdp7orgn77p4napf1dqmjjon0cen.jpg",944,450,false],"portraits":["https:\/\/arantv.az\/wp-content\/uploads\/2018\/10\/3fdp7orgn77p4napf1dqmjjon0cen.jpg",944,450,false],"thumbnail":["https:\/\/arantv.az\/wp-content\/uploads\/2018\/10\/3fdp7orgn77p4napf1dqmjjon0cen-150x150.jpg",150,150,true],"medium":["https:\/\/arantv.az\/wp-content\/uploads\/2018\/10\/3fdp7orgn77p4napf1dqmjjon0cen-300x143.jpg",300,143,true],"large":["https:\/\/arantv.az\/wp-content\/uploads\/2018\/10\/3fdp7orgn77p4napf1dqmjjon0cen.jpg",640,305,false],"1536x1536":["https:\/\/arantv.az\/wp-content\/uploads\/2018\/10\/3fdp7orgn77p4napf1dqmjjon0cen.jpg",944,450,false],"2048x2048":["https:\/\/arantv.az\/wp-content\/uploads\/2018\/10\/3fdp7orgn77p4napf1dqmjjon0cen.jpg",944,450,false],"post-thumbnail":["https:\/\/arantv.az\/wp-content\/uploads\/2018\/10\/3fdp7orgn77p4napf1dqmjjon0cen-240x172.jpg",240,172,true],"advps-thumb-one":["https:\/\/arantv.az\/wp-content\/uploads\/2018\/10\/3fdp7orgn77p4napf1dqmjjon0cen.jpg",944,450,false]},"rttpg_author":{"display_name":"V\u00fcsal Rafiqo\u011flu","author_link":"https:\/\/arantv.az\/?author=2"},"rttpg_comment":0,"rttpg_category":"<a href=\"https:\/\/arantv.az\/?cat=4\" rel=\"category\">Siyas\u0259t<\/a>","rttpg_excerpt":"ARANTV.AZ x\u0259b\u0259r verir ki ,bu g\u00fcn \u0130sve\u00e7r\u0259nin Cenevr\u0259 \u015f\u0259h\u0259rind\u0259 Parlamentl\u0259raras\u0131 \u0130ttifaq\u0131n 139-cu Ba\u015f Assambleyas\u0131 ba\u015flay\u0131r. Oktyabr\u0131n 17-d\u0259k ke\u00e7iril\u0259c\u0259k toplant\u0131da \u201cTexnoloji\u00a0 d\u0259yi\u015fiklik\u00a0 v\u0259 innovasiya d\u00f6vr\u00fcnd\u0259\u00a0 s\u00fclh v\u0259 inki\u015faf\u0131n\u00a0 t\u0259\u015fviqind\u0259 parlamentl\u0259rin rolu\u201d m\u00f6vzusunda m\u00fczakir\u0259l\u0259r apar\u0131lacaq. Assambleya \u00e7\u0259r\u00e7iv\u0259sind\u0259 qurumun Dayan\u0131ql\u0131 inki\u015faf v\u0259 ticar\u0259t, Demokratiya v\u0259 insan haqlar\u0131, S\u00fclh v\u0259 beyn\u0259lxalq t\u0259hl\u00fck\u0259sizlik, BMT\u00a0 m\u0259s\u0259l\u0259l\u0259ri \u00fczr\u0259 daimi komit\u0259l\u0259rinin iclaslar\u0131 v\u0259&hellip;","_links":{"self":[{"href":"https:\/\/arantv.az\/index.php?rest_route=\/wp\/v2\/posts\/18911"}],"collection":[{"href":"https:\/\/arantv.az\/index.php?rest_route=\/wp\/v2\/posts"}],"about":[{"href":"https:\/\/arantv.az\/index.php?rest_route=\/wp\/v2\/types\/post"}],"author":[{"embeddable":true,"href":"https:\/\/arantv.az\/index.php?rest_route=\/wp\/v2\/users\/2"}],"replies":[{"embeddable":true,"href":"https:\/\/arantv.az\/index.php?rest_route=%2Fwp%2Fv2%2Fcomments&post=18911"}],"version-history":[{"count":0,"href":"https:\/\/arantv.az\/index.php?rest_route=\/wp\/v2\/posts\/18911\/revisions"}],"wp:featuredmedia":[{"embeddable":true,"href":"https:\/\/arantv.az\/index.php?rest_route=\/wp\/v2\/media\/18912"}],"wp:attachment":[{"href":"https:\/\/arantv.az\/index.php?rest_route=%2Fwp%2Fv2%2Fmedia&parent=18911"}],"wp:term":[{"taxonomy":"category","embeddable":true,"href":"https:\/\/arantv.az\/index.php?rest_route=%2Fwp%2Fv2%2Fcategories&post=18911"},{"taxonomy":"post_tag","embeddable":true,"href":"https:\/\/arantv.az\/index.php?rest_route=%2Fwp%2Fv2%2Ftags&post=18911"}],"curies":[{"name":"wp","href":"https:\/\/api.w.org\/{rel}","templated":true}]}}