{"id":18915,"date":"2018-10-15T09:52:35","date_gmt":"2018-10-15T06:52:35","guid":{"rendered":"http:\/\/arantv.az\/?p=18915"},"modified":"2018-10-15T09:52:35","modified_gmt":"2018-10-15T06:52:35","slug":"xin-erm%c9%99nistanin-dayaniqli-inkisafi-ucun-isgal-olunmus-az%c9%99rbaycan-torpaqlarindan-qosunlarini-cixartmaqdan-basqa-yol-yoxdur","status":"publish","type":"post","link":"https:\/\/arantv.az\/?p=18915","title":{"rendered":"X\u0130N: Erm\u0259nistan\u0131n dayan\u0131ql\u0131 inki\u015faf\u0131 \u00fc\u00e7\u00fcn i\u015f\u011fal olunmu\u015f Az\u0259rbaycan torpaqlar\u0131ndan qo\u015funlar\u0131n\u0131 \u00e7\u0131xartmaqdan ba\u015fqa yol yoxdur"},"content":{"rendered":"<p><strong>ARANTV.AZ<\/strong> x\u0259b\u0259r verir ki,Frankofoniya t\u0259\u015fkilat\u0131n\u0131n 17-ci zirv\u0259 g\u00f6r\u00fc\u015f\u00fcnd\u0259 \u201cB\u00f6hran v\u0259ziyy\u0259tl\u0259ri, b\u00f6hrandan \u00e7\u0131x\u0131\u015f v\u0259 Frankofon \u0259razisind\u0259 s\u00fclh quruculu\u011fu\u201d adl\u0131 q\u0259tnam\u0259 q\u0259bul olunub v\u0259 q\u0259tnam\u0259y\u0259 Erm\u0259nistan-Az\u0259rbaycan Da\u011fl\u0131q Qaraba\u011f m\u00fcnaqi\u015f\u0259sin\u0259 dair b\u0259nd daxil edildi. Burada AT\u018fT-in Minsk Qrupunun h\u0259ms\u0259drl\u0259rinin s\u0259yl\u0259rin\u0259 tam d\u0259st\u0259k \u0259ks olunur, s\u00fclh \u015f\u0259raitinin t\u0259\u015fviq edilm\u0259sin\u0259 v\u0259 \u00f6nc\u0259ki raz\u0131l\u0131qlara \u0259m\u0259l edilm\u0259sin\u0259 \u00e7a\u011f\u0131r\u0131l\u0131r, el\u0259c\u0259 d\u0259 m\u00fcnaqi\u015f\u0259nin Helsinki Yekun Akt\u0131n\u0131n fundamental prinsipl\u0259ri, o c\u00fcml\u0259d\u0259n g\u00fccd\u0259n istifad\u0259 etm\u0259m\u0259k v\u0259 h\u0259d\u0259l\u0259m\u0259m\u0259k, \u0259razi b\u00fct\u00f6vl\u00fcy\u00fc v\u0259 xalqlar\u0131n \u00f6z m\u00fcq\u0259dd\u0259rat\u0131n\u0131 t\u0259yinetm\u0259 prinsipi \u0259sas\u0131nda s\u00fclh yolu il\u0259 h\u0259llini n\u0259z\u0259rd\u0259 tutan dan\u0131\u015f\u0131qlar prosesin\u0259 yenid\u0259n ba\u015flan\u0131lmas\u0131 ifad\u0259 olunur.<\/p>\n<p>Bu bar\u0259d\u0259 Az\u0259rbaycan X\u0130N-in m\u0259tbuat xidm\u0259tind\u0259n Frankofoniya t\u0259\u015fkilat\u0131n\u0131n 17-ci zirv\u0259 g\u00f6r\u00fc\u015f\u00fcnd\u0259 \u00f6z\u00fcnd\u0259 Erm\u0259nistan-Az\u0259rbaycan Da\u011fl\u0131q Qaraba\u011f m\u00fcnaqi\u015f\u0259sin\u0259 dair b\u0259ndi \u0259ks etdir\u0259n q\u0259tnam\u0259 q\u0259bul edilm\u0259sini \u015f\u0259rh ed\u0259rk\u0259n bildiribl\u0259r.<\/p>\n<p>X\u0130N-d\u0259n bildirilib ki, Helsinki Yekun Akt\u0131n\u0131n dilin\u0259 uy\u011fun olaraq, Az\u0259rbaycana qar\u015f\u0131 t\u0259cav\u00fczkar siyas\u0259t h\u0259yata ke\u00e7irdiyin\u0259 v\u0259 Da\u011fl\u0131q Qaraba\u011f v\u0259 \u0259traf rayonlar da daxil olmaqla Az\u0259rbaycan \u0259razil\u0259rini h\u0259rbi i\u015f\u011fal alt\u0131nda saxlad\u0131\u011f\u0131na g\u00f6r\u0259 g\u00fcc t\u0259tbiq etm\u0259k m\u0259suliyy\u0259ti Erm\u0259nistan\u0131n \u00fcz\u0259rin\u0259 d\u00fc\u015f\u00fcr. Vur\u011fulamaq ist\u0259rdik ki, Helsinki Yekun Akt\u0131 bu x\u00fcsusda a\u00e7\u0131q \u015f\u0259kild\u0259 b\u0259yan edir ki, \u201cd\u00f6vl\u0259tl\u0259r qar\u015f\u0131l\u0131ql\u0131 m\u00fcnasib\u0259tl\u0259rind\u0259, habel\u0259 \u00fcmumiyy\u0259tl\u0259, beyn\u0259lxalq m\u00fcnasib\u0259tl\u0259rd\u0259 h\u0259r hans\u0131 d\u00f6vl\u0259tin \u0259razi b\u00fct\u00f6vl\u00fcy\u00fcn\u0259 v\u0259 siyasi m\u00fcst\u0259qilliyin\u0259 qar\u015f\u0131 h\u0259d\u0259l\u0259m\u0259k v\u0259 g\u00fcc t\u0259tbiq etm\u0259kd\u0259n \u00e7\u0259kinm\u0259lidir.<\/p>\n<p>Xalqlar\u0131n \u00f6z m\u00fcq\u0259dd\u0259rat\u0131n\u0131 t\u0259yin etm\u0259si prinsipin\u0259 g\u0259ldikd\u0259 is\u0259 Helsinki Yekun Akt\u0131nda n\u00f6vb\u0259ti fikir ayd\u0131n \u015f\u0259kild\u0259 \u0259ks olunur: \u201c\u0130\u015ftirak\u00e7\u0131 d\u00f6vl\u0259tl\u0259r xalqlar\u0131n b\u0259rab\u0259r h\u00fcquqlar\u0131n\u0131 v\u0259 \u00f6z m\u00fcq\u0259dd\u0259rat\u0131n\u0131 t\u0259yin etm\u0259si h\u00fcququnu h\u0259r zaman BMT Nizamnam\u0259sinin m\u0259qs\u0259d v\u0259 prinsipl\u0259rin\u0259 v\u0259 d\u00f6vl\u0259tl\u0259rin \u0259razi b\u00fct\u00f6vl\u00fcy\u00fc daxil olmaqla beyn\u0259lxalq h\u00fcququn m\u00fcvafiq normalar\u0131na uy\u011fun olaraq h\u00f6rm\u0259t etm\u0259lidirl\u0259r\u201d.<\/p>\n<p>Fikrimc\u0259, s\u0259n\u0259d kifay\u0259t q\u0259d\u0259r ayd\u0131n dild\u0259 yaz\u0131l\u0131b v\u0259 burada h\u0259r hans\u0131 \u0259lav\u0259 izaha v\u0259 \u015f\u0259rh\u0259 l\u00fczum yoxdur.<\/p>\n<p>Erm\u0259nistan\u0131n Frankofoniya t\u0259\u015fkilat\u0131ndan sui-istifad\u0259 etm\u0259k s\u0259yl\u0259rin\u0259 baxmayaraq, zirv\u0259 g\u00f6r\u00fc\u015f\u00fcn\u00fcn q\u0259tnam\u0259sind\u0259 m\u00fcnaqi\u015f\u0259nin h\u0259llinin \u0259sas\u0131n\u0131 Helsinki Yekun Akt\u0131n\u0131n prinsipl\u0259ri t\u0259\u015fkil etdiyi qeyd olunur. Erm\u0259nistan u\u011fursuz \u015f\u0259kild\u0259 beyn\u0259lxalq ictimaiyy\u0259ti aldatmaq s\u0259yl\u0259rini dayand\u0131rmal\u0131, BMT T\u0259hl\u00fck\u0259sizlik \u015euras\u0131n\u0131n m\u00fcvafiq q\u0259tnam\u0259l\u0259ri v\u0259 Helsinki Yekun Akt\u0131 il\u0259 \u00fcz\u0259rin\u0259 d\u00fc\u015f\u0259n \u00f6hd\u0259likl\u0259rini yerin\u0259 yetir\u0259r\u0259k qo\u015funlar\u0131n\u0131 Az\u0259rbaycan\u0131n i\u015f\u011fal olunmu\u015f \u0259razil\u0259rind\u0259n \u00e7\u0131xarmal\u0131d\u0131r.<\/p>\n<p>\u00dcmid edirik ki, Erm\u0259nistanda se\u00e7kil\u0259rd\u0259n sonra bu d\u00f6vl\u0259tin yeni h\u00f6kum\u0259ti anlayacaq ki, Erm\u0259nistan\u0131n dayan\u0131ql\u0131 inki\u015faf\u0131 \u00fc\u00e7\u00fcn i\u015f\u011fal olunmu\u015f Az\u0259rbaycan torpaqlar\u0131ndan qo\u015funlar\u0131n\u0131 \u00e7\u0131xartmaqdan ba\u015fqa yol yoxdur.<\/p>\n","protected":false},"excerpt":{"rendered":"<p>ARANTV.AZ x\u0259b\u0259r verir ki,Frankofoniya t\u0259\u015fkilat\u0131n\u0131n 17-ci zirv\u0259 g\u00f6r\u00fc\u015f\u00fcnd\u0259 \u201cB\u00f6hran v\u0259ziyy\u0259tl\u0259ri, b\u00f6hrandan \u00e7\u0131x\u0131\u015f v\u0259 Frankofon \u0259razisind\u0259 s\u00fclh quruculu\u011fu\u201d adl\u0131 q\u0259tnam\u0259 q\u0259bul olunub v\u0259 q\u0259tnam\u0259y\u0259 Erm\u0259nistan-Az\u0259rbaycan Da\u011fl\u0131q Qaraba\u011f m\u00fcnaqi\u015f\u0259sin\u0259 dair b\u0259nd daxil edildi. Burada AT\u018fT-in Minsk Qrupunun h\u0259ms\u0259drl\u0259rinin s\u0259yl\u0259rin\u0259 tam d\u0259st\u0259k \u0259ks olunur, s\u00fclh \u015f\u0259raitinin t\u0259\u015fviq edilm\u0259sin\u0259 v\u0259 \u00f6nc\u0259ki raz\u0131l\u0131qlara \u0259m\u0259l edilm\u0259sin\u0259 \u00e7a\u011f\u0131r\u0131l\u0131r, el\u0259c\u0259 d\u0259 m\u00fcnaqi\u015f\u0259nin Helsinki Yekun Akt\u0131n\u0131n fundamental prinsipl\u0259ri, o c\u00fcml\u0259d\u0259n g\u00fccd\u0259n istifad\u0259 etm\u0259m\u0259k v\u0259 h\u0259d\u0259l\u0259m\u0259m\u0259k, \u0259razi b\u00fct\u00f6vl\u00fcy\u00fc v\u0259 xalqlar\u0131n \u00f6z m\u00fcq\u0259dd\u0259rat\u0131n\u0131 t\u0259yinetm\u0259 prinsipi \u0259sas\u0131nda s\u00fclh yolu il\u0259 h\u0259llini n\u0259z\u0259rd\u0259 tutan dan\u0131\u015f\u0131qlar prosesin\u0259 yenid\u0259n ba\u015flan\u0131lmas\u0131 ifad\u0259 olunur. Bu bar\u0259d\u0259 Az\u0259rbaycan&hellip;<\/p>\n","protected":false},"author":2,"featured_media":18455,"comment_status":"closed","ping_status":"closed","sticky":false,"template":"","format":"standard","meta":{"om_disable_all_campaigns":false,"_monsterinsights_skip_tracking":false,"_monsterinsights_sitenote_active":false,"_monsterinsights_sitenote_note":"","_monsterinsights_sitenote_category":0},"categories":[4],"tags":[],"aioseo_notices":[],"gutentor_comment":0,"rttpg_featured_image_url":{"full":["https:\/\/arantv.az\/wp-content\/uploads\/2018\/10\/pjkit2ji7o99vtiku5aoea1bj4xin.jpg",1023,575,false],"landscape":["https:\/\/arantv.az\/wp-content\/uploads\/2018\/10\/pjkit2ji7o99vtiku5aoea1bj4xin.jpg",1023,575,false],"portraits":["https:\/\/arantv.az\/wp-content\/uploads\/2018\/10\/pjkit2ji7o99vtiku5aoea1bj4xin.jpg",1023,575,false],"thumbnail":["https:\/\/arantv.az\/wp-content\/uploads\/2018\/10\/pjkit2ji7o99vtiku5aoea1bj4xin-150x150.jpg",150,150,true],"medium":["https:\/\/arantv.az\/wp-content\/uploads\/2018\/10\/pjkit2ji7o99vtiku5aoea1bj4xin-300x169.jpg",300,169,true],"large":["https:\/\/arantv.az\/wp-content\/uploads\/2018\/10\/pjkit2ji7o99vtiku5aoea1bj4xin.jpg",640,360,false],"1536x1536":["https:\/\/arantv.az\/wp-content\/uploads\/2018\/10\/pjkit2ji7o99vtiku5aoea1bj4xin.jpg",1023,575,false],"2048x2048":["https:\/\/arantv.az\/wp-content\/uploads\/2018\/10\/pjkit2ji7o99vtiku5aoea1bj4xin.jpg",1023,575,false],"post-thumbnail":["https:\/\/arantv.az\/wp-content\/uploads\/2018\/10\/pjkit2ji7o99vtiku5aoea1bj4xin-240x172.jpg",240,172,true],"advps-thumb-one":["https:\/\/arantv.az\/wp-content\/uploads\/2018\/10\/pjkit2ji7o99vtiku5aoea1bj4xin.jpg",1023,575,false]},"rttpg_author":{"display_name":"V\u00fcsal Rafiqo\u011flu","author_link":"https:\/\/arantv.az\/?author=2"},"rttpg_comment":0,"rttpg_category":"<a href=\"https:\/\/arantv.az\/?cat=4\" rel=\"category\">Siyas\u0259t<\/a>","rttpg_excerpt":"ARANTV.AZ x\u0259b\u0259r verir ki,Frankofoniya t\u0259\u015fkilat\u0131n\u0131n 17-ci zirv\u0259 g\u00f6r\u00fc\u015f\u00fcnd\u0259 \u201cB\u00f6hran v\u0259ziyy\u0259tl\u0259ri, b\u00f6hrandan \u00e7\u0131x\u0131\u015f v\u0259 Frankofon \u0259razisind\u0259 s\u00fclh quruculu\u011fu\u201d adl\u0131 q\u0259tnam\u0259 q\u0259bul olunub v\u0259 q\u0259tnam\u0259y\u0259 Erm\u0259nistan-Az\u0259rbaycan Da\u011fl\u0131q Qaraba\u011f m\u00fcnaqi\u015f\u0259sin\u0259 dair b\u0259nd daxil edildi. Burada AT\u018fT-in Minsk Qrupunun h\u0259ms\u0259drl\u0259rinin s\u0259yl\u0259rin\u0259 tam d\u0259st\u0259k \u0259ks olunur, s\u00fclh \u015f\u0259raitinin t\u0259\u015fviq edilm\u0259sin\u0259 v\u0259 \u00f6nc\u0259ki raz\u0131l\u0131qlara \u0259m\u0259l edilm\u0259sin\u0259 \u00e7a\u011f\u0131r\u0131l\u0131r, el\u0259c\u0259 d\u0259 m\u00fcnaqi\u015f\u0259nin Helsinki&hellip;","_links":{"self":[{"href":"https:\/\/arantv.az\/index.php?rest_route=\/wp\/v2\/posts\/18915"}],"collection":[{"href":"https:\/\/arantv.az\/index.php?rest_route=\/wp\/v2\/posts"}],"about":[{"href":"https:\/\/arantv.az\/index.php?rest_route=\/wp\/v2\/types\/post"}],"author":[{"embeddable":true,"href":"https:\/\/arantv.az\/index.php?rest_route=\/wp\/v2\/users\/2"}],"replies":[{"embeddable":true,"href":"https:\/\/arantv.az\/index.php?rest_route=%2Fwp%2Fv2%2Fcomments&post=18915"}],"version-history":[{"count":0,"href":"https:\/\/arantv.az\/index.php?rest_route=\/wp\/v2\/posts\/18915\/revisions"}],"wp:featuredmedia":[{"embeddable":true,"href":"https:\/\/arantv.az\/index.php?rest_route=\/wp\/v2\/media\/18455"}],"wp:attachment":[{"href":"https:\/\/arantv.az\/index.php?rest_route=%2Fwp%2Fv2%2Fmedia&parent=18915"}],"wp:term":[{"taxonomy":"category","embeddable":true,"href":"https:\/\/arantv.az\/index.php?rest_route=%2Fwp%2Fv2%2Fcategories&post=18915"},{"taxonomy":"post_tag","embeddable":true,"href":"https:\/\/arantv.az\/index.php?rest_route=%2Fwp%2Fv2%2Ftags&post=18915"}],"curies":[{"name":"wp","href":"https:\/\/api.w.org\/{rel}","templated":true}]}}