{"id":18923,"date":"2018-10-15T09:56:41","date_gmt":"2018-10-15T06:56:41","guid":{"rendered":"http:\/\/arantv.az\/?p=18923"},"modified":"2018-10-15T09:56:41","modified_gmt":"2018-10-15T06:56:41","slug":"prezident-ilham-%c9%99liyevin-r%c9%99hb%c9%99rliyi-il%c9%99-az%c9%99rbaycanin-%c9%99n-boyuk-nailiyy%c9%99ti-sabitlik-v%c9%99-t%c9%99hluk%c9%99sizlikdir","status":"publish","type":"post","link":"https:\/\/arantv.az\/?p=18923","title":{"rendered":"&#8220;Prezident \u0130lham \u018fliyevin r\u0259hb\u0259rliyi il\u0259 Az\u0259rbaycan\u0131n \u0259n b\u00f6y\u00fck nailiyy\u0259ti sabitlik v\u0259 t\u0259hl\u00fck\u0259sizlikdir&#8221;"},"content":{"rendered":"<blockquote><p><em><strong>Son 15 il \u0259rzind\u0259 Prezident \u0130lham \u018fliyevin r\u0259hb\u0259rliyi alt\u0131nda Az\u0259rbaycan b\u00f6y\u00fck inki\u015faf yolu ke\u00e7ib.<\/strong><\/em><\/p><\/blockquote>\n<p><strong>ARANTV.AZ<\/strong> x\u0259b\u0259r verir ki, bunu trend-\u0259 Milli M\u0259clisin deputat\u0131, politoloq Elman N\u0259sirov deyib.<\/p>\n<p>E.N\u0259sirovun s\u00f6zl\u0259rin\u0259 g\u00f6r\u0259, 15 il \u0259rzind\u0259 Az\u0259rbaycan\u0131n qazand\u0131\u011f\u0131 u\u011furlar\u0131n k\u00f6k\u00fcnd\u0259 dayanan \u0259sas amil onunla ba\u011fl\u0131d\u0131r ki, Prezident m\u0259hz xalq\u0131n m\u0259nafeyind\u0259n ir\u0259li g\u0259l\u0259n siyas\u0259t h\u0259yata ke\u00e7irir:<\/p>\n<p>&#8220;El\u0259 bu s\u0259b\u0259bd\u0259n d\u0259 xalq \u00f6z Prezidentini h\u0259r zaman d\u0259st\u0259kl\u0259yir. Hesab edir\u0259m ki, bu 15 il \u0259rzind\u0259 Az\u0259rbaycan\u0131n \u0259n b\u00f6y\u00fck nailiyy\u0259ti sabitlik v\u0259 t\u0259hl\u00fck\u0259sizlikdir, \u00e7\u00fcnki sabitlik v\u0259 t\u0259hl\u00fck\u0259sizlik olmayan yerd\u0259 he\u00e7 n\u0259 olmur. Bu sabitliyin t\u0259minat\u00e7\u0131s\u0131 is\u0259 Az\u0259rbaycan Prezidenti il\u0259 xalq\u0131n\u0131n birliyidir. Bu birlik say\u0259sind\u0259 Az\u0259rbaycan iqtisadiyyat\u0131 son 15 il \u0259rzind\u0259 b\u00f6y\u00fck bir inki\u015faf yolu ke\u00e7ib, 3.2 d\u0259f\u0259 art\u0131b. C\u0259nab Prezidentin \u0259sas h\u0259d\u0259fl\u0259rind\u0259n biri qeyri-neft iqtisadiyyat\u0131n\u0131n inki\u015faf\u0131 m\u0259s\u0259l\u0259sidir v\u0259 bu sah\u0259d\u0259 2.8 d\u0259f\u0259 art\u0131m qeyd\u0259 al\u0131n\u0131b. S\u0259nayed\u0259 art\u0131m 2.6 d\u0259f\u0259y\u0259 \u00e7at\u0131b. \u018fsas prioritet sah\u0259l\u0259rd\u0259n biri k\u0259nd t\u0259s\u0259rr\u00fcfat\u0131n\u0131n inki\u015faf\u0131d\u0131r ki, bu istiqam\u0259td\u0259 d\u0259 1.7 d\u0259f\u0259 art\u0131m qeyd\u0259 al\u0131n\u0131b. C\u0259nab Prezident Az\u0259rbaycan\u0131n ixrac y\u00f6nl\u00fc iqtisadiyyat\u0131n\u0131n inki\u015faf\u0131n\u0131 \u0259sas h\u0259d\u0259fl\u0259rd\u0259n biri kimi se\u00e7ib v\u0259 bunun say\u0259sind\u0259 son 15 il \u0259rzind\u0259 qeyri-neft ixracat\u0131 4.1 d\u0259f\u0259 art\u0131b. \u018fg\u0259r 2003-c\u00fc ild\u0259 c\u0259nab Prezident hakimiyy\u0259t\u0259 g\u0259l\u0259rk\u0259n Az\u0259rbaycan\u0131n valyuta ehtiyatlar\u0131 1.8 milyard dollar t\u0259\u015fkil edirdis\u0259, bu g\u00fcn 45 milyard dollara \u00e7at\u0131b. Bunlar \u00e7ox b\u00f6y\u00fck nailiyy\u0259tl\u0259rdir v\u0259 Az\u0259rbaycandak\u0131 sabitlik v\u0259 t\u0259hl\u00fck\u0259sizlik m\u00fchiti ona g\u0259tirib \u00e7\u0131xar\u0131b ki, son 15 \u0259rzind\u0259 Az\u0259rbaycan iqtisadiyyat\u0131na 250 milyard dollardan art\u0131q investisiya qoyulub, bunun da yar\u0131s\u0131n\u0131 m\u0259hz xarici investisiya t\u0259\u015fkil edib&#8221;.<\/p>\n<p>Mill\u0259t v\u0259kili vur\u011fulay\u0131b ki, Az\u0259rbaycan\u0131n beyn\u0259lxalq m\u00f6vqel\u0259ri kifay\u0259t q\u0259d\u0259r g\u00fccl\u00fcd\u00fcr, Az\u0259rbaycana etibarl\u0131 t\u0259r\u0259fda\u015f kimi bax\u0131rlar, \u00f6lk\u0259mizin b\u00fct\u00fcn beyn\u0259lxalq t\u0259\u015fkilatlarla \u0259laq\u0259l\u0259ri dinamik inki\u015faf tempin\u0259 malikdir:<\/p>\n<p>&#8220;C\u0259nab Prezident \u00e7ox intensiv v\u0259 \u00e7evik xarici siyas\u0259t kursu h\u0259yata ke\u00e7irir. B\u00fct\u00f6vl\u00fckd\u0259 Prezident \u0130lham \u018fliyevin 15 il \u0259rzind\u0259 qazand\u0131\u011f\u0131 nailiyy\u0259tl\u0259rin k\u00f6k\u00fcnd\u0259 dayanan \u0259sas amil odur ki, d\u00f6vl\u0259timizin ba\u015f\u00e7\u0131s\u0131 ulu \u00f6nd\u0259r Heyd\u0259r \u018fliyevin m\u00fc\u0259yy\u0259n etdiyi daxili v\u0259 xarici siyas\u0259t kursuna sadiqdir, onu davam etdirir v\u0259 bu s\u0259b\u0259bd\u0259n d\u0259 xalq h\u0259r zaman c\u0259nab Prezidentin siyas\u0259tini d\u0259st\u0259kl\u0259yir v\u0259 m\u00fcdafi\u0259 edir. Yegan\u0259 h\u0259llini tapmayan m\u0259s\u0259l\u0259 Erm\u0259nistan-Az\u0259rbaycan, Da\u011fl\u0131q Qaraba\u011f m\u00fcnaqi\u015f\u0259si il\u0259 ba\u011fl\u0131d\u0131r ki, c\u0259nab Prezidentin s\u0259yl\u0259ri say\u0259sind\u0259 d\u00fcnyan\u0131n \u0259ks\u0259r t\u0259\u015fkilatlar\u0131, o c\u00fcml\u0259d\u0259n BMT, AT\u018fT, NATO, Avropa \u015euras\u0131, Qo\u015fulmama H\u0259r\u0259kat\u0131, \u0130slam \u018fm\u0259kda\u015fl\u0131q T\u0259\u015fkilat\u0131 v\u0259 dig\u0259rl\u0259ri m\u00fcnaqi\u015f\u0259nin h\u0259lli il\u0259 ba\u011fl\u0131 \u0259razi b\u00fct\u00f6vl\u00fcy\u00fc prinsipini \u0259sas prinsip kimi q\u0259bul edib. B\u00fct\u00fcn bunlar bir daha onu g\u00f6st\u0259rir ki, c\u0259nab Prezidentin h\u0259yata ke\u00e7irdiyi siyas\u0259t xalq\u0131n m\u0259nafeyind\u0259n ir\u0259li g\u0259l\u0259n bir siyas\u0259t oldu\u011fundan h\u0259m \u00f6lk\u0259 daxilind\u0259, h\u0259m d\u0259 xaricind\u0259 y\u00fcks\u0259k qiym\u0259tl\u0259ndirilir v\u0259 d\u0259st\u0259kl\u0259nir&#8221;.<\/p>\n","protected":false},"excerpt":{"rendered":"<p>Son 15 il \u0259rzind\u0259 Prezident \u0130lham \u018fliyevin r\u0259hb\u0259rliyi alt\u0131nda Az\u0259rbaycan b\u00f6y\u00fck inki\u015faf yolu ke\u00e7ib. ARANTV.AZ x\u0259b\u0259r verir ki, bunu trend-\u0259 Milli M\u0259clisin deputat\u0131, politoloq Elman N\u0259sirov deyib. E.N\u0259sirovun s\u00f6zl\u0259rin\u0259 g\u00f6r\u0259, 15 il \u0259rzind\u0259 Az\u0259rbaycan\u0131n qazand\u0131\u011f\u0131 u\u011furlar\u0131n k\u00f6k\u00fcnd\u0259 dayanan \u0259sas amil onunla ba\u011fl\u0131d\u0131r ki, Prezident m\u0259hz xalq\u0131n m\u0259nafeyind\u0259n ir\u0259li g\u0259l\u0259n siyas\u0259t h\u0259yata ke\u00e7irir: &#8220;El\u0259 bu s\u0259b\u0259bd\u0259n d\u0259 xalq \u00f6z Prezidentini h\u0259r zaman d\u0259st\u0259kl\u0259yir. Hesab edir\u0259m ki, bu 15 il \u0259rzind\u0259 Az\u0259rbaycan\u0131n \u0259n b\u00f6y\u00fck nailiyy\u0259ti sabitlik v\u0259 t\u0259hl\u00fck\u0259sizlikdir, \u00e7\u00fcnki sabitlik v\u0259 t\u0259hl\u00fck\u0259sizlik olmayan yerd\u0259 he\u00e7 n\u0259 olmur. Bu sabitliyin t\u0259minat\u00e7\u0131s\u0131 is\u0259 Az\u0259rbaycan&hellip;<\/p>\n","protected":false},"author":2,"featured_media":18924,"comment_status":"closed","ping_status":"closed","sticky":false,"template":"","format":"standard","meta":{"om_disable_all_campaigns":false,"_monsterinsights_skip_tracking":false,"_monsterinsights_sitenote_active":false,"_monsterinsights_sitenote_note":"","_monsterinsights_sitenote_category":0},"categories":[4],"tags":[],"aioseo_notices":[],"gutentor_comment":0,"rttpg_featured_image_url":{"full":["https:\/\/arantv.az\/wp-content\/uploads\/2018\/10\/elman_nesirov_014-1.jpg",800,600,false],"landscape":["https:\/\/arantv.az\/wp-content\/uploads\/2018\/10\/elman_nesirov_014-1.jpg",800,600,false],"portraits":["https:\/\/arantv.az\/wp-content\/uploads\/2018\/10\/elman_nesirov_014-1.jpg",800,600,false],"thumbnail":["https:\/\/arantv.az\/wp-content\/uploads\/2018\/10\/elman_nesirov_014-1-150x150.jpg",150,150,true],"medium":["https:\/\/arantv.az\/wp-content\/uploads\/2018\/10\/elman_nesirov_014-1-300x225.jpg",300,225,true],"large":["https:\/\/arantv.az\/wp-content\/uploads\/2018\/10\/elman_nesirov_014-1.jpg",640,480,false],"1536x1536":["https:\/\/arantv.az\/wp-content\/uploads\/2018\/10\/elman_nesirov_014-1.jpg",800,600,false],"2048x2048":["https:\/\/arantv.az\/wp-content\/uploads\/2018\/10\/elman_nesirov_014-1.jpg",800,600,false],"post-thumbnail":["https:\/\/arantv.az\/wp-content\/uploads\/2018\/10\/elman_nesirov_014-1-240x172.jpg",240,172,true],"advps-thumb-one":["https:\/\/arantv.az\/wp-content\/uploads\/2018\/10\/elman_nesirov_014-1.jpg",800,600,false]},"rttpg_author":{"display_name":"V\u00fcsal Rafiqo\u011flu","author_link":"https:\/\/arantv.az\/?author=2"},"rttpg_comment":0,"rttpg_category":"<a href=\"https:\/\/arantv.az\/?cat=4\" rel=\"category\">Siyas\u0259t<\/a>","rttpg_excerpt":"Son 15 il \u0259rzind\u0259 Prezident \u0130lham \u018fliyevin r\u0259hb\u0259rliyi alt\u0131nda Az\u0259rbaycan b\u00f6y\u00fck inki\u015faf yolu ke\u00e7ib. ARANTV.AZ x\u0259b\u0259r verir ki, bunu trend-\u0259 Milli M\u0259clisin deputat\u0131, politoloq Elman N\u0259sirov deyib. E.N\u0259sirovun s\u00f6zl\u0259rin\u0259 g\u00f6r\u0259, 15 il \u0259rzind\u0259 Az\u0259rbaycan\u0131n qazand\u0131\u011f\u0131 u\u011furlar\u0131n k\u00f6k\u00fcnd\u0259 dayanan \u0259sas amil onunla ba\u011fl\u0131d\u0131r ki, Prezident m\u0259hz xalq\u0131n m\u0259nafeyind\u0259n ir\u0259li g\u0259l\u0259n siyas\u0259t h\u0259yata ke\u00e7irir: &#8220;El\u0259 bu s\u0259b\u0259bd\u0259n&hellip;","_links":{"self":[{"href":"https:\/\/arantv.az\/index.php?rest_route=\/wp\/v2\/posts\/18923"}],"collection":[{"href":"https:\/\/arantv.az\/index.php?rest_route=\/wp\/v2\/posts"}],"about":[{"href":"https:\/\/arantv.az\/index.php?rest_route=\/wp\/v2\/types\/post"}],"author":[{"embeddable":true,"href":"https:\/\/arantv.az\/index.php?rest_route=\/wp\/v2\/users\/2"}],"replies":[{"embeddable":true,"href":"https:\/\/arantv.az\/index.php?rest_route=%2Fwp%2Fv2%2Fcomments&post=18923"}],"version-history":[{"count":0,"href":"https:\/\/arantv.az\/index.php?rest_route=\/wp\/v2\/posts\/18923\/revisions"}],"wp:featuredmedia":[{"embeddable":true,"href":"https:\/\/arantv.az\/index.php?rest_route=\/wp\/v2\/media\/18924"}],"wp:attachment":[{"href":"https:\/\/arantv.az\/index.php?rest_route=%2Fwp%2Fv2%2Fmedia&parent=18923"}],"wp:term":[{"taxonomy":"category","embeddable":true,"href":"https:\/\/arantv.az\/index.php?rest_route=%2Fwp%2Fv2%2Fcategories&post=18923"},{"taxonomy":"post_tag","embeddable":true,"href":"https:\/\/arantv.az\/index.php?rest_route=%2Fwp%2Fv2%2Ftags&post=18923"}],"curies":[{"name":"wp","href":"https:\/\/api.w.org\/{rel}","templated":true}]}}