{"id":18926,"date":"2018-10-15T10:00:02","date_gmt":"2018-10-15T07:00:02","guid":{"rendered":"http:\/\/arantv.az\/?p=18926"},"modified":"2018-10-15T10:00:02","modified_gmt":"2018-10-15T07:00:02","slug":"qta-nin-baytarliq-n%c9%99zar%c9%99ti-sah%c9%99sind%c9%99-icrasi-m%c9%99cburi-olan-q%c9%99rarlarinin-formasi-t%c9%99sdiq-edilib","status":"publish","type":"post","link":"https:\/\/arantv.az\/?p=18926","title":{"rendered":"QTA-n\u0131n baytarl\u0131q n\u0259zar\u0259ti sah\u0259sind\u0259 icras\u0131 m\u0259cburi olan q\u0259rarlar\u0131n\u0131n formas\u0131 t\u0259sdiq edilib"},"content":{"rendered":"<p><strong>Qida T\u0259hl\u00fck\u0259sizliyi Agentliyinin baytarl\u0131q n\u0259zar\u0259ti sah\u0259sind\u0259 icras\u0131 m\u0259cburi olan q\u0259rarlar\u0131n\u0131n formas\u0131n\u0131n, onlar\u0131n t\u0259rtib edilm\u0259si v\u0259 verilm\u0259si qaydas\u0131 t\u0259sdiq edilib.<\/strong><\/p>\n<p><strong>ARANTV.AZ<\/strong> trend-\u0259 istinad\u0259n x\u0259b\u0259r verir ki, bu bar\u0259d\u0259 q\u0259rar\u0131 Ba\u015f nazir Novruz M\u0259mm\u0259dov imzalay\u0131b.<\/p>\n<div id=\"AdributorNativeVideo0\" class=\"AdributorNativeVideo\"><\/div>\n<p>&#8220;Baytarl\u0131q haqq\u0131nda&#8221; Az\u0259rbaycan Respublikas\u0131 Qanununun t\u0259tbiq edilm\u0259si bar\u0259d\u0259&#8221; d\u0259yi\u015fiklikl\u0259r\u0259 \u0259sas\u0259n, Qida T\u0259hl\u00fck\u0259sizliyi Agentliyinin baytarl\u0131q n\u0259zar\u0259ti sah\u0259sind\u0259 icras\u0131 m\u0259cburi olan q\u0259rarlar\u0131n\u0131n formas\u0131n\u0131n, onlar\u0131n t\u0259rtib edilm\u0259si v\u0259 verilm\u0259si qaydas\u0131 t\u0259sdiq edilib.<\/p>\n","protected":false},"excerpt":{"rendered":"<p>Qida T\u0259hl\u00fck\u0259sizliyi Agentliyinin baytarl\u0131q n\u0259zar\u0259ti sah\u0259sind\u0259 icras\u0131 m\u0259cburi olan q\u0259rarlar\u0131n\u0131n formas\u0131n\u0131n, onlar\u0131n t\u0259rtib edilm\u0259si v\u0259 verilm\u0259si qaydas\u0131 t\u0259sdiq edilib. ARANTV.AZ trend-\u0259 istinad\u0259n x\u0259b\u0259r verir ki, bu bar\u0259d\u0259 q\u0259rar\u0131 Ba\u015f nazir Novruz M\u0259mm\u0259dov imzalay\u0131b. &#8220;Baytarl\u0131q haqq\u0131nda&#8221; Az\u0259rbaycan Respublikas\u0131 Qanununun t\u0259tbiq edilm\u0259si bar\u0259d\u0259&#8221; d\u0259yi\u015fiklikl\u0259r\u0259 \u0259sas\u0259n, Qida T\u0259hl\u00fck\u0259sizliyi Agentliyinin baytarl\u0131q n\u0259zar\u0259ti sah\u0259sind\u0259 icras\u0131 m\u0259cburi olan q\u0259rarlar\u0131n\u0131n formas\u0131n\u0131n, onlar\u0131n t\u0259rtib edilm\u0259si v\u0259 verilm\u0259si qaydas\u0131 t\u0259sdiq edilib.<\/p>\n","protected":false},"author":2,"featured_media":18927,"comment_status":"closed","ping_status":"closed","sticky":false,"template":"","format":"standard","meta":{"om_disable_all_campaigns":false,"_monsterinsights_skip_tracking":false,"_monsterinsights_sitenote_active":false,"_monsterinsights_sitenote_note":"","_monsterinsights_sitenote_category":0},"categories":[1],"tags":[],"aioseo_notices":[],"gutentor_comment":0,"rttpg_featured_image_url":{"full":["https:\/\/arantv.az\/wp-content\/uploads\/2018\/10\/694640.jpg",800,600,false],"landscape":["https:\/\/arantv.az\/wp-content\/uploads\/2018\/10\/694640.jpg",800,600,false],"portraits":["https:\/\/arantv.az\/wp-content\/uploads\/2018\/10\/694640.jpg",800,600,false],"thumbnail":["https:\/\/arantv.az\/wp-content\/uploads\/2018\/10\/694640-150x150.jpg",150,150,true],"medium":["https:\/\/arantv.az\/wp-content\/uploads\/2018\/10\/694640-300x225.jpg",300,225,true],"large":["https:\/\/arantv.az\/wp-content\/uploads\/2018\/10\/694640.jpg",640,480,false],"1536x1536":["https:\/\/arantv.az\/wp-content\/uploads\/2018\/10\/694640.jpg",800,600,false],"2048x2048":["https:\/\/arantv.az\/wp-content\/uploads\/2018\/10\/694640.jpg",800,600,false],"post-thumbnail":["https:\/\/arantv.az\/wp-content\/uploads\/2018\/10\/694640-240x172.jpg",240,172,true],"advps-thumb-one":["https:\/\/arantv.az\/wp-content\/uploads\/2018\/10\/694640.jpg",800,600,false]},"rttpg_author":{"display_name":"V\u00fcsal Rafiqo\u011flu","author_link":"https:\/\/arantv.az\/?author=2"},"rttpg_comment":0,"rttpg_category":"<a href=\"https:\/\/arantv.az\/?cat=1\" rel=\"category\">C\u0259miyy\u0259t<\/a>","rttpg_excerpt":"Qida T\u0259hl\u00fck\u0259sizliyi Agentliyinin baytarl\u0131q n\u0259zar\u0259ti sah\u0259sind\u0259 icras\u0131 m\u0259cburi olan q\u0259rarlar\u0131n\u0131n formas\u0131n\u0131n, onlar\u0131n t\u0259rtib edilm\u0259si v\u0259 verilm\u0259si qaydas\u0131 t\u0259sdiq edilib. ARANTV.AZ trend-\u0259 istinad\u0259n x\u0259b\u0259r verir ki, bu bar\u0259d\u0259 q\u0259rar\u0131 Ba\u015f nazir Novruz M\u0259mm\u0259dov imzalay\u0131b. &#8220;Baytarl\u0131q haqq\u0131nda&#8221; Az\u0259rbaycan Respublikas\u0131 Qanununun t\u0259tbiq edilm\u0259si bar\u0259d\u0259&#8221; d\u0259yi\u015fiklikl\u0259r\u0259 \u0259sas\u0259n, Qida T\u0259hl\u00fck\u0259sizliyi Agentliyinin baytarl\u0131q n\u0259zar\u0259ti sah\u0259sind\u0259 icras\u0131 m\u0259cburi olan q\u0259rarlar\u0131n\u0131n formas\u0131n\u0131n, onlar\u0131n&hellip;","_links":{"self":[{"href":"https:\/\/arantv.az\/index.php?rest_route=\/wp\/v2\/posts\/18926"}],"collection":[{"href":"https:\/\/arantv.az\/index.php?rest_route=\/wp\/v2\/posts"}],"about":[{"href":"https:\/\/arantv.az\/index.php?rest_route=\/wp\/v2\/types\/post"}],"author":[{"embeddable":true,"href":"https:\/\/arantv.az\/index.php?rest_route=\/wp\/v2\/users\/2"}],"replies":[{"embeddable":true,"href":"https:\/\/arantv.az\/index.php?rest_route=%2Fwp%2Fv2%2Fcomments&post=18926"}],"version-history":[{"count":0,"href":"https:\/\/arantv.az\/index.php?rest_route=\/wp\/v2\/posts\/18926\/revisions"}],"wp:featuredmedia":[{"embeddable":true,"href":"https:\/\/arantv.az\/index.php?rest_route=\/wp\/v2\/media\/18927"}],"wp:attachment":[{"href":"https:\/\/arantv.az\/index.php?rest_route=%2Fwp%2Fv2%2Fmedia&parent=18926"}],"wp:term":[{"taxonomy":"category","embeddable":true,"href":"https:\/\/arantv.az\/index.php?rest_route=%2Fwp%2Fv2%2Fcategories&post=18926"},{"taxonomy":"post_tag","embeddable":true,"href":"https:\/\/arantv.az\/index.php?rest_route=%2Fwp%2Fv2%2Ftags&post=18926"}],"curies":[{"name":"wp","href":"https:\/\/api.w.org\/{rel}","templated":true}]}}