{"id":18950,"date":"2018-10-15T10:59:04","date_gmt":"2018-10-15T07:59:04","guid":{"rendered":"http:\/\/arantv.az\/?p=18950"},"modified":"2018-10-15T10:59:04","modified_gmt":"2018-10-15T07:59:04","slug":"deputat-dini-icmalara-avtomobil-verilm%c9%99sin%c9%99-munasib%c9%99t-bildirib","status":"publish","type":"post","link":"https:\/\/arantv.az\/?p=18950","title":{"rendered":"Deputat dini icmalara avtomobil verilm\u0259sin\u0259 m\u00fcnasib\u0259t bildirib"},"content":{"rendered":"<p>Az\u0259rbaycanda icmalara ma\u015f\u0131nlar\u0131n verilm\u0259si n\u00fcmun\u0259vi hald\u0131r.<\/p>\n<p><strong>ARANTV.AZ<\/strong>-\u0131n m\u0259lumat\u0131na g\u00f6r\u0259, bunu Milli M\u0259clisim \u0130ctimai birlikl\u0259r v\u0259 dini qurumlar komit\u0259sinin s\u0259dri\u00a0<strong>Siyavu\u015f Novruzov<\/strong>\u00a0jurnalistl\u0259r\u0259 a\u00e7\u0131qlamas\u0131nda bildirib.<\/p>\n<p>Onun s\u00f6zl\u0259rin\u0259 g\u00f6r\u0259, Az\u0259rbaycanda dinin d\u00f6vl\u0259td\u0259n ayr\u0131 olmas\u0131na baxmayaraq, d\u00f6vl\u0259tin din\u0259 olan qay\u011f\u0131s\u0131n\u0131 m\u00fct\u0259madi m\u00fc\u015fahid\u0259 edirik:<\/p>\n<p>\u201cBiz bu g\u00fcn m\u0259scidl\u0259rin tikilib, yenid\u0259n t\u0259mir olunmas\u0131 v\u0259 insanlar\u0131n istifad\u0259sin\u0259 verilm\u0259si, o c\u00fcml\u0259d\u0259n dini m\u0259rasiml\u0259rd\u0259 prezident \u0130lham \u018fliyevin\u00a0 i\u015ftirak\u0131 v\u0259 qeydiyyatdan ke\u00e7mi\u015f dini icmalara n\u0259qliyyat vasit\u0259l\u0259rinin verilm\u0259sinin \u015fahid oluruq. Ma\u015f\u0131nlar\u0131n verilm\u0259sind\u0259 m\u00fc\u0259yy\u0259n \u00e7a\u015fq\u0131nl\u0131q yaran\u0131r. S\u00f6hb\u0259t f\u0259rdl\u0259rd\u0259n getmir, icmalardan gedir\u201d.<\/p>\n<p>Siyavu\u015f Novruzov qeyd edib ki, icmalar n\u0259qliyyat vasit\u0259l\u0259ri il\u0259 t\u0259min olunurlar v\u0259 bu proses ba\u015flay\u0131b.oxu.az<\/p>\n","protected":false},"excerpt":{"rendered":"<p>Az\u0259rbaycanda icmalara ma\u015f\u0131nlar\u0131n verilm\u0259si n\u00fcmun\u0259vi hald\u0131r. ARANTV.AZ-\u0131n m\u0259lumat\u0131na g\u00f6r\u0259, bunu Milli M\u0259clisim \u0130ctimai birlikl\u0259r v\u0259 dini qurumlar komit\u0259sinin s\u0259dri\u00a0Siyavu\u015f Novruzov\u00a0jurnalistl\u0259r\u0259 a\u00e7\u0131qlamas\u0131nda bildirib. Onun s\u00f6zl\u0259rin\u0259 g\u00f6r\u0259, Az\u0259rbaycanda dinin d\u00f6vl\u0259td\u0259n ayr\u0131 olmas\u0131na baxmayaraq, d\u00f6vl\u0259tin din\u0259 olan qay\u011f\u0131s\u0131n\u0131 m\u00fct\u0259madi m\u00fc\u015fahid\u0259 edirik: \u201cBiz bu g\u00fcn m\u0259scidl\u0259rin tikilib, yenid\u0259n t\u0259mir olunmas\u0131 v\u0259 insanlar\u0131n istifad\u0259sin\u0259 verilm\u0259si, o c\u00fcml\u0259d\u0259n dini m\u0259rasiml\u0259rd\u0259 prezident \u0130lham \u018fliyevin\u00a0 i\u015ftirak\u0131 v\u0259 qeydiyyatdan ke\u00e7mi\u015f dini icmalara n\u0259qliyyat vasit\u0259l\u0259rinin verilm\u0259sinin \u015fahid oluruq. Ma\u015f\u0131nlar\u0131n verilm\u0259sind\u0259 m\u00fc\u0259yy\u0259n \u00e7a\u015fq\u0131nl\u0131q yaran\u0131r. S\u00f6hb\u0259t f\u0259rdl\u0259rd\u0259n getmir, icmalardan gedir\u201d. Siyavu\u015f Novruzov qeyd edib ki, icmalar n\u0259qliyyat vasit\u0259l\u0259ri il\u0259 t\u0259min olunurlar v\u0259&hellip;<\/p>\n","protected":false},"author":2,"featured_media":18951,"comment_status":"closed","ping_status":"closed","sticky":false,"template":"","format":"standard","meta":{"om_disable_all_campaigns":false,"_monsterinsights_skip_tracking":false,"_monsterinsights_sitenote_active":false,"_monsterinsights_sitenote_note":"","_monsterinsights_sitenote_category":0},"categories":[4],"tags":[],"aioseo_notices":[],"gutentor_comment":0,"rttpg_featured_image_url":{"full":["https:\/\/arantv.az\/wp-content\/uploads\/2018\/10\/3-1.jpg",620,383,false],"landscape":["https:\/\/arantv.az\/wp-content\/uploads\/2018\/10\/3-1.jpg",620,383,false],"portraits":["https:\/\/arantv.az\/wp-content\/uploads\/2018\/10\/3-1.jpg",620,383,false],"thumbnail":["https:\/\/arantv.az\/wp-content\/uploads\/2018\/10\/3-1-150x150.jpg",150,150,true],"medium":["https:\/\/arantv.az\/wp-content\/uploads\/2018\/10\/3-1-300x185.jpg",300,185,true],"large":["https:\/\/arantv.az\/wp-content\/uploads\/2018\/10\/3-1.jpg",620,383,false],"1536x1536":["https:\/\/arantv.az\/wp-content\/uploads\/2018\/10\/3-1.jpg",620,383,false],"2048x2048":["https:\/\/arantv.az\/wp-content\/uploads\/2018\/10\/3-1.jpg",620,383,false],"post-thumbnail":["https:\/\/arantv.az\/wp-content\/uploads\/2018\/10\/3-1-240x172.jpg",240,172,true],"advps-thumb-one":["https:\/\/arantv.az\/wp-content\/uploads\/2018\/10\/3-1.jpg",620,383,false]},"rttpg_author":{"display_name":"V\u00fcsal Rafiqo\u011flu","author_link":"https:\/\/arantv.az\/?author=2"},"rttpg_comment":0,"rttpg_category":"<a href=\"https:\/\/arantv.az\/?cat=4\" rel=\"category\">Siyas\u0259t<\/a>","rttpg_excerpt":"Az\u0259rbaycanda icmalara ma\u015f\u0131nlar\u0131n verilm\u0259si n\u00fcmun\u0259vi hald\u0131r. ARANTV.AZ-\u0131n m\u0259lumat\u0131na g\u00f6r\u0259, bunu Milli M\u0259clisim \u0130ctimai birlikl\u0259r v\u0259 dini qurumlar komit\u0259sinin s\u0259dri\u00a0Siyavu\u015f Novruzov\u00a0jurnalistl\u0259r\u0259 a\u00e7\u0131qlamas\u0131nda bildirib. Onun s\u00f6zl\u0259rin\u0259 g\u00f6r\u0259, Az\u0259rbaycanda dinin d\u00f6vl\u0259td\u0259n ayr\u0131 olmas\u0131na baxmayaraq, d\u00f6vl\u0259tin din\u0259 olan qay\u011f\u0131s\u0131n\u0131 m\u00fct\u0259madi m\u00fc\u015fahid\u0259 edirik: \u201cBiz bu g\u00fcn m\u0259scidl\u0259rin tikilib, yenid\u0259n t\u0259mir olunmas\u0131 v\u0259 insanlar\u0131n istifad\u0259sin\u0259 verilm\u0259si, o c\u00fcml\u0259d\u0259n dini m\u0259rasiml\u0259rd\u0259 prezident&hellip;","_links":{"self":[{"href":"https:\/\/arantv.az\/index.php?rest_route=\/wp\/v2\/posts\/18950"}],"collection":[{"href":"https:\/\/arantv.az\/index.php?rest_route=\/wp\/v2\/posts"}],"about":[{"href":"https:\/\/arantv.az\/index.php?rest_route=\/wp\/v2\/types\/post"}],"author":[{"embeddable":true,"href":"https:\/\/arantv.az\/index.php?rest_route=\/wp\/v2\/users\/2"}],"replies":[{"embeddable":true,"href":"https:\/\/arantv.az\/index.php?rest_route=%2Fwp%2Fv2%2Fcomments&post=18950"}],"version-history":[{"count":0,"href":"https:\/\/arantv.az\/index.php?rest_route=\/wp\/v2\/posts\/18950\/revisions"}],"wp:featuredmedia":[{"embeddable":true,"href":"https:\/\/arantv.az\/index.php?rest_route=\/wp\/v2\/media\/18951"}],"wp:attachment":[{"href":"https:\/\/arantv.az\/index.php?rest_route=%2Fwp%2Fv2%2Fmedia&parent=18950"}],"wp:term":[{"taxonomy":"category","embeddable":true,"href":"https:\/\/arantv.az\/index.php?rest_route=%2Fwp%2Fv2%2Fcategories&post=18950"},{"taxonomy":"post_tag","embeddable":true,"href":"https:\/\/arantv.az\/index.php?rest_route=%2Fwp%2Fv2%2Ftags&post=18950"}],"curies":[{"name":"wp","href":"https:\/\/api.w.org\/{rel}","templated":true}]}}