{"id":18954,"date":"2018-10-15T11:02:27","date_gmt":"2018-10-15T08:02:27","guid":{"rendered":"http:\/\/arantv.az\/?p=18954"},"modified":"2018-10-15T11:02:27","modified_gmt":"2018-10-15T08:02:27","slug":"amerikali-ekspert-prezident-ilham-%c9%99liyev-az%c9%99rbaycani-inkisaf-etmis-olk%c9%99y%c9%99-cevirib","status":"publish","type":"post","link":"https:\/\/arantv.az\/?p=18954","title":{"rendered":"Amerikal\u0131 ekspert: &#8220;Prezident \u0130lham \u018fliyev Az\u0259rbaycan\u0131 inki\u015faf etmi\u015f \u00f6lk\u0259y\u0259 \u00e7evirib&#8221;"},"content":{"rendered":"<blockquote><p><strong>Prezident \u0130lham \u018fliyev Az\u0259rbaycan\u0131 inki\u015faf etmi\u015f \u00f6lk\u0259y\u0259 \u00e7evirib.<\/strong><\/p><\/blockquote>\n<p><strong>ARANTV.AZ<\/strong> x\u0259b\u0259r verir ki, bunu trend-\u0259 Qlobal siyas\u0259t v\u0259 transatlantik m\u00fcnasib\u0259tl\u0259r \u00fczr\u0259 amerikal\u0131 ekspert Piter Teys deyib.<\/p>\n<p>O deyib: &#8220;Prezident \u0130lham \u018fliyevin r\u0259hb\u0259rliyi alt\u0131nda Az\u0259rbaycan ticar\u0259t, iqtisadiyyat, bir \u00e7ox Avropa \u00f6lk\u0259sinin enerji t\u0259hl\u00fck\u0259sizliyini t\u0259min ed\u0259n m\u00fcasir boru k\u0259m\u0259ri infrastrukturu il\u0259 realla\u015fd\u0131r\u0131lan neft t\u0259dar\u00fck\u00fc v\u0259 qaz ixrac\u0131 sah\u0259l\u0259rind\u0259 Avropa \u0130ttifaq\u0131 \u00f6lk\u0259l\u0259rinin strateji t\u0259r\u0259fda\u015f\u0131na \u00e7evrilib. Son 15 il \u0259rzind\u0259 Az\u0259rbaycan demokratik, s\u0259naye c\u0259h\u0259td\u0259n inki\u015faf etmi\u015f v\u0259 \u00e7i\u00e7\u0259kl\u0259n\u0259n \u00f6lk\u0259l\u0259rin etibarl\u0131 m\u00fctt\u0259fiqi v\u0259 t\u0259r\u0259fda\u015f\u0131 olub. Prezident \u0130lham \u018fliyev Az\u0259rbaycan\u0131 inki\u015faf etmi\u015f \u00f6lk\u0259y\u0259 \u00e7evirib, Silahl\u0131 Q\u00fcvv\u0259l\u0259ri g\u00fccl\u0259ndirib&#8221;.<\/p>\n<p>Amerikal\u0131 ekspert qeyd edib ki, Az\u0259rbaycan infrastrukturun inki\u015faf etdirildiyi \u00f6lk\u0259dir v\u0259 Avrasiyan\u0131n \u0259n vacib logistika m\u0259rk\u0259zidir. O \u0259lav\u0259 edib ki, Bak\u0131 m\u0259d\u0259niyy\u0259tl\u0259raras\u0131 v\u0259 dinl\u0259raras\u0131 dialoqun paytaxt\u0131d\u0131r:<\/p>\n<p>&#8220;Prezident \u0130lham \u018fliyevin h\u0259yata ke\u00e7irdiyi siyas\u0259t say\u0259sind\u0259 \u015e\u0259ki v\u0259 O\u011fuz vacib turizm istiqam\u0259tl\u0259rin\u0259 \u00e7evrilib. Az\u0259rbaycan \u00e7i\u00e7\u0259kl\u0259nm\u0259, s\u0259nayenin inki\u015faf\u0131, texnoloji innovasiyalar v\u0259 ma\u015f\u0131nqay\u0131rma sah\u0259sind\u0259 t\u0259dqiqatlar \u00fczr\u0259 d\u00fczg\u00fcn yoldad\u0131r&#8221;.<\/p>\n<p>Az\u0259rbaycan\u0131n son 15 il \u0259rzind\u0259 idman sah\u0259sind\u0259 nailiyy\u0259tl\u0259rind\u0259n dan\u0131\u015fan ekspert qeyd edib ki, Az\u0259rbaycan n\u00fcfuzlu idman t\u0259dbirl\u0259rinin t\u0259\u015fkilind\u0259ki rolu say\u0259sind\u0259 beyn\u0259lxalq arenada diqq\u0259t m\u0259rk\u0259zind\u0259dir:<\/p>\n<p>&#8220;Bak\u0131 g\u00f6st\u0259rdi ki, bu \u015f\u0259h\u0259r iri beyn\u0259lxalq idman t\u0259dbirl\u0259rinin v\u0259 b\u00fct\u00fcn d\u00fcnyada s\u00fclh\u0259 v\u0259 s\u0259m\u0259r\u0259li dialoqa xidm\u0259t ed\u0259n strateji sammitl\u0259rin ke\u00e7irilm\u0259si \u00fc\u00e7\u00fcn ideal m\u0259kand\u0131r&#8221;.<\/p>\n<p>P.Teys \u0259lav\u0259 edib ki, Az\u0259rbaycan \u00f6z nailiyy\u0259tl\u0259ri v\u0259 \u00f6lk\u0259nin h\u0259r bir v\u0259t\u0259nda\u015f\u0131n\u0131n h\u0259yat\u0131na birba\u015fa t\u0259sir ed\u0259n strateji layih\u0259l\u0259rin u\u011furlu icras\u0131 il\u0259 d\u00fcnyan\u0131 heyr\u0259tl\u0259ndirm\u0259kd\u0259 davam ed\u0259c\u0259k.<\/p>\n","protected":false},"excerpt":{"rendered":"<p>Prezident \u0130lham \u018fliyev Az\u0259rbaycan\u0131 inki\u015faf etmi\u015f \u00f6lk\u0259y\u0259 \u00e7evirib. ARANTV.AZ x\u0259b\u0259r verir ki, bunu trend-\u0259 Qlobal siyas\u0259t v\u0259 transatlantik m\u00fcnasib\u0259tl\u0259r \u00fczr\u0259 amerikal\u0131 ekspert Piter Teys deyib. O deyib: &#8220;Prezident \u0130lham \u018fliyevin r\u0259hb\u0259rliyi alt\u0131nda Az\u0259rbaycan ticar\u0259t, iqtisadiyyat, bir \u00e7ox Avropa \u00f6lk\u0259sinin enerji t\u0259hl\u00fck\u0259sizliyini t\u0259min ed\u0259n m\u00fcasir boru k\u0259m\u0259ri infrastrukturu il\u0259 realla\u015fd\u0131r\u0131lan neft t\u0259dar\u00fck\u00fc v\u0259 qaz ixrac\u0131 sah\u0259l\u0259rind\u0259 Avropa \u0130ttifaq\u0131 \u00f6lk\u0259l\u0259rinin strateji t\u0259r\u0259fda\u015f\u0131na \u00e7evrilib. Son 15 il \u0259rzind\u0259 Az\u0259rbaycan demokratik, s\u0259naye c\u0259h\u0259td\u0259n inki\u015faf etmi\u015f v\u0259 \u00e7i\u00e7\u0259kl\u0259n\u0259n \u00f6lk\u0259l\u0259rin etibarl\u0131 m\u00fctt\u0259fiqi v\u0259 t\u0259r\u0259fda\u015f\u0131 olub. Prezident \u0130lham \u018fliyev Az\u0259rbaycan\u0131 inki\u015faf etmi\u015f \u00f6lk\u0259y\u0259 \u00e7evirib, Silahl\u0131 Q\u00fcvv\u0259l\u0259ri g\u00fccl\u0259ndirib&#8221;.&hellip;<\/p>\n","protected":false},"author":2,"featured_media":18955,"comment_status":"closed","ping_status":"closed","sticky":false,"template":"","format":"standard","meta":{"om_disable_all_campaigns":false,"_monsterinsights_skip_tracking":false,"_monsterinsights_sitenote_active":false,"_monsterinsights_sitenote_note":"","_monsterinsights_sitenote_category":0},"categories":[4],"tags":[],"aioseo_notices":[],"gutentor_comment":0,"rttpg_featured_image_url":{"full":["https:\/\/arantv.az\/wp-content\/uploads\/2018\/10\/2018_ilham_aliyev_05-2.jpg",1200,900,false],"landscape":["https:\/\/arantv.az\/wp-content\/uploads\/2018\/10\/2018_ilham_aliyev_05-2.jpg",1200,900,false],"portraits":["https:\/\/arantv.az\/wp-content\/uploads\/2018\/10\/2018_ilham_aliyev_05-2.jpg",1200,900,false],"thumbnail":["https:\/\/arantv.az\/wp-content\/uploads\/2018\/10\/2018_ilham_aliyev_05-2-150x150.jpg",150,150,true],"medium":["https:\/\/arantv.az\/wp-content\/uploads\/2018\/10\/2018_ilham_aliyev_05-2-300x225.jpg",300,225,true],"large":["https:\/\/arantv.az\/wp-content\/uploads\/2018\/10\/2018_ilham_aliyev_05-2-1024x768.jpg",640,480,true],"1536x1536":["https:\/\/arantv.az\/wp-content\/uploads\/2018\/10\/2018_ilham_aliyev_05-2.jpg",1200,900,false],"2048x2048":["https:\/\/arantv.az\/wp-content\/uploads\/2018\/10\/2018_ilham_aliyev_05-2.jpg",1200,900,false],"post-thumbnail":["https:\/\/arantv.az\/wp-content\/uploads\/2018\/10\/2018_ilham_aliyev_05-2-240x172.jpg",240,172,true],"advps-thumb-one":["https:\/\/arantv.az\/wp-content\/uploads\/2018\/10\/2018_ilham_aliyev_05-2-1200x620.jpg",1200,620,true]},"rttpg_author":{"display_name":"V\u00fcsal Rafiqo\u011flu","author_link":"https:\/\/arantv.az\/?author=2"},"rttpg_comment":0,"rttpg_category":"<a href=\"https:\/\/arantv.az\/?cat=4\" rel=\"category\">Siyas\u0259t<\/a>","rttpg_excerpt":"Prezident \u0130lham \u018fliyev Az\u0259rbaycan\u0131 inki\u015faf etmi\u015f \u00f6lk\u0259y\u0259 \u00e7evirib. ARANTV.AZ x\u0259b\u0259r verir ki, bunu trend-\u0259 Qlobal siyas\u0259t v\u0259 transatlantik m\u00fcnasib\u0259tl\u0259r \u00fczr\u0259 amerikal\u0131 ekspert Piter Teys deyib. O deyib: &#8220;Prezident \u0130lham \u018fliyevin r\u0259hb\u0259rliyi alt\u0131nda Az\u0259rbaycan ticar\u0259t, iqtisadiyyat, bir \u00e7ox Avropa \u00f6lk\u0259sinin enerji t\u0259hl\u00fck\u0259sizliyini t\u0259min ed\u0259n m\u00fcasir boru k\u0259m\u0259ri infrastrukturu il\u0259 realla\u015fd\u0131r\u0131lan neft t\u0259dar\u00fck\u00fc v\u0259 qaz ixrac\u0131 sah\u0259l\u0259rind\u0259&hellip;","_links":{"self":[{"href":"https:\/\/arantv.az\/index.php?rest_route=\/wp\/v2\/posts\/18954"}],"collection":[{"href":"https:\/\/arantv.az\/index.php?rest_route=\/wp\/v2\/posts"}],"about":[{"href":"https:\/\/arantv.az\/index.php?rest_route=\/wp\/v2\/types\/post"}],"author":[{"embeddable":true,"href":"https:\/\/arantv.az\/index.php?rest_route=\/wp\/v2\/users\/2"}],"replies":[{"embeddable":true,"href":"https:\/\/arantv.az\/index.php?rest_route=%2Fwp%2Fv2%2Fcomments&post=18954"}],"version-history":[{"count":0,"href":"https:\/\/arantv.az\/index.php?rest_route=\/wp\/v2\/posts\/18954\/revisions"}],"wp:featuredmedia":[{"embeddable":true,"href":"https:\/\/arantv.az\/index.php?rest_route=\/wp\/v2\/media\/18955"}],"wp:attachment":[{"href":"https:\/\/arantv.az\/index.php?rest_route=%2Fwp%2Fv2%2Fmedia&parent=18954"}],"wp:term":[{"taxonomy":"category","embeddable":true,"href":"https:\/\/arantv.az\/index.php?rest_route=%2Fwp%2Fv2%2Fcategories&post=18954"},{"taxonomy":"post_tag","embeddable":true,"href":"https:\/\/arantv.az\/index.php?rest_route=%2Fwp%2Fv2%2Ftags&post=18954"}],"curies":[{"name":"wp","href":"https:\/\/api.w.org\/{rel}","templated":true}]}}