{"id":189569,"date":"2020-07-09T12:38:13","date_gmt":"2020-07-09T09:38:13","guid":{"rendered":"http:\/\/arantv.az\/?p=189569"},"modified":"2020-07-09T12:38:13","modified_gmt":"2020-07-09T09:38:13","slug":"koronavirusa-gor%c9%99-az%c9%99rbaycanda-rayona-giris-cixis-m%c9%99hdudlasdirildi-foto","status":"publish","type":"post","link":"https:\/\/arantv.az\/?p=189569","title":{"rendered":"Koronavirusa g\u00f6r\u0259 Az\u0259rbaycanda rayona giri\u015f-\u00e7\u0131x\u0131\u015f m\u0259hdudla\u015fd\u0131r\u0131ld\u0131 &#8211; FOTO"},"content":{"rendered":"<p>Xa\u00e7mazda s\u0259rtl\u0259\u015fdirilmi\u015f karantin rejimi il\u0259 \u0259laq\u0259dar polis \u0259m\u0259kda\u015flar\u0131 g\u00fccl\u0259ndirilmi\u015f i\u015f rejimind\u0259 \u00e7al\u0131\u015f\u0131rlar.<\/p>\n<p>Bununla ba\u011fl\u0131 Daxili \u0130\u015fl\u0259r Nazirliyinin M\u0259tbuat xidm\u0259tinin Quba regional qrupu m\u0259lumat yay\u0131b.<\/p>\n<p>Bildirilib ki, koronavirus pandemiyas\u0131n\u0131n yay\u0131lmas\u0131n\u0131n qar\u015f\u0131s\u0131n\u0131n al\u0131nmas\u0131 m\u0259qs\u0259dil\u0259 elan edil\u0259n x\u00fcsusi karantin rejimi qaydalar\u0131n\u0131n t\u0259min olunmas\u0131 v\u0259 Nazirl\u0259r Kabineti yan\u0131nda operativ q\u0259rargah\u0131n t\u0259l\u0259b v\u0259 t\u00f6vsiy\u0259l\u0259rin\u0259 riay\u0259t edilm\u0259si istiqam\u0259tind\u0259 Xa\u00e7maz Rayon Polis \u015e\u00f6b\u0259sinin (RP\u015e) \u0259m\u0259kda\u015flar\u0131 t\u0259r\u0259find\u0259n geni\u015fmiqyasl\u0131 t\u0259dbirl\u0259r davam etdirilir.<\/p>\n<p>Bel\u0259 ki, h\u0259yata ke\u00e7iril\u0259n t\u0259dbirl\u0259r \u00e7\u0259r\u00e7iv\u0259sind\u0259 rayon \u0259razisin\u0259 giri\u015f-\u00e7\u0131x\u0131\u015f m\u0259hdudla\u015fd\u0131r\u0131l\u0131b. Bu \u0259razil\u0259rd\u0259 m\u00fcv\u0259qq\u0259ti stasionar postlar qurulub, n\u0259qliyyat vasit\u0259l\u0259rinin h\u0259r\u0259k\u0259tin\u0259 ciddi n\u0259zar\u0259t olunur. X\u00fcsusi icaz\u0259si olmadan rayon \u0259razisin\u0259 daxil olmaq ist\u0259y\u0259n dig\u0259r rayon v\u0259 \u015f\u0259h\u0259rl\u0259rin sakinl\u0259ri saxlan\u0131l\u0131r v\u0259 sakini olduqlar\u0131 rayon v\u0259 \u015f\u0259h\u0259rl\u0259r\u0259 y\u00f6nl\u0259ndirilirl\u0259r.<\/p>\n<p><img loading=\"lazy\" class=\"alignnone size-medium wp-image-189570\" src=\"https:\/\/arantv.az\/wp-content\/uploads\/2020\/07\/6-4-300x182.jpg\" alt=\"\" width=\"300\" height=\"182\" \/><img loading=\"lazy\" class=\"alignnone size-medium wp-image-189571\" src=\"https:\/\/arantv.az\/wp-content\/uploads\/2020\/07\/7-3-300x161.jpg\" alt=\"\" width=\"300\" height=\"161\" \/><\/p>\n","protected":false},"excerpt":{"rendered":"<p>Xa\u00e7mazda s\u0259rtl\u0259\u015fdirilmi\u015f karantin rejimi il\u0259 \u0259laq\u0259dar polis \u0259m\u0259kda\u015flar\u0131 g\u00fccl\u0259ndirilmi\u015f i\u015f rejimind\u0259 \u00e7al\u0131\u015f\u0131rlar. Bununla ba\u011fl\u0131 Daxili \u0130\u015fl\u0259r Nazirliyinin M\u0259tbuat xidm\u0259tinin Quba regional qrupu m\u0259lumat yay\u0131b. Bildirilib ki, koronavirus pandemiyas\u0131n\u0131n yay\u0131lmas\u0131n\u0131n qar\u015f\u0131s\u0131n\u0131n al\u0131nmas\u0131 m\u0259qs\u0259dil\u0259 elan edil\u0259n x\u00fcsusi karantin rejimi qaydalar\u0131n\u0131n t\u0259min olunmas\u0131 v\u0259 Nazirl\u0259r Kabineti yan\u0131nda operativ q\u0259rargah\u0131n t\u0259l\u0259b v\u0259 t\u00f6vsiy\u0259l\u0259rin\u0259 riay\u0259t edilm\u0259si istiqam\u0259tind\u0259 Xa\u00e7maz Rayon Polis \u015e\u00f6b\u0259sinin (RP\u015e) \u0259m\u0259kda\u015flar\u0131 t\u0259r\u0259find\u0259n geni\u015fmiqyasl\u0131 t\u0259dbirl\u0259r davam etdirilir. Bel\u0259 ki, h\u0259yata ke\u00e7iril\u0259n t\u0259dbirl\u0259r \u00e7\u0259r\u00e7iv\u0259sind\u0259 rayon \u0259razisin\u0259 giri\u015f-\u00e7\u0131x\u0131\u015f m\u0259hdudla\u015fd\u0131r\u0131l\u0131b. Bu \u0259razil\u0259rd\u0259 m\u00fcv\u0259qq\u0259ti stasionar postlar qurulub, n\u0259qliyyat vasit\u0259l\u0259rinin h\u0259r\u0259k\u0259tin\u0259 ciddi n\u0259zar\u0259t olunur. X\u00fcsusi icaz\u0259si olmadan rayon \u0259razisin\u0259&hellip;<\/p>\n","protected":false},"author":2,"featured_media":189571,"comment_status":"closed","ping_status":"closed","sticky":false,"template":"","format":"standard","meta":{"om_disable_all_campaigns":false,"_monsterinsights_skip_tracking":false,"_monsterinsights_sitenote_active":false,"_monsterinsights_sitenote_note":"","_monsterinsights_sitenote_category":0},"categories":[5],"tags":[],"aioseo_notices":[],"gutentor_comment":0,"rttpg_featured_image_url":{"full":["https:\/\/arantv.az\/wp-content\/uploads\/2020\/07\/7-3.jpg",590,317,false],"landscape":["https:\/\/arantv.az\/wp-content\/uploads\/2020\/07\/7-3.jpg",590,317,false],"portraits":["https:\/\/arantv.az\/wp-content\/uploads\/2020\/07\/7-3.jpg",590,317,false],"thumbnail":["https:\/\/arantv.az\/wp-content\/uploads\/2020\/07\/7-3-150x150.jpg",150,150,true],"medium":["https:\/\/arantv.az\/wp-content\/uploads\/2020\/07\/7-3-300x161.jpg",300,161,true],"large":["https:\/\/arantv.az\/wp-content\/uploads\/2020\/07\/7-3.jpg",590,317,false],"1536x1536":["https:\/\/arantv.az\/wp-content\/uploads\/2020\/07\/7-3.jpg",590,317,false],"2048x2048":["https:\/\/arantv.az\/wp-content\/uploads\/2020\/07\/7-3.jpg",590,317,false],"post-thumbnail":["https:\/\/arantv.az\/wp-content\/uploads\/2020\/07\/7-3-240x172.jpg",240,172,true],"advps-thumb-one":["https:\/\/arantv.az\/wp-content\/uploads\/2020\/07\/7-3.jpg",590,317,false]},"rttpg_author":{"display_name":"V\u00fcsal Rafiqo\u011flu","author_link":"https:\/\/arantv.az\/?author=2"},"rttpg_comment":0,"rttpg_category":"<a href=\"https:\/\/arantv.az\/?cat=5\" rel=\"category\">Hadis\u0259<\/a>","rttpg_excerpt":"Xa\u00e7mazda s\u0259rtl\u0259\u015fdirilmi\u015f karantin rejimi il\u0259 \u0259laq\u0259dar polis \u0259m\u0259kda\u015flar\u0131 g\u00fccl\u0259ndirilmi\u015f i\u015f rejimind\u0259 \u00e7al\u0131\u015f\u0131rlar. Bununla ba\u011fl\u0131 Daxili \u0130\u015fl\u0259r Nazirliyinin M\u0259tbuat xidm\u0259tinin Quba regional qrupu m\u0259lumat yay\u0131b. Bildirilib ki, koronavirus pandemiyas\u0131n\u0131n yay\u0131lmas\u0131n\u0131n qar\u015f\u0131s\u0131n\u0131n al\u0131nmas\u0131 m\u0259qs\u0259dil\u0259 elan edil\u0259n x\u00fcsusi karantin rejimi qaydalar\u0131n\u0131n t\u0259min olunmas\u0131 v\u0259 Nazirl\u0259r Kabineti yan\u0131nda operativ q\u0259rargah\u0131n t\u0259l\u0259b v\u0259 t\u00f6vsiy\u0259l\u0259rin\u0259 riay\u0259t edilm\u0259si istiqam\u0259tind\u0259 Xa\u00e7maz Rayon Polis&hellip;","_links":{"self":[{"href":"https:\/\/arantv.az\/index.php?rest_route=\/wp\/v2\/posts\/189569"}],"collection":[{"href":"https:\/\/arantv.az\/index.php?rest_route=\/wp\/v2\/posts"}],"about":[{"href":"https:\/\/arantv.az\/index.php?rest_route=\/wp\/v2\/types\/post"}],"author":[{"embeddable":true,"href":"https:\/\/arantv.az\/index.php?rest_route=\/wp\/v2\/users\/2"}],"replies":[{"embeddable":true,"href":"https:\/\/arantv.az\/index.php?rest_route=%2Fwp%2Fv2%2Fcomments&post=189569"}],"version-history":[{"count":0,"href":"https:\/\/arantv.az\/index.php?rest_route=\/wp\/v2\/posts\/189569\/revisions"}],"wp:featuredmedia":[{"embeddable":true,"href":"https:\/\/arantv.az\/index.php?rest_route=\/wp\/v2\/media\/189571"}],"wp:attachment":[{"href":"https:\/\/arantv.az\/index.php?rest_route=%2Fwp%2Fv2%2Fmedia&parent=189569"}],"wp:term":[{"taxonomy":"category","embeddable":true,"href":"https:\/\/arantv.az\/index.php?rest_route=%2Fwp%2Fv2%2Fcategories&post=189569"},{"taxonomy":"post_tag","embeddable":true,"href":"https:\/\/arantv.az\/index.php?rest_route=%2Fwp%2Fv2%2Ftags&post=189569"}],"curies":[{"name":"wp","href":"https:\/\/api.w.org\/{rel}","templated":true}]}}