{"id":18957,"date":"2018-10-15T11:04:08","date_gmt":"2018-10-15T08:04:08","guid":{"rendered":"http:\/\/arantv.az\/?p=18957"},"modified":"2018-10-15T11:04:08","modified_gmt":"2018-10-15T08:04:08","slug":"prezident-ilham-%c9%99liyev-v%c9%99-birinci-xanim-mehriban-%c9%99liyeva-l%c9%99nk%c9%99ran-rayonuna-s%c9%99f%c9%99r-edibl%c9%99r-yenil%c9%99nib","status":"publish","type":"post","link":"https:\/\/arantv.az\/?p=18957","title":{"rendered":"Prezident \u0130lham \u018fliyev v\u0259 birinci xan\u0131m Mehriban \u018fliyeva L\u0259nk\u0259ran rayonuna s\u0259f\u0259r edibl\u0259r &#8211; YEN\u0130L\u018fN\u0130B"},"content":{"rendered":"<p><strong>Oktyabr\u0131n 15-d\u0259 Az\u0259rbaycan Respublikas\u0131n\u0131n Prezidenti \u0130lham \u018fliyevin L\u0259nk\u0259rana s\u0259f\u0259ri \u00e7\u0259r\u00e7iv\u0259sind\u0259 \u0130stisu v\u0259 Sa\u011flaml\u0131q M\u0259rk\u0259zinin t\u0259qdimat\u0131 olub.<\/strong><\/p>\n<p><strong>ARANTV.AZ<\/strong> az\u0259rtac-a istinad\u0259n x\u0259b\u0259r verir ki, son ill\u0259r b\u00f6lg\u0259l\u0259rd\u0259 m\u00fcasir mehmanxana v\u0259 sa\u011flaml\u0131q kompleksl\u0259rinin istifad\u0259y\u0259 verilm\u0259si Az\u0259rbaycan\u0131n iqtisadi potensial\u0131n\u0131 n\u00fcmayi\u015f etdirm\u0259kl\u0259 yana\u015f\u0131, \u00f6lk\u0259y\u0259 g\u0259l\u0259n turistl\u0259rin say\u0131n\u0131n artmas\u0131na da b\u00f6y\u00fck t\u0259kan verir. L\u0259nk\u0259ran\u0131n Haftoni q\u0259s\u0259b\u0259sind\u0259 in\u015fas\u0131 yenic\u0259 ba\u015fa \u00e7atan L\u0259nk\u0259ran \u0130stisu v\u0259 Sa\u011flaml\u0131q M\u0259rk\u0259zi d\u0259 bu istiqam\u0259td\u0259 h\u0259yata ke\u00e7iril\u0259n \u0259sasl\u0131 add\u0131mlardan biridir. Bu kompleksin in\u015fas\u0131 regionun turizm imkanlar\u0131n\u0131n art\u0131r\u0131lmas\u0131 bax\u0131m\u0131ndan m\u00fch\u00fcm \u0259h\u0259miyy\u0259t da\u015f\u0131y\u0131r. T\u0259xmin\u0259n 11 hektar sah\u0259si olan kompleksd\u0259 otel, tibb m\u0259rk\u0259zi v\u0259 m\u00fcxt\u0259lif termal hamamlar f\u0259aliyy\u0259t g\u00f6st\u0259r\u0259c\u0259k.<\/p>\n<p>Prezident \u0130lham \u018fliyev v\u0259 birinci xan\u0131m Mehriban \u018fliyeva m\u0259rk\u0259zd\u0259 g\u00f6r\u00fcl\u0259n i\u015fl\u0259rl\u0259 tan\u0131\u015f oldular.<\/p>\n<p>Layih\u0259 r\u0259hb\u0259ri N\u0259riman Top\u00e7uba\u015fov m\u0259lumat verdi ki, L\u0259nk\u0259ran \u0130stisu Sanatoriyas\u0131 ilk d\u0259f\u0259 1958-ci ild\u0259 istifad\u0259y\u0259 verilib. 1974-cu ild\u0259 \u0259razid\u0259 d\u00f6rdm\u0259rt\u0259b\u0259li sanatoriya binas\u0131 in\u015fa edilib.<\/p>\n<p>Bildirildi ki, L\u0259nk\u0259ran \u0130stisu v\u0259 Sa\u011flaml\u0131q M\u0259rk\u0259zinin in\u015fas\u0131na 2016-c\u0131 ilin noyabr\u0131nda ba\u015flan\u0131l\u0131b. M\u0259rk\u0259zin 182 n\u00f6mr\u0259lik otel binas\u0131 \u0259n y\u00fcks\u0259k standartlar s\u0259viyy\u0259sind\u0259 in\u015fa olunub. Kompleks\u0259 daxil olan dig\u0259r xidm\u0259t sah\u0259l\u0259rinin in\u015fas\u0131 davam etdirilir. Otel binas\u0131n\u0131n interyerinin t\u0259rtibat\u0131nda orijinal mebel v\u0259 aksessuarlardan istifad\u0259 olunub. Otelin doqquzm\u0259rt\u0259b\u0259li binas\u0131nda ist\u0259r uzunm\u00fcdd\u0259tli m\u00fcalic\u0259vi istirah\u0259t, ist\u0259rs\u0259 d\u0259 h\u0259ft\u0259 sonlar\u0131nda asud\u0259 vaxt ke\u00e7irm\u0259k \u00fc\u00e7\u00fcn h\u0259r c\u00fcr \u015f\u0259rait yarad\u0131l\u0131b.<\/p>\n<p>Prezident \u0130lham \u018fliyevin diqq\u0259tin\u0259 \u00e7atd\u0131r\u0131ld\u0131 ki, oteld\u0259 xidm\u0259t g\u00f6st\u0259r\u0259c\u0259k hey\u0259t y\u00fcks\u0259k haz\u0131rl\u0131q kursu ke\u00e7\u0259c\u0259k v\u0259 onlar\u0131n \u0259ks\u0259riyy\u0259tini yerli kadrlar t\u0259\u015fkil ed\u0259c\u0259k. Bu \u0259m\u0259kda\u015flar otelin ist\u0259nil\u0259n xidm\u0259t sah\u0259sind\u0259 qonaqlara y\u00fcks\u0259k s\u0259viyy\u0259li qulluq g\u00f6st\u0259rilm\u0259si il\u0259 ba\u011fl\u0131 x\u00fcsusi t\u0259lim kurslar\u0131na c\u0259lb olunacaqlar. Kompleksd\u0259 m\u00fcasir restoranlar f\u0259aliyy\u0259t g\u00f6st\u0259rir. Restoranlarda turistl\u0259r\u0259 Az\u0259rbaycan v\u0259 d\u00fcnya m\u0259tb\u0259xinin n\u00fcmun\u0259l\u0259ri t\u0259qdim olunacaq.<\/p>\n<p>D\u00f6vl\u0259timizin ba\u015f\u00e7\u0131s\u0131 v\u0259 xan\u0131m\u0131 oteld\u0259ki n\u00f6mr\u0259l\u0259rd\u0259 yarad\u0131lan \u015f\u0259raitl\u0259 tan\u0131\u015f oldular.<\/p>\n<p>M\u0259lumat verildi ki, m\u00fcxt\u0259lif kateqoriyal\u0131 bu n\u00f6mr\u0259l\u0259r \u0259n m\u00fcasir t\u0259l\u0259bl\u0259r s\u0259viyy\u0259sind\u0259dir v\u0259 y\u00fcks\u0259k dizayn\u0131 il\u0259 se\u00e7ilir.<\/p>\n<p>L\u0259nk\u0259ran \u0130stisu v\u0259 Sa\u011flaml\u0131q M\u0259rk\u0259zind\u0259 yerl\u0259\u015f\u0259n ikim\u0259rt\u0259b\u0259li tibb m\u0259rk\u0259zi d\u0259 m\u00fcasir avadanl\u0131qla t\u0259chiz edilib. M\u00fcasir laboratoriya, rentgen v\u0259 ultras\u0259s m\u00fcayin\u0259l\u0259ri \u00fc\u00e7\u00fcn laz\u0131mi \u015f\u0259raitin yarad\u0131ld\u0131\u011f\u0131 m\u0259rk\u0259zd\u0259 elektroterapiya, fizioterapiya, jet masaj, maqnitoterapiya, hidroterapiya, hidrokolonterapiya, pal\u00e7\u0131q m\u00fcalic\u0259si, mexanoterapiya otaqlar\u0131 var. Burada m\u00fcalic\u0259 alanlar masaj v\u0259 pal\u00e7\u0131q applikasiya otaqlar\u0131ndan istifad\u0259 ed\u0259 bil\u0259rl\u0259r. Tibbi m\u0259rk\u0259zd\u0259 aptek d\u0259 f\u0259aliyy\u0259t g\u00f6st\u0259r\u0259c\u0259k.<\/p>\n<p>Prezident \u0130lham \u018fliyev istisu vannalar\u0131 il\u0259 tan\u0131\u015f oldu.<\/p>\n<p>Haz\u0131rda L\u0259nk\u0259ran \u0130stisu v\u0259 Sa\u011flaml\u0131q M\u0259rk\u0259zind\u0259 12 aktiv su m\u0259nb\u0259yi, o c\u00fcml\u0259d\u0259n 7 quyu v\u0259 5 bulaq m\u00f6vcuddur. M\u0259nb\u0259l\u0259r istilik d\u0259r\u0259c\u0259sin\u0259 \u0259sas\u0259n izotermal, termal v\u0259 hipertermal sular olaraq qurupla\u015fd\u0131r\u0131l\u0131b. Termal su yata\u011f\u0131 \u00fczr\u0259 xloridli-natriumlu-kalsiumlu sular \u00fcst\u00fcnl\u00fck t\u0259\u015fkil ed\u0259r\u0259k karbon v\u0259 azot qazl\u0131 sular qrupuna daxildir. Bundan \u0259lav\u0259, termal suyun t\u0259rkibind\u0259 sulfat aniomlar\u0131, kalium v\u0259 k\u00fck\u00fcrd var. Bu tip sular m\u00fcalic\u0259vi-mineral sular v\u0259 mineral sular qrupuna aid edilir.<\/p>\n<p>Bildirildi ki, L\u0259nk\u0259ran \u0130stisu v\u0259 Sa\u011flaml\u0131q M\u0259rk\u0259zind\u0259 qan d\u00f6vran\u0131, sinir, s\u00fcm\u00fck-\u0259z\u0259l\u0259 sisteml\u0259ri, birl\u0259\u015fdirici toxuman\u0131n, t\u0259n\u0259ff\u00fcs orqanlar\u0131n\u0131n, h\u0259zm sisteminin x\u0259st\u0259likl\u0259ri, madd\u0259l\u0259r m\u00fcbadil\u0259si v\u0259 qidalanma pozuntular\u0131, d\u0259ri v\u0259 d\u0259rialt\u0131 toxuman\u0131n v\u0259 sidik-cinsiyy\u0259t sistemi x\u0259st\u0259likl\u0259rinin m\u00fcalic\u0259si n\u0259z\u0259rd\u0259 tutulub. M\u0259rk\u0259zin f\u0259aliyy\u0259t\u0259 ba\u015flamas\u0131 \u0259ks\u0259riyy\u0259ti yerli i\u015f\u00e7il\u0259r olmaqla t\u0259qrib\u0259n 250 n\u0259f\u0259r \u00fc\u00e7\u00fcn i\u015f yerinin yaranmas\u0131na s\u0259b\u0259b olacaq.<\/p>\n<p>Burada 46 avtomobil yerlik qapal\u0131, 80 avtomobil yerlik a\u00e7\u0131q avtodayanacaq da yarad\u0131l\u0131b. \u00d6lk\u0259 v\u0259t\u0259nda\u015flar\u0131n\u0131n v\u0259 xarici qonaqlar\u0131n xidm\u0259tin\u0259 veril\u0259n bu m\u00fcasir kompleks respublikam\u0131z\u0131n turizm infrastrukturuna, x\u00fcsusil\u0259 d\u0259 m\u00fcalic\u0259vi turizmin inki\u015faf\u0131na m\u00fch\u00fcm t\u00f6hf\u0259 ver\u0259c\u0259k. Bel\u0259likl\u0259, L\u0259nk\u0259ran \u0130stisu v\u0259 Sa\u011flaml\u0131q M\u0259rk\u0259zi \u00f6lk\u0259mizin turizm v\u0259 m\u00fcalic\u0259vi turizm sektorunda \u00f6z\u00fcn\u0259m\u0259xsus yer tutacaq. B\u00fct\u00fcn bunlar bir daha s\u00fcbut edir ki, regionlar\u0131n sosial-iqtisadi inki\u015faf\u0131 D\u00f6vl\u0259t proqramlar\u0131 \u00e7\u0259r\u00e7iv\u0259sind\u0259 g\u00f6r\u00fcl\u0259n kompleks i\u015fl\u0259r n\u0259tic\u0259sind\u0259 \u00f6lk\u0259nin iqtisadi q\u00fcdr\u0259ti y\u00fcks\u0259lib, i\u015fg\u00fczar f\u0259all\u0131q art\u0131b, b\u00f6lg\u0259l\u0259rd\u0259 sahibkarl\u0131q f\u0259aliyy\u0259ti daha da geni\u015fl\u0259nib. Prezident \u0130lham \u018fliyevin t\u00f6vsiy\u0259l\u0259rin\u0259 uy\u011fun olaraq, son ill\u0259r \u00f6lk\u0259mizin turizm potensial\u0131n\u0131n inki\u015faf etdirilm\u0259si, m\u00fcasir turizm infrastrukturunun yarad\u0131lmas\u0131, m\u00f6vcud turizm potensial\u0131n\u0131n beyn\u0259lxalq al\u0259md\u0259 tan\u0131d\u0131lmas\u0131, turizmin m\u00fcxt\u0259lif n\u00f6vl\u0259rinin inki\u015faf etdirilm\u0259si istiqam\u0259tl\u0259rind\u0259 \u00e7oxsayl\u0131 t\u0259dbirl\u0259r davam etdirilir v\u0259 daha da geni\u015fl\u0259ndirilir.<\/p>\n<p>Kompleksl\u0259 tan\u0131\u015fl\u0131qdan sonra Prezident \u0130lham \u018fliyev v\u0259 birinci xan\u0131m Mehriban \u018fliyeva rayon ictimaiyy\u0259tinin n\u00fcmay\u0259nd\u0259l\u0259ri v\u0259 m\u00fc\u0259ssis\u0259nin kollektivi il\u0259 g\u00f6r\u00fc\u015fd\u00fcl\u0259r.<\/p>\n<p>D\u00f6vl\u0259timizin ba\u015f\u00e7\u0131s\u0131 g\u00f6r\u00fc\u015fd\u0259 \u00e7\u0131x\u0131\u015f etdi.<\/p>\n<p>Sakinl\u0259r g\u00f6st\u0259rdiyi y\u00fcks\u0259k diqq\u0259t v\u0259 qay\u011f\u0131ya g\u00f6r\u0259 Prezident \u0130lham \u018fliyev\u0259 v\u0259 birinci xan\u0131m Mehriban \u018fliyevaya minn\u0259tdarl\u0131qlar\u0131n\u0131 bildirdil\u0259r.<\/p>\n<p>Sonda xatir\u0259 \u015f\u0259kli \u00e7\u0259kdirildi.<\/p>\n<p>&#8212;&#8212;&#8212;-<br \/>\n<strong>11:32<\/strong><\/p>\n<p><strong>Oktyabr\u0131n 15-d\u0259 Az\u0259rbaycan Respublikas\u0131n\u0131n Prezidenti \u0130lham \u018fliyev v\u0259 birinci xan\u0131m Mehriban \u018fliyeva L\u0259nk\u0259ran rayonuna s\u0259f\u0259r\u0259 g\u0259libl\u0259r.<\/strong><\/p>\n<p><strong>ARANTV.AZ<\/strong> az\u0259rtac-a istinad\u0259n x\u0259b\u0259r verir ki, Prezident \u0130lham \u018fliyev v\u0259 birinci xan\u0131m Mehriban \u018fliyeva L\u0259nk\u0259ran \u015f\u0259h\u0259rind\u0259ki Heyd\u0259r \u018fliyev xatir\u0259 park\u0131nda Ulu \u00d6nd\u0259rin yeni ucald\u0131lan abid\u0259sini ziyar\u0259t ed\u0259r\u0259k \u00f6n\u00fcn\u0259 g\u00fcl d\u0259st\u0259l\u0259ri qoydular.<\/p>\n<p>L\u0259nk\u0259ran Rayon \u0130cra Hakimiyy\u0259tinin ba\u015f\u00e7\u0131s\u0131 Taleh Qara\u015fov d\u00f6vl\u0259timizin ba\u015f\u00e7\u0131s\u0131na v\u0259 xan\u0131m\u0131na Heyd\u0259r \u018fliyev xatir\u0259 park\u0131nda g\u00f6r\u00fcl\u0259n abadl\u0131q i\u015fl\u0259ri bar\u0259d\u0259 m\u0259lumat verdi.<\/p>\n<p>Bildirildi ki, xatir\u0259 park\u0131nda \u015f\u0259h\u0259r sakinl\u0259rinin v\u0259 qonaqlar\u0131n istirah\u0259ti \u00fc\u00e7\u00fcn h\u0259rt\u0259r\u0259fli \u015f\u0259rait yarad\u0131l\u0131b.<\/p>\n<p><strong>Milli.Az<\/strong><\/p>\n","protected":false},"excerpt":{"rendered":"<p>Oktyabr\u0131n 15-d\u0259 Az\u0259rbaycan Respublikas\u0131n\u0131n Prezidenti \u0130lham \u018fliyevin L\u0259nk\u0259rana s\u0259f\u0259ri \u00e7\u0259r\u00e7iv\u0259sind\u0259 \u0130stisu v\u0259 Sa\u011flaml\u0131q M\u0259rk\u0259zinin t\u0259qdimat\u0131 olub. ARANTV.AZ az\u0259rtac-a istinad\u0259n x\u0259b\u0259r verir ki, son ill\u0259r b\u00f6lg\u0259l\u0259rd\u0259 m\u00fcasir mehmanxana v\u0259 sa\u011flaml\u0131q kompleksl\u0259rinin istifad\u0259y\u0259 verilm\u0259si Az\u0259rbaycan\u0131n iqtisadi potensial\u0131n\u0131 n\u00fcmayi\u015f etdirm\u0259kl\u0259 yana\u015f\u0131, \u00f6lk\u0259y\u0259 g\u0259l\u0259n turistl\u0259rin say\u0131n\u0131n artmas\u0131na da b\u00f6y\u00fck t\u0259kan verir. L\u0259nk\u0259ran\u0131n Haftoni q\u0259s\u0259b\u0259sind\u0259 in\u015fas\u0131 yenic\u0259 ba\u015fa \u00e7atan L\u0259nk\u0259ran \u0130stisu v\u0259 Sa\u011flaml\u0131q M\u0259rk\u0259zi d\u0259 bu istiqam\u0259td\u0259 h\u0259yata ke\u00e7iril\u0259n \u0259sasl\u0131 add\u0131mlardan biridir. Bu kompleksin in\u015fas\u0131 regionun turizm imkanlar\u0131n\u0131n art\u0131r\u0131lmas\u0131 bax\u0131m\u0131ndan m\u00fch\u00fcm \u0259h\u0259miyy\u0259t da\u015f\u0131y\u0131r. T\u0259xmin\u0259n 11 hektar sah\u0259si olan kompleksd\u0259 otel, tibb m\u0259rk\u0259zi v\u0259 m\u00fcxt\u0259lif termal&hellip;<\/p>\n","protected":false},"author":2,"featured_media":18958,"comment_status":"closed","ping_status":"closed","sticky":false,"template":"","format":"standard","meta":{"om_disable_all_campaigns":false,"_monsterinsights_skip_tracking":false,"_monsterinsights_sitenote_active":false,"_monsterinsights_sitenote_note":"","_monsterinsights_sitenote_category":0},"categories":[8],"tags":[],"aioseo_notices":[],"gutentor_comment":0,"rttpg_featured_image_url":{"full":["https:\/\/arantv.az\/wp-content\/uploads\/2018\/10\/ilham_eliyev_mehriban_eliyeva_02-2.jpg",367,275,false],"landscape":["https:\/\/arantv.az\/wp-content\/uploads\/2018\/10\/ilham_eliyev_mehriban_eliyeva_02-2.jpg",367,275,false],"portraits":["https:\/\/arantv.az\/wp-content\/uploads\/2018\/10\/ilham_eliyev_mehriban_eliyeva_02-2.jpg",367,275,false],"thumbnail":["https:\/\/arantv.az\/wp-content\/uploads\/2018\/10\/ilham_eliyev_mehriban_eliyeva_02-2-150x150.jpg",150,150,true],"medium":["https:\/\/arantv.az\/wp-content\/uploads\/2018\/10\/ilham_eliyev_mehriban_eliyeva_02-2-300x225.jpg",300,225,true],"large":["https:\/\/arantv.az\/wp-content\/uploads\/2018\/10\/ilham_eliyev_mehriban_eliyeva_02-2.jpg",367,275,false],"1536x1536":["https:\/\/arantv.az\/wp-content\/uploads\/2018\/10\/ilham_eliyev_mehriban_eliyeva_02-2.jpg",367,275,false],"2048x2048":["https:\/\/arantv.az\/wp-content\/uploads\/2018\/10\/ilham_eliyev_mehriban_eliyeva_02-2.jpg",367,275,false],"post-thumbnail":["https:\/\/arantv.az\/wp-content\/uploads\/2018\/10\/ilham_eliyev_mehriban_eliyeva_02-2-240x172.jpg",240,172,true],"advps-thumb-one":["https:\/\/arantv.az\/wp-content\/uploads\/2018\/10\/ilham_eliyev_mehriban_eliyeva_02-2.jpg",367,275,false]},"rttpg_author":{"display_name":"V\u00fcsal Rafiqo\u011flu","author_link":"https:\/\/arantv.az\/?author=2"},"rttpg_comment":0,"rttpg_category":"<a href=\"https:\/\/arantv.az\/?cat=8\" rel=\"category\">\u018fsas s\u0259hif\u0259<\/a>","rttpg_excerpt":"Oktyabr\u0131n 15-d\u0259 Az\u0259rbaycan Respublikas\u0131n\u0131n Prezidenti \u0130lham \u018fliyevin L\u0259nk\u0259rana s\u0259f\u0259ri \u00e7\u0259r\u00e7iv\u0259sind\u0259 \u0130stisu v\u0259 Sa\u011flaml\u0131q M\u0259rk\u0259zinin t\u0259qdimat\u0131 olub. ARANTV.AZ az\u0259rtac-a istinad\u0259n x\u0259b\u0259r verir ki, son ill\u0259r b\u00f6lg\u0259l\u0259rd\u0259 m\u00fcasir mehmanxana v\u0259 sa\u011flaml\u0131q kompleksl\u0259rinin istifad\u0259y\u0259 verilm\u0259si Az\u0259rbaycan\u0131n iqtisadi potensial\u0131n\u0131 n\u00fcmayi\u015f etdirm\u0259kl\u0259 yana\u015f\u0131, \u00f6lk\u0259y\u0259 g\u0259l\u0259n turistl\u0259rin say\u0131n\u0131n artmas\u0131na da b\u00f6y\u00fck t\u0259kan verir. L\u0259nk\u0259ran\u0131n Haftoni q\u0259s\u0259b\u0259sind\u0259 in\u015fas\u0131 yenic\u0259 ba\u015fa \u00e7atan L\u0259nk\u0259ran&hellip;","_links":{"self":[{"href":"https:\/\/arantv.az\/index.php?rest_route=\/wp\/v2\/posts\/18957"}],"collection":[{"href":"https:\/\/arantv.az\/index.php?rest_route=\/wp\/v2\/posts"}],"about":[{"href":"https:\/\/arantv.az\/index.php?rest_route=\/wp\/v2\/types\/post"}],"author":[{"embeddable":true,"href":"https:\/\/arantv.az\/index.php?rest_route=\/wp\/v2\/users\/2"}],"replies":[{"embeddable":true,"href":"https:\/\/arantv.az\/index.php?rest_route=%2Fwp%2Fv2%2Fcomments&post=18957"}],"version-history":[{"count":0,"href":"https:\/\/arantv.az\/index.php?rest_route=\/wp\/v2\/posts\/18957\/revisions"}],"wp:featuredmedia":[{"embeddable":true,"href":"https:\/\/arantv.az\/index.php?rest_route=\/wp\/v2\/media\/18958"}],"wp:attachment":[{"href":"https:\/\/arantv.az\/index.php?rest_route=%2Fwp%2Fv2%2Fmedia&parent=18957"}],"wp:term":[{"taxonomy":"category","embeddable":true,"href":"https:\/\/arantv.az\/index.php?rest_route=%2Fwp%2Fv2%2Fcategories&post=18957"},{"taxonomy":"post_tag","embeddable":true,"href":"https:\/\/arantv.az\/index.php?rest_route=%2Fwp%2Fv2%2Ftags&post=18957"}],"curies":[{"name":"wp","href":"https:\/\/api.w.org\/{rel}","templated":true}]}}