{"id":189575,"date":"2020-07-09T12:39:59","date_gmt":"2020-07-09T09:39:59","guid":{"rendered":"http:\/\/arantv.az\/?p=189575"},"modified":"2020-07-09T12:39:59","modified_gmt":"2020-07-09T09:39:59","slug":"ilham-%c9%99liyevin-bu-gun-acilisini-etdiyi-yarimstansiyanin-goruntul%c9%99ri-video","status":"publish","type":"post","link":"https:\/\/arantv.az\/?p=189575","title":{"rendered":"\u0130lham \u018fliyevin bu g\u00fcn a\u00e7\u0131l\u0131\u015f\u0131n\u0131 etdiyi yar\u0131mstansiyan\u0131n g\u00f6r\u00fcnt\u00fcl\u0259ri &#8211; V\u0130DEO"},"content":{"rendered":"<article class=\"news\">\n<div class=\"news-inner\">\n<p>X\u0259b\u0259r verdiyimiz kimi, bu g\u00fcn Prezident \u0130lham \u018fliyev\u00a0Bak\u0131n\u0131n Nizami rayonunda \u201cAz\u0259renerji\u201d A\u00e7\u0131q S\u0259hmdar C\u0259miyy\u0259tinin yenid\u0259n qurulan 110\/35\/10 kilovatl\u0131q \u201c8-ci km\u201d yar\u0131mstansiyas\u0131n\u0131n a\u00e7\u0131l\u0131\u015f\u0131nda i\u015ftirak edib.<\/p>\n<div id=\"AdviadNativeVideo0\" class=\"AdviadNativeVideo\">\n<div class=\"adviad-inboard sm-screen\">\n<div>\n<div class=\"adviad-ui-components-credits\">\n<div id=\"NMCallButton-box\">\n<div>Yenid\u0259nqurmadan sonra a\u00e7\u0131l\u0131\u015f h\u0259yata ke\u00e7iril\u0259n \u201c8-ci km\u201d yar\u0131mstansiyas\u0131n\u0131n g\u00f6r\u00fcnt\u00fcl\u0259rini t\u0259qdim edirik:<\/div>\n<\/div>\n<\/div>\n<\/div>\n<\/div>\n<\/div>\n<div><iframe loading=\"lazy\" src=\"https:\/\/www.youtube.com\/embed\/ulvME6sRiRU\" width=\"560\" height=\"315\" frameborder=\"0\" allowfullscreen=\"allowfullscreen\" data-mce-fragment=\"1\"><\/iframe><\/div>\n<\/div>\n<\/article>\n<h2 class=\"news-share-title\"><\/h2>\n","protected":false},"excerpt":{"rendered":"<p>X\u0259b\u0259r verdiyimiz kimi, bu g\u00fcn Prezident \u0130lham \u018fliyev\u00a0Bak\u0131n\u0131n Nizami rayonunda \u201cAz\u0259renerji\u201d A\u00e7\u0131q S\u0259hmdar C\u0259miyy\u0259tinin yenid\u0259n qurulan 110\/35\/10 kilovatl\u0131q \u201c8-ci km\u201d yar\u0131mstansiyas\u0131n\u0131n a\u00e7\u0131l\u0131\u015f\u0131nda i\u015ftirak edib. Yenid\u0259nqurmadan sonra a\u00e7\u0131l\u0131\u015f h\u0259yata ke\u00e7iril\u0259n \u201c8-ci km\u201d yar\u0131mstansiyas\u0131n\u0131n g\u00f6r\u00fcnt\u00fcl\u0259rini t\u0259qdim edirik:<\/p>\n","protected":false},"author":2,"featured_media":189576,"comment_status":"closed","ping_status":"closed","sticky":false,"template":"","format":"standard","meta":{"om_disable_all_campaigns":false,"_monsterinsights_skip_tracking":false,"_monsterinsights_sitenote_active":false,"_monsterinsights_sitenote_note":"","_monsterinsights_sitenote_category":0},"categories":[26],"tags":[],"aioseo_notices":[],"gutentor_comment":0,"rttpg_featured_image_url":{"full":["https:\/\/arantv.az\/wp-content\/uploads\/2020\/07\/yarimstansiya.jpg",620,349,false],"landscape":["https:\/\/arantv.az\/wp-content\/uploads\/2020\/07\/yarimstansiya.jpg",620,349,false],"portraits":["https:\/\/arantv.az\/wp-content\/uploads\/2020\/07\/yarimstansiya.jpg",620,349,false],"thumbnail":["https:\/\/arantv.az\/wp-content\/uploads\/2020\/07\/yarimstansiya-150x150.jpg",150,150,true],"medium":["https:\/\/arantv.az\/wp-content\/uploads\/2020\/07\/yarimstansiya-300x169.jpg",300,169,true],"large":["https:\/\/arantv.az\/wp-content\/uploads\/2020\/07\/yarimstansiya.jpg",620,349,false],"1536x1536":["https:\/\/arantv.az\/wp-content\/uploads\/2020\/07\/yarimstansiya.jpg",620,349,false],"2048x2048":["https:\/\/arantv.az\/wp-content\/uploads\/2020\/07\/yarimstansiya.jpg",620,349,false],"post-thumbnail":["https:\/\/arantv.az\/wp-content\/uploads\/2020\/07\/yarimstansiya-240x172.jpg",240,172,true],"advps-thumb-one":["https:\/\/arantv.az\/wp-content\/uploads\/2020\/07\/yarimstansiya.jpg",620,349,false]},"rttpg_author":{"display_name":"V\u00fcsal Rafiqo\u011flu","author_link":"https:\/\/arantv.az\/?author=2"},"rttpg_comment":0,"rttpg_category":"<a href=\"https:\/\/arantv.az\/?cat=26\" rel=\"category\">Sosial<\/a>","rttpg_excerpt":"X\u0259b\u0259r verdiyimiz kimi, bu g\u00fcn Prezident \u0130lham \u018fliyev\u00a0Bak\u0131n\u0131n Nizami rayonunda \u201cAz\u0259renerji\u201d A\u00e7\u0131q S\u0259hmdar C\u0259miyy\u0259tinin yenid\u0259n qurulan 110\/35\/10 kilovatl\u0131q \u201c8-ci km\u201d yar\u0131mstansiyas\u0131n\u0131n a\u00e7\u0131l\u0131\u015f\u0131nda i\u015ftirak edib. Yenid\u0259nqurmadan sonra a\u00e7\u0131l\u0131\u015f h\u0259yata ke\u00e7iril\u0259n \u201c8-ci km\u201d yar\u0131mstansiyas\u0131n\u0131n g\u00f6r\u00fcnt\u00fcl\u0259rini t\u0259qdim edirik:","_links":{"self":[{"href":"https:\/\/arantv.az\/index.php?rest_route=\/wp\/v2\/posts\/189575"}],"collection":[{"href":"https:\/\/arantv.az\/index.php?rest_route=\/wp\/v2\/posts"}],"about":[{"href":"https:\/\/arantv.az\/index.php?rest_route=\/wp\/v2\/types\/post"}],"author":[{"embeddable":true,"href":"https:\/\/arantv.az\/index.php?rest_route=\/wp\/v2\/users\/2"}],"replies":[{"embeddable":true,"href":"https:\/\/arantv.az\/index.php?rest_route=%2Fwp%2Fv2%2Fcomments&post=189575"}],"version-history":[{"count":0,"href":"https:\/\/arantv.az\/index.php?rest_route=\/wp\/v2\/posts\/189575\/revisions"}],"wp:featuredmedia":[{"embeddable":true,"href":"https:\/\/arantv.az\/index.php?rest_route=\/wp\/v2\/media\/189576"}],"wp:attachment":[{"href":"https:\/\/arantv.az\/index.php?rest_route=%2Fwp%2Fv2%2Fmedia&parent=189575"}],"wp:term":[{"taxonomy":"category","embeddable":true,"href":"https:\/\/arantv.az\/index.php?rest_route=%2Fwp%2Fv2%2Fcategories&post=189575"},{"taxonomy":"post_tag","embeddable":true,"href":"https:\/\/arantv.az\/index.php?rest_route=%2Fwp%2Fv2%2Ftags&post=189575"}],"curies":[{"name":"wp","href":"https:\/\/api.w.org\/{rel}","templated":true}]}}