{"id":189579,"date":"2020-07-09T12:40:45","date_gmt":"2020-07-09T09:40:45","guid":{"rendered":"http:\/\/arantv.az\/?p=189579"},"modified":"2020-07-09T12:40:45","modified_gmt":"2020-07-09T09:40:45","slug":"abs-qosunlarini-c%c9%99nubi-koreyadan-v%c9%99-yaponiyadan-cixara-bil%c9%99r","status":"publish","type":"post","link":"https:\/\/arantv.az\/?p=189579","title":{"rendered":"AB\u015e qo\u015funlar\u0131n\u0131 C\u0259nubi Koreyadan v\u0259 Yaponiyadan \u00e7\u0131xara bil\u0259r"},"content":{"rendered":"<p>AB\u015e Prezidenti Donald Tramp \u00f6lk\u0259 r\u0259hb\u0259rlikl\u0259rinin ordunun saxlan\u0131lmas\u0131 \u00fc\u00e7\u00fcn \u00f6d\u0259ni\u015fl\u0259ri art\u0131rmaq ist\u0259m\u0259y\u0259c\u0259yi t\u0259qdird\u0259 \u00f6z qo\u015funlar\u0131n\u0131\u00a0C\u0259nubi Koreyadan v\u0259 Yaponiyadan \u00e7\u0131xarma\u011fa haz\u0131rd\u0131r.<\/p>\n<div id=\"AdviadNativeVideo0\" class=\"AdviadNativeVideo\">\n<div class=\"adviad-inboard sm-screen\">\n<div>\n<div class=\"adviad-ui-components-credits\">\n<div id=\"NMCallButton-box\">\n<div>Bunu Yaponiyan\u0131n \u201cSankey\u201d n\u0259\u015frin\u0259 m\u00fcsahib\u0259sind\u0259\u00a0D.Tramp\u0131n ke\u00e7mi\u015f m\u00fc\u015faviri Con Bolton deyib.<\/div>\n<\/div>\n<\/div>\n<\/div>\n<\/div>\n<\/div>\n<p>\u201c\u018fvv\u0259lki b\u00fct\u00fcn prezidentl\u0259rd\u0259n f\u0259rqli olaraq, Tramp, h\u0259qiq\u0259t\u0259n d\u0259, qo\u015funlar\u0131n \u00e7\u0131xar\u0131lmas\u0131 q\u0259rar\u0131n\u0131 q\u0259bul ed\u0259 bil\u0259r\u201d, &#8211; dey\u0259 C.Bolton qeyd edib.<\/p>\n","protected":false},"excerpt":{"rendered":"<p>AB\u015e Prezidenti Donald Tramp \u00f6lk\u0259 r\u0259hb\u0259rlikl\u0259rinin ordunun saxlan\u0131lmas\u0131 \u00fc\u00e7\u00fcn \u00f6d\u0259ni\u015fl\u0259ri art\u0131rmaq ist\u0259m\u0259y\u0259c\u0259yi t\u0259qdird\u0259 \u00f6z qo\u015funlar\u0131n\u0131\u00a0C\u0259nubi Koreyadan v\u0259 Yaponiyadan \u00e7\u0131xarma\u011fa haz\u0131rd\u0131r. Bunu Yaponiyan\u0131n \u201cSankey\u201d n\u0259\u015frin\u0259 m\u00fcsahib\u0259sind\u0259\u00a0D.Tramp\u0131n ke\u00e7mi\u015f m\u00fc\u015faviri Con Bolton deyib. \u201c\u018fvv\u0259lki b\u00fct\u00fcn prezidentl\u0259rd\u0259n f\u0259rqli olaraq, Tramp, h\u0259qiq\u0259t\u0259n d\u0259, qo\u015funlar\u0131n \u00e7\u0131xar\u0131lmas\u0131 q\u0259rar\u0131n\u0131 q\u0259bul ed\u0259 bil\u0259r\u201d, &#8211; dey\u0259 C.Bolton qeyd edib.<\/p>\n","protected":false},"author":2,"featured_media":189580,"comment_status":"closed","ping_status":"closed","sticky":false,"template":"","format":"standard","meta":{"om_disable_all_campaigns":false,"_monsterinsights_skip_tracking":false,"_monsterinsights_sitenote_active":false,"_monsterinsights_sitenote_note":"","_monsterinsights_sitenote_category":0},"categories":[7,4],"tags":[],"aioseo_notices":[],"gutentor_comment":0,"rttpg_featured_image_url":{"full":["https:\/\/arantv.az\/wp-content\/uploads\/2020\/07\/sdfgbhgrfegr.jpg",620,349,false],"landscape":["https:\/\/arantv.az\/wp-content\/uploads\/2020\/07\/sdfgbhgrfegr.jpg",620,349,false],"portraits":["https:\/\/arantv.az\/wp-content\/uploads\/2020\/07\/sdfgbhgrfegr.jpg",620,349,false],"thumbnail":["https:\/\/arantv.az\/wp-content\/uploads\/2020\/07\/sdfgbhgrfegr-150x150.jpg",150,150,true],"medium":["https:\/\/arantv.az\/wp-content\/uploads\/2020\/07\/sdfgbhgrfegr-300x169.jpg",300,169,true],"large":["https:\/\/arantv.az\/wp-content\/uploads\/2020\/07\/sdfgbhgrfegr.jpg",620,349,false],"1536x1536":["https:\/\/arantv.az\/wp-content\/uploads\/2020\/07\/sdfgbhgrfegr.jpg",620,349,false],"2048x2048":["https:\/\/arantv.az\/wp-content\/uploads\/2020\/07\/sdfgbhgrfegr.jpg",620,349,false],"post-thumbnail":["https:\/\/arantv.az\/wp-content\/uploads\/2020\/07\/sdfgbhgrfegr-240x172.jpg",240,172,true],"advps-thumb-one":["https:\/\/arantv.az\/wp-content\/uploads\/2020\/07\/sdfgbhgrfegr.jpg",620,349,false]},"rttpg_author":{"display_name":"V\u00fcsal Rafiqo\u011flu","author_link":"https:\/\/arantv.az\/?author=2"},"rttpg_comment":0,"rttpg_category":"<a href=\"https:\/\/arantv.az\/?cat=7\" rel=\"category\">D\u00fcnya<\/a> <a href=\"https:\/\/arantv.az\/?cat=4\" rel=\"category\">Siyas\u0259t<\/a>","rttpg_excerpt":"AB\u015e Prezidenti Donald Tramp \u00f6lk\u0259 r\u0259hb\u0259rlikl\u0259rinin ordunun saxlan\u0131lmas\u0131 \u00fc\u00e7\u00fcn \u00f6d\u0259ni\u015fl\u0259ri art\u0131rmaq ist\u0259m\u0259y\u0259c\u0259yi t\u0259qdird\u0259 \u00f6z qo\u015funlar\u0131n\u0131\u00a0C\u0259nubi Koreyadan v\u0259 Yaponiyadan \u00e7\u0131xarma\u011fa haz\u0131rd\u0131r. Bunu Yaponiyan\u0131n \u201cSankey\u201d n\u0259\u015frin\u0259 m\u00fcsahib\u0259sind\u0259\u00a0D.Tramp\u0131n ke\u00e7mi\u015f m\u00fc\u015faviri Con Bolton deyib. \u201c\u018fvv\u0259lki b\u00fct\u00fcn prezidentl\u0259rd\u0259n f\u0259rqli olaraq, Tramp, h\u0259qiq\u0259t\u0259n d\u0259, qo\u015funlar\u0131n \u00e7\u0131xar\u0131lmas\u0131 q\u0259rar\u0131n\u0131 q\u0259bul ed\u0259 bil\u0259r\u201d, &#8211; dey\u0259 C.Bolton qeyd edib.","_links":{"self":[{"href":"https:\/\/arantv.az\/index.php?rest_route=\/wp\/v2\/posts\/189579"}],"collection":[{"href":"https:\/\/arantv.az\/index.php?rest_route=\/wp\/v2\/posts"}],"about":[{"href":"https:\/\/arantv.az\/index.php?rest_route=\/wp\/v2\/types\/post"}],"author":[{"embeddable":true,"href":"https:\/\/arantv.az\/index.php?rest_route=\/wp\/v2\/users\/2"}],"replies":[{"embeddable":true,"href":"https:\/\/arantv.az\/index.php?rest_route=%2Fwp%2Fv2%2Fcomments&post=189579"}],"version-history":[{"count":0,"href":"https:\/\/arantv.az\/index.php?rest_route=\/wp\/v2\/posts\/189579\/revisions"}],"wp:featuredmedia":[{"embeddable":true,"href":"https:\/\/arantv.az\/index.php?rest_route=\/wp\/v2\/media\/189580"}],"wp:attachment":[{"href":"https:\/\/arantv.az\/index.php?rest_route=%2Fwp%2Fv2%2Fmedia&parent=189579"}],"wp:term":[{"taxonomy":"category","embeddable":true,"href":"https:\/\/arantv.az\/index.php?rest_route=%2Fwp%2Fv2%2Fcategories&post=189579"},{"taxonomy":"post_tag","embeddable":true,"href":"https:\/\/arantv.az\/index.php?rest_route=%2Fwp%2Fv2%2Ftags&post=189579"}],"curies":[{"name":"wp","href":"https:\/\/api.w.org\/{rel}","templated":true}]}}