{"id":18960,"date":"2018-10-15T11:06:11","date_gmt":"2018-10-15T08:06:11","guid":{"rendered":"http:\/\/arantv.az\/?p=18960"},"modified":"2018-10-15T11:06:11","modified_gmt":"2018-10-15T08:06:11","slug":"f%c9%99day%c9%99-lacin-v%c9%99-dig%c9%99rl%c9%99rinin-m%c9%99hk%c9%99m%c9%99sind%c9%99-prokuror-vaxt-ist%c9%99yib","status":"publish","type":"post","link":"https:\/\/arantv.az\/?p=18960","title":{"rendered":"F\u0259day\u0259 La\u00e7\u0131n v\u0259 dig\u0259rl\u0259rinin m\u0259hk\u0259m\u0259sind\u0259 prokuror vaxt ist\u0259yib"},"content":{"rendered":"<p><strong>Bu g\u00fcn Bak\u0131 A\u011f\u0131r Cinay\u0259tl\u0259r M\u0259hk\u0259m\u0259sind\u0259 Bak\u0131da m\u0259hbuslar\u0131n qa\u00e7mas\u0131na k\u00f6m\u0259k g\u00f6st\u0259rm\u0259kd\u0259 t\u0259qsirl\u0259ndiril\u0259n m\u00fc\u011f\u0259nni F\u0259day\u0259 La\u00e7\u0131n v\u0259 daha 12 n\u0259f\u0259rin cinay\u0259t i\u015fi \u00fczr\u0259 n\u00f6vb\u0259ti m\u0259hk\u0259m\u0259 iclas\u0131 ke\u00e7irilib.<\/strong><\/p>\n<p><strong>ARANTV.AZ<\/strong> &#8220;Report&#8221;a istinad\u0259n m\u0259lumat verir ki, hakim Azad M\u0259cidovun s\u0259drliyi il\u0259 ke\u00e7iril\u0259n prosesd\u0259 t\u0259qsirl\u0259ndiril\u0259n Fuad Hac\u0131yevin v\u0259kili v\u0259sat\u0259tl\u0259 \u00e7\u0131x\u0131\u015f edib.<\/p>\n<p>V\u0259kil bildirib ki, ibtidai istintaq zaman\u0131 \u015fahid kimi dindiril\u0259n \u015f\u0259xsl\u0259r istintaq ba\u015fa \u00e7atandan sonra cinay\u0259t i\u015fi materiallar\u0131nda \u015fahid kimi g\u00f6st\u0259rilm\u0259yib.<\/p>\n<p>M\u00fcdafi\u0259\u00e7i \u015fahidl\u0259rin m\u0259hk\u0259m\u0259y\u0259 \u00e7a\u011f\u0131r\u0131lmas\u0131n\u0131 v\u0259 dindirilm\u0259sini ist\u0259yib. M\u0259hk\u0259m\u0259d\u0259 m\u0259lum olub ki, h\u0259min \u015f\u0259xsl\u0259rin say\u0131 50 n\u0259f\u0259r\u0259 yax\u0131nd\u0131r. D\u00f6vl\u0259t ittiham\u00e7\u0131s\u0131 is\u0259 m\u0259hk\u0259m\u0259d\u0259n dindirilm\u0259si ist\u0259nil\u0259n 50-y\u0259 yax\u0131n \u015f\u0259xsin istintaqdak\u0131 ifad\u0259si il\u0259 tan\u0131\u015f olmaq \u00fc\u00e7\u00fcn vaxt ist\u0259yib.<\/p>\n<p>M\u0259hk\u0259m\u0259n\u0131n n\u00f6vb\u0259ti prosesi oktyabr\u0131n 22-n\u0259 t\u0259yin edilib.<\/p>\n<p>Qeyd ed\u0259k ki, \u00f6t\u0259n il oktyabr\u0131n 23-d\u0259 Bak\u0131da m\u0259hbuslar\u0131n qa\u00e7mas\u0131 fakt\u0131 il\u0259 ba\u011fl\u0131 Ba\u015f Prokurorlu\u011fun A\u011f\u0131r Cinay\u0259tl\u0259r\u0259 Dair \u0130\u015fl\u0259r \u00fczr\u0259 \u0130stintaq \u0130dar\u0259sind\u0259 ba\u015flanan cinay\u0259t i\u015fi \u00fczr\u0259 F\u0259day\u0259 M\u0259mm\u0259dova (F\u0259day\u0259 La\u00e7\u0131n) t\u0259qsirl\u0259ndiril\u0259n \u015f\u0259xs qismind\u0259 c\u0259lb olunaraq N\u0259simi Rayon M\u0259hk\u0259m\u0259sinin q\u0259rar\u0131 il\u0259 bar\u0259sind\u0259 h\u0259bs q\u0259timkan t\u0259dbiri se\u00e7ilib.<\/p>\n<p>\u0130ttiham akt\u0131na \u0259sas\u0259n, 7 n\u0259f\u0259r &#8211; M\u00fcz\u0259ff\u0259r M\u0259mm\u0259dov, Emil S\u0259f\u0259rov, Ramil S\u0259limov, H\u0259t\u0259m \u018fliyev, V\u00fcsal Abbasov, R\u00f6v\u015f\u0259n Camalov v\u0259 R\u0259\u015fad M\u0259mm\u0259dov z\u0259r\u0259r\u00e7\u0259kmi\u015f \u015f\u0259xs qismind\u0259 tan\u0131n\u0131r.<\/p>\n","protected":false},"excerpt":{"rendered":"<p>Bu g\u00fcn Bak\u0131 A\u011f\u0131r Cinay\u0259tl\u0259r M\u0259hk\u0259m\u0259sind\u0259 Bak\u0131da m\u0259hbuslar\u0131n qa\u00e7mas\u0131na k\u00f6m\u0259k g\u00f6st\u0259rm\u0259kd\u0259 t\u0259qsirl\u0259ndiril\u0259n m\u00fc\u011f\u0259nni F\u0259day\u0259 La\u00e7\u0131n v\u0259 daha 12 n\u0259f\u0259rin cinay\u0259t i\u015fi \u00fczr\u0259 n\u00f6vb\u0259ti m\u0259hk\u0259m\u0259 iclas\u0131 ke\u00e7irilib. ARANTV.AZ &#8220;Report&#8221;a istinad\u0259n m\u0259lumat verir ki, hakim Azad M\u0259cidovun s\u0259drliyi il\u0259 ke\u00e7iril\u0259n prosesd\u0259 t\u0259qsirl\u0259ndiril\u0259n Fuad Hac\u0131yevin v\u0259kili v\u0259sat\u0259tl\u0259 \u00e7\u0131x\u0131\u015f edib. V\u0259kil bildirib ki, ibtidai istintaq zaman\u0131 \u015fahid kimi dindiril\u0259n \u015f\u0259xsl\u0259r istintaq ba\u015fa \u00e7atandan sonra cinay\u0259t i\u015fi materiallar\u0131nda \u015fahid kimi g\u00f6st\u0259rilm\u0259yib. M\u00fcdafi\u0259\u00e7i \u015fahidl\u0259rin m\u0259hk\u0259m\u0259y\u0259 \u00e7a\u011f\u0131r\u0131lmas\u0131n\u0131 v\u0259 dindirilm\u0259sini ist\u0259yib. M\u0259hk\u0259m\u0259d\u0259 m\u0259lum olub ki, h\u0259min \u015f\u0259xsl\u0259rin say\u0131 50 n\u0259f\u0259r\u0259 yax\u0131nd\u0131r. D\u00f6vl\u0259t ittiham\u00e7\u0131s\u0131 is\u0259 m\u0259hk\u0259m\u0259d\u0259n dindirilm\u0259si ist\u0259nil\u0259n 50-y\u0259&hellip;<\/p>\n","protected":false},"author":2,"featured_media":18961,"comment_status":"closed","ping_status":"closed","sticky":false,"template":"","format":"standard","meta":{"om_disable_all_campaigns":false,"_monsterinsights_skip_tracking":false,"_monsterinsights_sitenote_active":false,"_monsterinsights_sitenote_note":"","_monsterinsights_sitenote_category":0},"categories":[5],"tags":[],"aioseo_notices":[],"gutentor_comment":0,"rttpg_featured_image_url":{"full":["https:\/\/arantv.az\/wp-content\/uploads\/2018\/10\/163850_fixhp7m8it.jpg",640,427,false],"landscape":["https:\/\/arantv.az\/wp-content\/uploads\/2018\/10\/163850_fixhp7m8it.jpg",640,427,false],"portraits":["https:\/\/arantv.az\/wp-content\/uploads\/2018\/10\/163850_fixhp7m8it.jpg",640,427,false],"thumbnail":["https:\/\/arantv.az\/wp-content\/uploads\/2018\/10\/163850_fixhp7m8it-150x150.jpg",150,150,true],"medium":["https:\/\/arantv.az\/wp-content\/uploads\/2018\/10\/163850_fixhp7m8it-300x200.jpg",300,200,true],"large":["https:\/\/arantv.az\/wp-content\/uploads\/2018\/10\/163850_fixhp7m8it.jpg",640,427,false],"1536x1536":["https:\/\/arantv.az\/wp-content\/uploads\/2018\/10\/163850_fixhp7m8it.jpg",640,427,false],"2048x2048":["https:\/\/arantv.az\/wp-content\/uploads\/2018\/10\/163850_fixhp7m8it.jpg",640,427,false],"post-thumbnail":["https:\/\/arantv.az\/wp-content\/uploads\/2018\/10\/163850_fixhp7m8it-240x172.jpg",240,172,true],"advps-thumb-one":["https:\/\/arantv.az\/wp-content\/uploads\/2018\/10\/163850_fixhp7m8it.jpg",640,427,false]},"rttpg_author":{"display_name":"V\u00fcsal Rafiqo\u011flu","author_link":"https:\/\/arantv.az\/?author=2"},"rttpg_comment":0,"rttpg_category":"<a href=\"https:\/\/arantv.az\/?cat=5\" rel=\"category\">Hadis\u0259<\/a>","rttpg_excerpt":"Bu g\u00fcn Bak\u0131 A\u011f\u0131r Cinay\u0259tl\u0259r M\u0259hk\u0259m\u0259sind\u0259 Bak\u0131da m\u0259hbuslar\u0131n qa\u00e7mas\u0131na k\u00f6m\u0259k g\u00f6st\u0259rm\u0259kd\u0259 t\u0259qsirl\u0259ndiril\u0259n m\u00fc\u011f\u0259nni F\u0259day\u0259 La\u00e7\u0131n v\u0259 daha 12 n\u0259f\u0259rin cinay\u0259t i\u015fi \u00fczr\u0259 n\u00f6vb\u0259ti m\u0259hk\u0259m\u0259 iclas\u0131 ke\u00e7irilib. ARANTV.AZ &#8220;Report&#8221;a istinad\u0259n m\u0259lumat verir ki, hakim Azad M\u0259cidovun s\u0259drliyi il\u0259 ke\u00e7iril\u0259n prosesd\u0259 t\u0259qsirl\u0259ndiril\u0259n Fuad Hac\u0131yevin v\u0259kili v\u0259sat\u0259tl\u0259 \u00e7\u0131x\u0131\u015f edib. V\u0259kil bildirib ki, ibtidai istintaq zaman\u0131 \u015fahid kimi dindiril\u0259n&hellip;","_links":{"self":[{"href":"https:\/\/arantv.az\/index.php?rest_route=\/wp\/v2\/posts\/18960"}],"collection":[{"href":"https:\/\/arantv.az\/index.php?rest_route=\/wp\/v2\/posts"}],"about":[{"href":"https:\/\/arantv.az\/index.php?rest_route=\/wp\/v2\/types\/post"}],"author":[{"embeddable":true,"href":"https:\/\/arantv.az\/index.php?rest_route=\/wp\/v2\/users\/2"}],"replies":[{"embeddable":true,"href":"https:\/\/arantv.az\/index.php?rest_route=%2Fwp%2Fv2%2Fcomments&post=18960"}],"version-history":[{"count":0,"href":"https:\/\/arantv.az\/index.php?rest_route=\/wp\/v2\/posts\/18960\/revisions"}],"wp:featuredmedia":[{"embeddable":true,"href":"https:\/\/arantv.az\/index.php?rest_route=\/wp\/v2\/media\/18961"}],"wp:attachment":[{"href":"https:\/\/arantv.az\/index.php?rest_route=%2Fwp%2Fv2%2Fmedia&parent=18960"}],"wp:term":[{"taxonomy":"category","embeddable":true,"href":"https:\/\/arantv.az\/index.php?rest_route=%2Fwp%2Fv2%2Fcategories&post=18960"},{"taxonomy":"post_tag","embeddable":true,"href":"https:\/\/arantv.az\/index.php?rest_route=%2Fwp%2Fv2%2Ftags&post=18960"}],"curies":[{"name":"wp","href":"https:\/\/api.w.org\/{rel}","templated":true}]}}