{"id":18971,"date":"2018-10-15T11:15:15","date_gmt":"2018-10-15T08:15:15","guid":{"rendered":"http:\/\/arantv.az\/?p=18971"},"modified":"2018-10-15T11:15:15","modified_gmt":"2018-10-15T08:15:15","slug":"irandan-iraqa-qanunsuz-yanacaq-dasinmasinin-qarsisi-alinib","status":"publish","type":"post","link":"https:\/\/arantv.az\/?p=18971","title":{"rendered":"\u0130randan \u0130raqa qanunsuz yanacaq da\u015f\u0131nmas\u0131n\u0131n qar\u015f\u0131s\u0131 al\u0131n\u0131b"},"content":{"rendered":"<p><strong>\u0130ran\u0131n P\u0259rvizxan g\u00f6mr\u00fck ke\u00e7idinin \u0259m\u0259kda\u015flar\u0131 \u00f6t\u0259n bir ne\u00e7\u0259 g\u00fcn \u0259rzind\u0259 qanunsuz \u015f\u0259kild\u0259 265 min litrd\u0259n \u00e7ox yanaca\u011f\u0131 g\u00f6mr\u00fckd\u0259n ke\u00e7irm\u0259y\u0259 c\u0259hd ed\u0259n \u0130raq y\u00fck ma\u015f\u0131nlar\u0131n\u0131 saxlay\u0131blar.<\/strong><\/p>\n<p><strong>ARANTV.AZ<\/strong> trend-\u0259 istinad\u0259n x\u0259b\u0259r verir ki, Kirman\u015fah G\u00f6mr\u00fck \u0130dar\u0259sinin ba\u015f direktoru X\u0259lil Heyd\u0259ri bildirib ki, y\u00fck ma\u015f\u0131nlar\u0131 \u0130raqa m\u0259xsus olub. S\u00fcr\u00fcc\u00fcl\u0259r yanacaq qablar\u0131n\u0131 y\u00fck ma\u015f\u0131nlar\u0131nda gizl\u0259dibl\u0259rmi\u015f.<\/p>\n<p>Yanaca\u011f\u0131n qeyri-qanuni \u015f\u0259kild\u0259 \u0130randan \u00e7\u0131xar\u0131lmas\u0131n\u0131n \u0259sas s\u0259b\u0259bi region \u00f6lk\u0259l\u0259ri il\u0259 m\u00fcqayis\u0259d\u0259 \u0130randa yanaca\u011f\u0131n ucuz olmas\u0131d\u0131r.<\/p>\n","protected":false},"excerpt":{"rendered":"<p>\u0130ran\u0131n P\u0259rvizxan g\u00f6mr\u00fck ke\u00e7idinin \u0259m\u0259kda\u015flar\u0131 \u00f6t\u0259n bir ne\u00e7\u0259 g\u00fcn \u0259rzind\u0259 qanunsuz \u015f\u0259kild\u0259 265 min litrd\u0259n \u00e7ox yanaca\u011f\u0131 g\u00f6mr\u00fckd\u0259n ke\u00e7irm\u0259y\u0259 c\u0259hd ed\u0259n \u0130raq y\u00fck ma\u015f\u0131nlar\u0131n\u0131 saxlay\u0131blar. ARANTV.AZ trend-\u0259 istinad\u0259n x\u0259b\u0259r verir ki, Kirman\u015fah G\u00f6mr\u00fck \u0130dar\u0259sinin ba\u015f direktoru X\u0259lil Heyd\u0259ri bildirib ki, y\u00fck ma\u015f\u0131nlar\u0131 \u0130raqa m\u0259xsus olub. S\u00fcr\u00fcc\u00fcl\u0259r yanacaq qablar\u0131n\u0131 y\u00fck ma\u015f\u0131nlar\u0131nda gizl\u0259dibl\u0259rmi\u015f. Yanaca\u011f\u0131n qeyri-qanuni \u015f\u0259kild\u0259 \u0130randan \u00e7\u0131xar\u0131lmas\u0131n\u0131n \u0259sas s\u0259b\u0259bi region \u00f6lk\u0259l\u0259ri il\u0259 m\u00fcqayis\u0259d\u0259 \u0130randa yanaca\u011f\u0131n ucuz olmas\u0131d\u0131r.<\/p>\n","protected":false},"author":2,"featured_media":18972,"comment_status":"closed","ping_status":"closed","sticky":false,"template":"","format":"standard","meta":{"om_disable_all_campaigns":false,"_monsterinsights_skip_tracking":false,"_monsterinsights_sitenote_active":false,"_monsterinsights_sitenote_note":"","_monsterinsights_sitenote_category":0},"categories":[7],"tags":[],"aioseo_notices":[],"gutentor_comment":0,"rttpg_featured_image_url":{"full":["https:\/\/arantv.az\/wp-content\/uploads\/2018\/10\/694677.jpg",800,600,false],"landscape":["https:\/\/arantv.az\/wp-content\/uploads\/2018\/10\/694677.jpg",800,600,false],"portraits":["https:\/\/arantv.az\/wp-content\/uploads\/2018\/10\/694677.jpg",800,600,false],"thumbnail":["https:\/\/arantv.az\/wp-content\/uploads\/2018\/10\/694677-150x150.jpg",150,150,true],"medium":["https:\/\/arantv.az\/wp-content\/uploads\/2018\/10\/694677-300x225.jpg",300,225,true],"large":["https:\/\/arantv.az\/wp-content\/uploads\/2018\/10\/694677.jpg",640,480,false],"1536x1536":["https:\/\/arantv.az\/wp-content\/uploads\/2018\/10\/694677.jpg",800,600,false],"2048x2048":["https:\/\/arantv.az\/wp-content\/uploads\/2018\/10\/694677.jpg",800,600,false],"post-thumbnail":["https:\/\/arantv.az\/wp-content\/uploads\/2018\/10\/694677-240x172.jpg",240,172,true],"advps-thumb-one":["https:\/\/arantv.az\/wp-content\/uploads\/2018\/10\/694677.jpg",800,600,false]},"rttpg_author":{"display_name":"V\u00fcsal Rafiqo\u011flu","author_link":"https:\/\/arantv.az\/?author=2"},"rttpg_comment":0,"rttpg_category":"<a href=\"https:\/\/arantv.az\/?cat=7\" rel=\"category\">D\u00fcnya<\/a>","rttpg_excerpt":"\u0130ran\u0131n P\u0259rvizxan g\u00f6mr\u00fck ke\u00e7idinin \u0259m\u0259kda\u015flar\u0131 \u00f6t\u0259n bir ne\u00e7\u0259 g\u00fcn \u0259rzind\u0259 qanunsuz \u015f\u0259kild\u0259 265 min litrd\u0259n \u00e7ox yanaca\u011f\u0131 g\u00f6mr\u00fckd\u0259n ke\u00e7irm\u0259y\u0259 c\u0259hd ed\u0259n \u0130raq y\u00fck ma\u015f\u0131nlar\u0131n\u0131 saxlay\u0131blar. ARANTV.AZ trend-\u0259 istinad\u0259n x\u0259b\u0259r verir ki, Kirman\u015fah G\u00f6mr\u00fck \u0130dar\u0259sinin ba\u015f direktoru X\u0259lil Heyd\u0259ri bildirib ki, y\u00fck ma\u015f\u0131nlar\u0131 \u0130raqa m\u0259xsus olub. S\u00fcr\u00fcc\u00fcl\u0259r yanacaq qablar\u0131n\u0131 y\u00fck ma\u015f\u0131nlar\u0131nda gizl\u0259dibl\u0259rmi\u015f. Yanaca\u011f\u0131n qeyri-qanuni \u015f\u0259kild\u0259 \u0130randan&hellip;","_links":{"self":[{"href":"https:\/\/arantv.az\/index.php?rest_route=\/wp\/v2\/posts\/18971"}],"collection":[{"href":"https:\/\/arantv.az\/index.php?rest_route=\/wp\/v2\/posts"}],"about":[{"href":"https:\/\/arantv.az\/index.php?rest_route=\/wp\/v2\/types\/post"}],"author":[{"embeddable":true,"href":"https:\/\/arantv.az\/index.php?rest_route=\/wp\/v2\/users\/2"}],"replies":[{"embeddable":true,"href":"https:\/\/arantv.az\/index.php?rest_route=%2Fwp%2Fv2%2Fcomments&post=18971"}],"version-history":[{"count":0,"href":"https:\/\/arantv.az\/index.php?rest_route=\/wp\/v2\/posts\/18971\/revisions"}],"wp:featuredmedia":[{"embeddable":true,"href":"https:\/\/arantv.az\/index.php?rest_route=\/wp\/v2\/media\/18972"}],"wp:attachment":[{"href":"https:\/\/arantv.az\/index.php?rest_route=%2Fwp%2Fv2%2Fmedia&parent=18971"}],"wp:term":[{"taxonomy":"category","embeddable":true,"href":"https:\/\/arantv.az\/index.php?rest_route=%2Fwp%2Fv2%2Fcategories&post=18971"},{"taxonomy":"post_tag","embeddable":true,"href":"https:\/\/arantv.az\/index.php?rest_route=%2Fwp%2Fv2%2Ftags&post=18971"}],"curies":[{"name":"wp","href":"https:\/\/api.w.org\/{rel}","templated":true}]}}