{"id":18993,"date":"2018-10-15T11:28:04","date_gmt":"2018-10-15T08:28:04","guid":{"rendered":"http:\/\/arantv.az\/?p=18993"},"modified":"2018-10-15T11:28:04","modified_gmt":"2018-10-15T08:28:04","slug":"c%c9%99miyy%c9%99t-bilsin-ki-bunlar-quranda-yoxdur-deputat","status":"publish","type":"post","link":"https:\/\/arantv.az\/?p=18993","title":{"rendered":"C\u0259miyy\u0259t bilsin ki, bunlar Quranda yoxdur &#8211; Deputat"},"content":{"rendered":"<p><strong>Dini Qurumlarla \u0130\u015f \u00fczr\u0259 D\u00f6vl\u0259t Komit\u0259sinin (DQ\u0130DK) \u201cDini m\u0259rasiml\u0259r: tarix, \u0259n\u0259n\u0259 v\u0259 h\u00fcquq\u201d m\u00f6vzusunda konfrans\u0131 \u00f6z i\u015fin\u0259 ba\u015flay\u0131b.<\/strong><\/p>\n<p><strong>ARANTV.AZ<\/strong> x\u0259b\u0259r verir ki, \u201cDubay\u201d otelin konfrans zal\u0131nda ba\u015f tutan m\u0259rasimd\u0259 qurumun s\u0259dri M\u00fcbariz Qurbanl\u0131 a\u00e7\u0131l\u0131\u015f edib.<\/p>\n<p>Daha sonra Az\u0259rbaycan \u0130lahiyyat \u0130nstitutunun prorektoru Aqil \u015eirinov dini m\u0259rasiml\u0259rin tarixind\u0259n dan\u0131\u015faraq, onlar\u0131n q\u0259dim zamanlarda ke\u00e7irilm\u0259 prosesind\u0259n s\u00f6hb\u0259t a\u00e7\u0131b.<\/p>\n<p>Mill\u0259t v\u0259kili Siyavu\u015f Novruzov is\u0259 bildirib ki, dini m\u0259rasiml\u0259r qanun \u00e7\u0259r\u00e7iv\u0259sind\u0259 t\u0259nziml\u0259nm\u0259lidir:<\/p>\n<p>\u201cKitabi D\u0259d\u0259 Qorqud\u201du g\u00f6t\u00fcrs\u0259k, orada b\u00fct\u00fcn m\u0259rasiml\u0259rin tamam ba\u015fqa formada ke\u00e7irildiyini g\u00f6r\u00fcr\u00fck. T\u00fcrk\u00e7\u00fcl\u00fck, islam\u00e7\u0131l\u0131q, m\u00fcasirlik &#8211; el\u0259 etm\u0259liyik ki, bunlar m\u0259rasiml\u0259rd\u0259 atributa \u00e7evrilsin. M\u0259rasiml\u0259rin sad\u0259l\u0259\u015fdirilm\u0259si, israf\u00e7\u0131l\u0131\u011fa yol verilm\u0259m\u0259si vacibdir.<\/p>\n<p>C\u0259miyy\u0259ti inand\u0131rmal\u0131y\u0131q ki, ke\u00e7irdikl\u0259ri m\u0259rasiml\u0259rin \u00e7oxu Quranda \u00f6z \u0259ksini tapmay\u0131b. Bu g\u00fcn nikahlarla ba\u011fl\u0131 problem ya\u015fay\u0131r\u0131q. D\u00fczd\u00fcr, dini nikahlara h\u00f6rm\u0259tl\u0259 yana\u015f\u0131r\u0131q, amma Az\u0259rbaycan\u0131n nikaha girm\u0259kl\u0259 ba\u011fl\u0131 qanunda ya\u015f h\u0259ddi var v\u0259 buna \u0259m\u0259l edilm\u0259lidir. \u018fsas qanunvericilikdir. Biz \u00e7al\u0131\u015fmal\u0131y\u0131q ki, insanlar dini m\u0259rasim ke\u00e7irdikd\u0259n sonra borc i\u00e7ind\u0259 ya\u015famas\u0131n\u201d.<\/p>\n<p>Konfrans davam edir.<\/p>\n<p>axar.az<\/p>\n","protected":false},"excerpt":{"rendered":"<p>Dini Qurumlarla \u0130\u015f \u00fczr\u0259 D\u00f6vl\u0259t Komit\u0259sinin (DQ\u0130DK) \u201cDini m\u0259rasiml\u0259r: tarix, \u0259n\u0259n\u0259 v\u0259 h\u00fcquq\u201d m\u00f6vzusunda konfrans\u0131 \u00f6z i\u015fin\u0259 ba\u015flay\u0131b. ARANTV.AZ x\u0259b\u0259r verir ki, \u201cDubay\u201d otelin konfrans zal\u0131nda ba\u015f tutan m\u0259rasimd\u0259 qurumun s\u0259dri M\u00fcbariz Qurbanl\u0131 a\u00e7\u0131l\u0131\u015f edib. Daha sonra Az\u0259rbaycan \u0130lahiyyat \u0130nstitutunun prorektoru Aqil \u015eirinov dini m\u0259rasiml\u0259rin tarixind\u0259n dan\u0131\u015faraq, onlar\u0131n q\u0259dim zamanlarda ke\u00e7irilm\u0259 prosesind\u0259n s\u00f6hb\u0259t a\u00e7\u0131b. Mill\u0259t v\u0259kili Siyavu\u015f Novruzov is\u0259 bildirib ki, dini m\u0259rasiml\u0259r qanun \u00e7\u0259r\u00e7iv\u0259sind\u0259 t\u0259nziml\u0259nm\u0259lidir: \u201cKitabi D\u0259d\u0259 Qorqud\u201du g\u00f6t\u00fcrs\u0259k, orada b\u00fct\u00fcn m\u0259rasiml\u0259rin tamam ba\u015fqa formada ke\u00e7irildiyini g\u00f6r\u00fcr\u00fck. T\u00fcrk\u00e7\u00fcl\u00fck, islam\u00e7\u0131l\u0131q, m\u00fcasirlik &#8211; el\u0259 etm\u0259liyik ki, bunlar m\u0259rasiml\u0259rd\u0259 atributa \u00e7evrilsin. M\u0259rasiml\u0259rin&hellip;<\/p>\n","protected":false},"author":2,"featured_media":18994,"comment_status":"closed","ping_status":"closed","sticky":false,"template":"","format":"standard","meta":{"om_disable_all_campaigns":false,"_monsterinsights_skip_tracking":false,"_monsterinsights_sitenote_active":false,"_monsterinsights_sitenote_note":"","_monsterinsights_sitenote_category":0},"categories":[1],"tags":[],"aioseo_notices":[],"gutentor_comment":0,"rttpg_featured_image_url":{"full":["https:\/\/arantv.az\/wp-content\/uploads\/2018\/10\/mubariz-qurbanli-061114.jpg",465,275,false],"landscape":["https:\/\/arantv.az\/wp-content\/uploads\/2018\/10\/mubariz-qurbanli-061114.jpg",465,275,false],"portraits":["https:\/\/arantv.az\/wp-content\/uploads\/2018\/10\/mubariz-qurbanli-061114.jpg",465,275,false],"thumbnail":["https:\/\/arantv.az\/wp-content\/uploads\/2018\/10\/mubariz-qurbanli-061114-150x150.jpg",150,150,true],"medium":["https:\/\/arantv.az\/wp-content\/uploads\/2018\/10\/mubariz-qurbanli-061114-300x177.jpg",300,177,true],"large":["https:\/\/arantv.az\/wp-content\/uploads\/2018\/10\/mubariz-qurbanli-061114.jpg",465,275,false],"1536x1536":["https:\/\/arantv.az\/wp-content\/uploads\/2018\/10\/mubariz-qurbanli-061114.jpg",465,275,false],"2048x2048":["https:\/\/arantv.az\/wp-content\/uploads\/2018\/10\/mubariz-qurbanli-061114.jpg",465,275,false],"post-thumbnail":["https:\/\/arantv.az\/wp-content\/uploads\/2018\/10\/mubariz-qurbanli-061114-240x172.jpg",240,172,true],"advps-thumb-one":["https:\/\/arantv.az\/wp-content\/uploads\/2018\/10\/mubariz-qurbanli-061114.jpg",465,275,false]},"rttpg_author":{"display_name":"V\u00fcsal Rafiqo\u011flu","author_link":"https:\/\/arantv.az\/?author=2"},"rttpg_comment":0,"rttpg_category":"<a href=\"https:\/\/arantv.az\/?cat=1\" rel=\"category\">C\u0259miyy\u0259t<\/a>","rttpg_excerpt":"Dini Qurumlarla \u0130\u015f \u00fczr\u0259 D\u00f6vl\u0259t Komit\u0259sinin (DQ\u0130DK) \u201cDini m\u0259rasiml\u0259r: tarix, \u0259n\u0259n\u0259 v\u0259 h\u00fcquq\u201d m\u00f6vzusunda konfrans\u0131 \u00f6z i\u015fin\u0259 ba\u015flay\u0131b. ARANTV.AZ x\u0259b\u0259r verir ki, \u201cDubay\u201d otelin konfrans zal\u0131nda ba\u015f tutan m\u0259rasimd\u0259 qurumun s\u0259dri M\u00fcbariz Qurbanl\u0131 a\u00e7\u0131l\u0131\u015f edib. Daha sonra Az\u0259rbaycan \u0130lahiyyat \u0130nstitutunun prorektoru Aqil \u015eirinov dini m\u0259rasiml\u0259rin tarixind\u0259n dan\u0131\u015faraq, onlar\u0131n q\u0259dim zamanlarda ke\u00e7irilm\u0259 prosesind\u0259n s\u00f6hb\u0259t a\u00e7\u0131b. Mill\u0259t&hellip;","_links":{"self":[{"href":"https:\/\/arantv.az\/index.php?rest_route=\/wp\/v2\/posts\/18993"}],"collection":[{"href":"https:\/\/arantv.az\/index.php?rest_route=\/wp\/v2\/posts"}],"about":[{"href":"https:\/\/arantv.az\/index.php?rest_route=\/wp\/v2\/types\/post"}],"author":[{"embeddable":true,"href":"https:\/\/arantv.az\/index.php?rest_route=\/wp\/v2\/users\/2"}],"replies":[{"embeddable":true,"href":"https:\/\/arantv.az\/index.php?rest_route=%2Fwp%2Fv2%2Fcomments&post=18993"}],"version-history":[{"count":0,"href":"https:\/\/arantv.az\/index.php?rest_route=\/wp\/v2\/posts\/18993\/revisions"}],"wp:featuredmedia":[{"embeddable":true,"href":"https:\/\/arantv.az\/index.php?rest_route=\/wp\/v2\/media\/18994"}],"wp:attachment":[{"href":"https:\/\/arantv.az\/index.php?rest_route=%2Fwp%2Fv2%2Fmedia&parent=18993"}],"wp:term":[{"taxonomy":"category","embeddable":true,"href":"https:\/\/arantv.az\/index.php?rest_route=%2Fwp%2Fv2%2Fcategories&post=18993"},{"taxonomy":"post_tag","embeddable":true,"href":"https:\/\/arantv.az\/index.php?rest_route=%2Fwp%2Fv2%2Ftags&post=18993"}],"curies":[{"name":"wp","href":"https:\/\/api.w.org\/{rel}","templated":true}]}}