{"id":19008,"date":"2018-10-15T11:38:41","date_gmt":"2018-10-15T08:38:41","guid":{"rendered":"http:\/\/arantv.az\/?p=19008"},"modified":"2018-10-15T11:38:41","modified_gmt":"2018-10-15T08:38:41","slug":"az%c9%99rbaycanlinin-kurkl%c9%99ri-musadir%c9%99-edildi","status":"publish","type":"post","link":"https:\/\/arantv.az\/?p=19008","title":{"rendered":"Az\u0259rbaycanl\u0131n\u0131n k\u00fcrkl\u0259ri m\u00fcsadir\u0259 edildi"},"content":{"rendered":"<p>Rusiya g\u00f6mr\u00fck xidm\u0259tinin \u0259m\u0259kda\u015flar\u0131 Rusiyadan Ukraynaya ged\u0259n mikroavtobusa bax\u0131\u015f zaman\u0131 \u00e7ox sayda qa\u00e7aqmal a\u015fkar edibl\u0259r.<\/p>\n<p><b>ARANTV.AZ\u00a0<\/b> x\u0259b\u0259r verir ki, Az\u0259rbaycan v\u0259t\u0259nda\u015f\u0131 Ukrayna \u0259razisin\u0259 m\u00fcxt\u0259lif \u00f6l\u00e7\u00fcl\u00fc 42 k\u00fcrk v\u0259 palto\u00a0ke\u00e7irm\u0259y\u0259 \u00e7al\u0131\u015f\u0131b.<\/p>\n<p>H\u0259min \u015f\u0259xs bildirib ki, geyiml\u0259ri satmaq \u00fc\u00e7\u00fcn Ukraynaya aparmaq ist\u0259yib, mal\u0131n qeydiyyat\u0131 il\u0259 ba\u011fl\u0131 is\u0259 m\u0259lumats\u0131z olub.<\/p>\n<p>Faktla ba\u011fl\u0131 az\u0259rbaycanl\u0131ya qar\u015f\u0131 inzibati x\u0259talar m\u0259c\u0259ll\u0259si \u00fczr\u0259 ara\u015fd\u0131rma ba\u015flan\u0131l\u0131b. Onu k\u00fclli miqdarda c\u0259rim\u0259 g\u00f6zl\u0259yir.oxu.az<\/p>\n","protected":false},"excerpt":{"rendered":"<p>Rusiya g\u00f6mr\u00fck xidm\u0259tinin \u0259m\u0259kda\u015flar\u0131 Rusiyadan Ukraynaya ged\u0259n mikroavtobusa bax\u0131\u015f zaman\u0131 \u00e7ox sayda qa\u00e7aqmal a\u015fkar edibl\u0259r. ARANTV.AZ\u00a0 x\u0259b\u0259r verir ki, Az\u0259rbaycan v\u0259t\u0259nda\u015f\u0131 Ukrayna \u0259razisin\u0259 m\u00fcxt\u0259lif \u00f6l\u00e7\u00fcl\u00fc 42 k\u00fcrk v\u0259 palto\u00a0ke\u00e7irm\u0259y\u0259 \u00e7al\u0131\u015f\u0131b. H\u0259min \u015f\u0259xs bildirib ki, geyiml\u0259ri satmaq \u00fc\u00e7\u00fcn Ukraynaya aparmaq ist\u0259yib, mal\u0131n qeydiyyat\u0131 il\u0259 ba\u011fl\u0131 is\u0259 m\u0259lumats\u0131z olub. Faktla ba\u011fl\u0131 az\u0259rbaycanl\u0131ya qar\u015f\u0131 inzibati x\u0259talar m\u0259c\u0259ll\u0259si \u00fczr\u0259 ara\u015fd\u0131rma ba\u015flan\u0131l\u0131b. Onu k\u00fclli miqdarda c\u0259rim\u0259 g\u00f6zl\u0259yir.oxu.az<\/p>\n","protected":false},"author":2,"featured_media":19009,"comment_status":"closed","ping_status":"closed","sticky":false,"template":"","format":"standard","meta":{"om_disable_all_campaigns":false,"_monsterinsights_skip_tracking":false,"_monsterinsights_sitenote_active":false,"_monsterinsights_sitenote_note":"","_monsterinsights_sitenote_category":0},"categories":[1],"tags":[],"aioseo_notices":[],"gutentor_comment":0,"rttpg_featured_image_url":{"full":["https:\/\/arantv.az\/wp-content\/uploads\/2018\/10\/k\u00c3\u00bcrk.jpg",620,330,false],"landscape":["https:\/\/arantv.az\/wp-content\/uploads\/2018\/10\/k\u00c3\u00bcrk.jpg",620,330,false],"portraits":["https:\/\/arantv.az\/wp-content\/uploads\/2018\/10\/k\u00c3\u00bcrk.jpg",620,330,false],"thumbnail":["https:\/\/arantv.az\/wp-content\/uploads\/2018\/10\/k\u00c3\u00bcrk-150x150.jpg",150,150,true],"medium":["https:\/\/arantv.az\/wp-content\/uploads\/2018\/10\/k\u00c3\u00bcrk-300x160.jpg",300,160,true],"large":["https:\/\/arantv.az\/wp-content\/uploads\/2018\/10\/k\u00c3\u00bcrk.jpg",620,330,false],"1536x1536":["https:\/\/arantv.az\/wp-content\/uploads\/2018\/10\/k\u00c3\u00bcrk.jpg",620,330,false],"2048x2048":["https:\/\/arantv.az\/wp-content\/uploads\/2018\/10\/k\u00c3\u00bcrk.jpg",620,330,false],"post-thumbnail":["https:\/\/arantv.az\/wp-content\/uploads\/2018\/10\/k\u00c3\u00bcrk-240x172.jpg",240,172,true],"advps-thumb-one":["https:\/\/arantv.az\/wp-content\/uploads\/2018\/10\/k\u00c3\u00bcrk.jpg",620,330,false]},"rttpg_author":{"display_name":"V\u00fcsal Rafiqo\u011flu","author_link":"https:\/\/arantv.az\/?author=2"},"rttpg_comment":0,"rttpg_category":"<a href=\"https:\/\/arantv.az\/?cat=1\" rel=\"category\">C\u0259miyy\u0259t<\/a>","rttpg_excerpt":"Rusiya g\u00f6mr\u00fck xidm\u0259tinin \u0259m\u0259kda\u015flar\u0131 Rusiyadan Ukraynaya ged\u0259n mikroavtobusa bax\u0131\u015f zaman\u0131 \u00e7ox sayda qa\u00e7aqmal a\u015fkar edibl\u0259r. ARANTV.AZ\u00a0 x\u0259b\u0259r verir ki, Az\u0259rbaycan v\u0259t\u0259nda\u015f\u0131 Ukrayna \u0259razisin\u0259 m\u00fcxt\u0259lif \u00f6l\u00e7\u00fcl\u00fc 42 k\u00fcrk v\u0259 palto\u00a0ke\u00e7irm\u0259y\u0259 \u00e7al\u0131\u015f\u0131b. H\u0259min \u015f\u0259xs bildirib ki, geyiml\u0259ri satmaq \u00fc\u00e7\u00fcn Ukraynaya aparmaq ist\u0259yib, mal\u0131n qeydiyyat\u0131 il\u0259 ba\u011fl\u0131 is\u0259 m\u0259lumats\u0131z olub. Faktla ba\u011fl\u0131 az\u0259rbaycanl\u0131ya qar\u015f\u0131 inzibati x\u0259talar m\u0259c\u0259ll\u0259si \u00fczr\u0259&hellip;","_links":{"self":[{"href":"https:\/\/arantv.az\/index.php?rest_route=\/wp\/v2\/posts\/19008"}],"collection":[{"href":"https:\/\/arantv.az\/index.php?rest_route=\/wp\/v2\/posts"}],"about":[{"href":"https:\/\/arantv.az\/index.php?rest_route=\/wp\/v2\/types\/post"}],"author":[{"embeddable":true,"href":"https:\/\/arantv.az\/index.php?rest_route=\/wp\/v2\/users\/2"}],"replies":[{"embeddable":true,"href":"https:\/\/arantv.az\/index.php?rest_route=%2Fwp%2Fv2%2Fcomments&post=19008"}],"version-history":[{"count":0,"href":"https:\/\/arantv.az\/index.php?rest_route=\/wp\/v2\/posts\/19008\/revisions"}],"wp:featuredmedia":[{"embeddable":true,"href":"https:\/\/arantv.az\/index.php?rest_route=\/wp\/v2\/media\/19009"}],"wp:attachment":[{"href":"https:\/\/arantv.az\/index.php?rest_route=%2Fwp%2Fv2%2Fmedia&parent=19008"}],"wp:term":[{"taxonomy":"category","embeddable":true,"href":"https:\/\/arantv.az\/index.php?rest_route=%2Fwp%2Fv2%2Fcategories&post=19008"},{"taxonomy":"post_tag","embeddable":true,"href":"https:\/\/arantv.az\/index.php?rest_route=%2Fwp%2Fv2%2Ftags&post=19008"}],"curies":[{"name":"wp","href":"https:\/\/api.w.org\/{rel}","templated":true}]}}