{"id":19021,"date":"2018-10-15T12:50:53","date_gmt":"2018-10-15T09:50:53","guid":{"rendered":"http:\/\/arantv.az\/?p=19021"},"modified":"2018-10-15T12:50:53","modified_gmt":"2018-10-15T09:50:53","slug":"pa-r%c9%99smisi-dini-m%c9%99rasiml%c9%99r-dini-siyasil%c9%99sdirm%c9%99k-ucun-al%c9%99t%c9%99-cevrilm%c9%99m%c9%99lidir","status":"publish","type":"post","link":"https:\/\/arantv.az\/?p=19021","title":{"rendered":"PA r\u0259smisi: Dini m\u0259rasiml\u0259r dini siyasil\u0259\u015fdirm\u0259k \u00fc\u00e7\u00fcn al\u0259t\u0259 \u00e7evrilm\u0259m\u0259lidir"},"content":{"rendered":"<p>T\u0259\u0259ss\u00fcf ki, xarici dair\u0259l\u0259r t\u0259r\u0259find\u0259n idar\u0259 olunan v\u0259 islam ad\u0131 alt\u0131nda h\u0259r\u0259k\u0259t ed\u0259n b\u0259zi radikal dini qrupla\u015fmalar dini m\u0259rasiml\u0259ri siyasi \u015f\u00fcarlar s\u0259sl\u0259ndirm\u0259k vasit\u0259sin\u0259 \u00e7eviribl\u0259r.<\/p>\n<p><strong>ARANTV.AZ<\/strong>-\u0131n m\u0259lumat\u0131na g\u00f6r\u0259, bunu Prezident Administrasiyas\u0131n\u0131n Mill\u0259tl\u0259raras\u0131 m\u00fcnasib\u0259tl\u0259r, multikulturalizm v\u0259 dini m\u0259s\u0259l\u0259l\u0259r \u015f\u00f6b\u0259sinin apar\u0131c\u0131 m\u0259sl\u0259h\u0259t\u00e7isi<strong>\u00a0Anar \u018flizad\u0259\u00a0<\/strong>deyib.<\/p>\n<p>Onun s\u00f6zl\u0259rin\u0259 g\u00f6r\u0259, dini m\u0259rasiml\u0259r qrup hal\u0131nda, k\u00fctl\u0259vi \u015f\u0259kild\u0259 icra olunur:<\/p>\n<p>\u201cDini m\u0259rasiml\u0259r k\u00fctl\u0259l\u0259r \u00fcz\u0259rind\u0259 y\u00fck psixoloji t\u0259sir q\u00fcvv\u0259sin\u0259 malikdir. Dini m\u0259rasiml\u0259r zaman\u0131 insanlar\u0131n sosial statusu unudulur, h\u0259r t\u0259b\u0259q\u0259d\u0259n insanlar bir-birin\u0259 yax\u0131nla\u015f\u0131r. \u00c7\u00fcnki dini m\u0259rasiml\u0259r ictimai h\u0259yat\u0131n ayr\u0131lmaz t\u0259rkib hiss\u0259sini t\u0259\u015fkil edir\u201d.<\/p>\n<p>PA r\u0259smisi bildirib ki, dini m\u0259rasiml\u0259rin siyasi-h\u00fcquqi\u00a0t\u0259r\u0259fin\u0259 g\u0259linc\u0259, \u00f6lk\u0259d\u0259 d\u00f6vl\u0259t-din m\u00fcnasib\u0259tl\u0259ri d\u00fcny\u0259vi prinsipl\u0259r \u0259sas\u0131nda qurulub:<\/p>\n<p>\u201cEtiqadi m\u0259nsubiyy\u0259tind\u0259n as\u0131l\u0131 olmayaraq, dini ayinl\u0259rin, m\u0259rasiml\u0259rin icras\u0131nda h\u0259r k\u0259s \u00fc\u00e7\u00fcn azad v\u0259 b\u0259rab\u0259r \u015f\u0259rait yarad\u0131l\u0131b. Y\u0259ni \u00f6lk\u0259d\u0259 dini etiqad azadl\u0131\u011f\u0131 tam t\u0259min olunub. Amma bu, o dem\u0259k deyil ki, dini m\u0259rasiml\u0259rin ke\u00e7irilm\u0259si zaman\u0131 h\u00fcquqi qaydalara, ictimai normalara riay\u0259t olunmamal\u0131d\u0131r.<\/p>\n<p>Ona g\u00f6r\u0259 d\u0259 dini m\u0259rasiml\u0259r ictimai asayi\u015fi pozmadan icra olunmal\u0131d\u0131r. He\u00e7 k\u0259s dini m\u0259rasiml\u0259ri yerin\u0259 yetirm\u0259y\u0259 v\u0259 dini m\u0259rasiml\u0259rd\u0259 i\u015ftirak etm\u0259y\u0259 m\u0259cbur edilm\u0259m\u0259lidir\u201d.<\/p>\n<p>Anar \u018flizad\u0259 \u0259lav\u0259 edib ki, dini m\u0259rasiml\u0259r dinin siyasil\u0259\u015fdirilm\u0259si al\u0259tin\u0259 \u00e7evrilm\u0259m\u0259lidir:<\/p>\n<p>\u201cT\u0259\u0259ss\u00fcf ki, xarici dair\u0259l\u0259r t\u0259r\u0259find\u0259n idar\u0259 olunan v\u0259 islam ad\u0131 alt\u0131nda h\u0259r\u0259k\u0259t ed\u0259n b\u0259zi radikal dini qrupla\u015fmalar dini m\u0259rasiml\u0259ri siyasi \u015f\u00fcarlar s\u0259sl\u0259ndirm\u0259k vasit\u0259sin\u0259 \u00e7eviribl\u0259r. Dini m\u0259rasiml\u0259ri yerin\u0259 yetir\u0259rk\u0259n ifrat h\u0259r\u0259k\u0259tl\u0259r\u0259, zarafata yol verilm\u0259m\u0259y\u0259 \u00e7al\u0131\u015f\u0131lmal\u0131d\u0131r. Bu c\u00fcr neqativ sosial t\u0259zah\u00fcrl\u0259r, m\u0259nfi hallar inzibati yollarla deyil, daha \u00e7ox m\u00fcnt\u0259z\u0259m maarifl\u0259ndirm\u0259 t\u0259dbirl\u0259rinin h\u0259yata ke\u00e7irilm\u0259si il\u0259 aradan qald\u0131r\u0131lmal\u0131d\u0131r\u201d.oxu.az<\/p>\n","protected":false},"excerpt":{"rendered":"<p>T\u0259\u0259ss\u00fcf ki, xarici dair\u0259l\u0259r t\u0259r\u0259find\u0259n idar\u0259 olunan v\u0259 islam ad\u0131 alt\u0131nda h\u0259r\u0259k\u0259t ed\u0259n b\u0259zi radikal dini qrupla\u015fmalar dini m\u0259rasiml\u0259ri siyasi \u015f\u00fcarlar s\u0259sl\u0259ndirm\u0259k vasit\u0259sin\u0259 \u00e7eviribl\u0259r. ARANTV.AZ-\u0131n m\u0259lumat\u0131na g\u00f6r\u0259, bunu Prezident Administrasiyas\u0131n\u0131n Mill\u0259tl\u0259raras\u0131 m\u00fcnasib\u0259tl\u0259r, multikulturalizm v\u0259 dini m\u0259s\u0259l\u0259l\u0259r \u015f\u00f6b\u0259sinin apar\u0131c\u0131 m\u0259sl\u0259h\u0259t\u00e7isi\u00a0Anar \u018flizad\u0259\u00a0deyib. Onun s\u00f6zl\u0259rin\u0259 g\u00f6r\u0259, dini m\u0259rasiml\u0259r qrup hal\u0131nda, k\u00fctl\u0259vi \u015f\u0259kild\u0259 icra olunur: \u201cDini m\u0259rasiml\u0259r k\u00fctl\u0259l\u0259r \u00fcz\u0259rind\u0259 y\u00fck psixoloji t\u0259sir q\u00fcvv\u0259sin\u0259 malikdir. Dini m\u0259rasiml\u0259r zaman\u0131 insanlar\u0131n sosial statusu unudulur, h\u0259r t\u0259b\u0259q\u0259d\u0259n insanlar bir-birin\u0259 yax\u0131nla\u015f\u0131r. \u00c7\u00fcnki dini m\u0259rasiml\u0259r ictimai h\u0259yat\u0131n ayr\u0131lmaz t\u0259rkib hiss\u0259sini t\u0259\u015fkil edir\u201d. PA r\u0259smisi bildirib ki, dini m\u0259rasiml\u0259rin siyasi-h\u00fcquqi\u00a0t\u0259r\u0259fin\u0259 g\u0259linc\u0259,&hellip;<\/p>\n","protected":false},"author":2,"featured_media":19022,"comment_status":"closed","ping_status":"closed","sticky":false,"template":"","format":"standard","meta":{"om_disable_all_campaigns":false,"_monsterinsights_skip_tracking":false,"_monsterinsights_sitenote_active":false,"_monsterinsights_sitenote_note":"","_monsterinsights_sitenote_category":0},"categories":[1],"tags":[],"aioseo_notices":[],"gutentor_comment":0,"rttpg_featured_image_url":{"full":["https:\/\/arantv.az\/wp-content\/uploads\/2018\/10\/IMGL5341.jpg",620,413,false],"landscape":["https:\/\/arantv.az\/wp-content\/uploads\/2018\/10\/IMGL5341.jpg",620,413,false],"portraits":["https:\/\/arantv.az\/wp-content\/uploads\/2018\/10\/IMGL5341.jpg",620,413,false],"thumbnail":["https:\/\/arantv.az\/wp-content\/uploads\/2018\/10\/IMGL5341-150x150.jpg",150,150,true],"medium":["https:\/\/arantv.az\/wp-content\/uploads\/2018\/10\/IMGL5341-300x200.jpg",300,200,true],"large":["https:\/\/arantv.az\/wp-content\/uploads\/2018\/10\/IMGL5341.jpg",620,413,false],"1536x1536":["https:\/\/arantv.az\/wp-content\/uploads\/2018\/10\/IMGL5341.jpg",620,413,false],"2048x2048":["https:\/\/arantv.az\/wp-content\/uploads\/2018\/10\/IMGL5341.jpg",620,413,false],"post-thumbnail":["https:\/\/arantv.az\/wp-content\/uploads\/2018\/10\/IMGL5341-240x172.jpg",240,172,true],"advps-thumb-one":["https:\/\/arantv.az\/wp-content\/uploads\/2018\/10\/IMGL5341.jpg",620,413,false]},"rttpg_author":{"display_name":"V\u00fcsal Rafiqo\u011flu","author_link":"https:\/\/arantv.az\/?author=2"},"rttpg_comment":0,"rttpg_category":"<a href=\"https:\/\/arantv.az\/?cat=1\" rel=\"category\">C\u0259miyy\u0259t<\/a>","rttpg_excerpt":"T\u0259\u0259ss\u00fcf ki, xarici dair\u0259l\u0259r t\u0259r\u0259find\u0259n idar\u0259 olunan v\u0259 islam ad\u0131 alt\u0131nda h\u0259r\u0259k\u0259t ed\u0259n b\u0259zi radikal dini qrupla\u015fmalar dini m\u0259rasiml\u0259ri siyasi \u015f\u00fcarlar s\u0259sl\u0259ndirm\u0259k vasit\u0259sin\u0259 \u00e7eviribl\u0259r. ARANTV.AZ-\u0131n m\u0259lumat\u0131na g\u00f6r\u0259, bunu Prezident Administrasiyas\u0131n\u0131n Mill\u0259tl\u0259raras\u0131 m\u00fcnasib\u0259tl\u0259r, multikulturalizm v\u0259 dini m\u0259s\u0259l\u0259l\u0259r \u015f\u00f6b\u0259sinin apar\u0131c\u0131 m\u0259sl\u0259h\u0259t\u00e7isi\u00a0Anar \u018flizad\u0259\u00a0deyib. Onun s\u00f6zl\u0259rin\u0259 g\u00f6r\u0259, dini m\u0259rasiml\u0259r qrup hal\u0131nda, k\u00fctl\u0259vi \u015f\u0259kild\u0259 icra olunur: \u201cDini m\u0259rasiml\u0259r k\u00fctl\u0259l\u0259r \u00fcz\u0259rind\u0259&hellip;","_links":{"self":[{"href":"https:\/\/arantv.az\/index.php?rest_route=\/wp\/v2\/posts\/19021"}],"collection":[{"href":"https:\/\/arantv.az\/index.php?rest_route=\/wp\/v2\/posts"}],"about":[{"href":"https:\/\/arantv.az\/index.php?rest_route=\/wp\/v2\/types\/post"}],"author":[{"embeddable":true,"href":"https:\/\/arantv.az\/index.php?rest_route=\/wp\/v2\/users\/2"}],"replies":[{"embeddable":true,"href":"https:\/\/arantv.az\/index.php?rest_route=%2Fwp%2Fv2%2Fcomments&post=19021"}],"version-history":[{"count":0,"href":"https:\/\/arantv.az\/index.php?rest_route=\/wp\/v2\/posts\/19021\/revisions"}],"wp:featuredmedia":[{"embeddable":true,"href":"https:\/\/arantv.az\/index.php?rest_route=\/wp\/v2\/media\/19022"}],"wp:attachment":[{"href":"https:\/\/arantv.az\/index.php?rest_route=%2Fwp%2Fv2%2Fmedia&parent=19021"}],"wp:term":[{"taxonomy":"category","embeddable":true,"href":"https:\/\/arantv.az\/index.php?rest_route=%2Fwp%2Fv2%2Fcategories&post=19021"},{"taxonomy":"post_tag","embeddable":true,"href":"https:\/\/arantv.az\/index.php?rest_route=%2Fwp%2Fv2%2Ftags&post=19021"}],"curies":[{"name":"wp","href":"https:\/\/api.w.org\/{rel}","templated":true}]}}