{"id":19049,"date":"2018-10-15T14:00:17","date_gmt":"2018-10-15T11:00:17","guid":{"rendered":"http:\/\/arantv.az\/?p=19049"},"modified":"2018-10-15T14:00:17","modified_gmt":"2018-10-15T11:00:17","slug":"az%c9%99rxalca-asc-nin-l%c9%99nk%c9%99ran-filiali-acilib","status":"publish","type":"post","link":"https:\/\/arantv.az\/?p=19049","title":{"rendered":"\u201cAz\u0259rxal\u00e7a\u201d ASC-nin L\u0259nk\u0259ran filial\u0131 a\u00e7\u0131l\u0131b"},"content":{"rendered":"<p>Oktyabr\u0131n 15-d\u0259 Az\u0259rbaycan Respublikas\u0131n\u0131n Prezidenti \u0130lham \u018fliyev v\u0259 birinci xan\u0131m Mehriban \u018fliyeva \u201cAz\u0259rxal\u00e7a\u201d A\u00e7\u0131q S\u0259hmdar C\u0259miyy\u0259tinin L\u0259nk\u0259ran filial\u0131n\u0131n a\u00e7\u0131l\u0131\u015f\u0131nda i\u015ftirak edibl\u0259r.<\/p>\n<p><strong>ARANTV.AZ<\/strong> x\u0259b\u0259r verir ki, d\u00f6vl\u0259timizin ba\u015f\u00e7\u0131s\u0131 v\u0259 xan\u0131m\u0131 m\u00fc\u0259ssis\u0259nin r\u0259mzi a\u00e7\u0131l\u0131\u015f\u0131n\u0131 bildir\u0259n lenti k\u0259sdil\u0259r.<\/p>\n<p>\u201cAz\u0259rxal\u00e7a\u201d A\u00e7\u0131q S\u0259hmdar C\u0259miyy\u0259tinin \u0130dar\u0259 Hey\u0259tinin s\u0259dri Vidadi Muradov Prezident \u0130lham \u018fliyev\u0259 v\u0259 birinci xan\u0131m Mehriban \u018fliyevaya \u00f6lk\u0259mizd\u0259 xal\u00e7a\u00e7\u0131l\u0131\u011f\u0131n inki\u015faf\u0131 v\u0259 bu m\u00fc\u0259ssis\u0259nin f\u0259aliyy\u0259ti bar\u0259d\u0259 m\u0259lumat verdi.<\/p>\n<p>Q\u0259dim el s\u0259n\u0259tl\u0259rind\u0259n olan xal\u00e7a\u00e7\u0131l\u0131\u011f\u0131n inki\u015faf\u0131 il\u0259 ba\u011fl\u0131 son ill\u0259rd\u0259 g\u00f6r\u00fcl\u0259n i\u015fl\u0259r b\u0259hr\u0259sini verir. Bu sah\u0259nin inki\u015faf\u0131na x\u00fcsusi diqq\u0259t g\u00f6st\u0259r\u0259n Prezident \u0130lham \u018fliyevin diqq\u0259t v\u0259 qay\u011f\u0131s\u0131 say\u0259sind\u0259 art\u0131q bir \u00e7ox b\u00f6lg\u0259l\u0259rd\u0259 xal\u00e7a fabrikl\u0259ri a\u00e7\u0131l\u0131b. \u201cAz\u0259rxal\u00e7a\u201d ASC-nin ilkin olaraq Horadiz \u015f\u0259h\u0259rind\u0259, A\u011fdam, A\u011fstafa, Xa\u00e7maz, \u0130smay\u0131ll\u0131, Qazax, Q\u0259b\u0259l\u0259, Quba, \u015e\u0259mkir v\u0259 Tovuz rayonlar\u0131nda xal\u00e7a emalatxanalar\u0131n\u0131n tikintisi n\u0259z\u0259rd\u0259 tutulmu\u015fdu. Art\u0131q Horadiz, \u015e\u0259mkir, Quba, Xa\u00e7maz v\u0259 \u0130smay\u0131ll\u0131dak\u0131 m\u00fc\u0259ssis\u0259l\u0259r Prezident \u0130lham \u018fliyevin i\u015ftirak\u0131 il\u0259 istifad\u0259y\u0259 verilib. Bu m\u00fc\u0259ssis\u0259l\u0259ri xammalla t\u0259min etm\u0259k \u00fc\u00e7\u00fcn Sumqay\u0131t Kimya S\u0259naye Park\u0131nda \u00fcmumi investisiya h\u0259cmi 18 milyon dollar olan \u201cYun\u0259yrici-boyaq\u201d fabrikinin, Horadiz, \u015e\u0259mkir, Quba v\u0259 Xa\u00e7mazda regional yun v\u0259 boyaq t\u0259dar\u00fck\u00fc m\u0259nt\u0259q\u0259l\u0259rinin in\u015fas\u0131 davam etdirilir. Art\u0131q Prezident \u0130lham \u018fliyevin m\u00fcvafiq s\u0259r\u0259ncamlar\u0131 il\u0259 Nax\u00e7\u0131van \u015f\u0259h\u0259rind\u0259, Qobustan, \u015eabran, Sabun\u00e7u, L\u0259nk\u0259ran, Ab\u015feron, K\u00fcrd\u0259mir, Bil\u0259suvar, Goranboy v\u0259 T\u0259rt\u0259r rayonlar\u0131nda xal\u00e7a emalatxanalar\u0131n\u0131n tikintisi v\u0259 t\u0259chizat\u0131 i\u015fl\u0259rin\u0259 ba\u015flan\u0131b. Bundan ba\u015fqa, \u0130smay\u0131ll\u0131 rayonunda daha bir xal\u00e7a istehsal\u0131 emalatxanas\u0131 tikilir.<\/p>\n<p>D\u00f6vl\u0259timizin ba\u015f\u00e7\u0131s\u0131 L\u0259nk\u0259randa xal\u00e7a emalatxanan\u0131n tikintisi, avadanl\u0131q v\u0259 d\u0259zgahlarla t\u0259chizat\u0131 v\u0259 infrastrukturunun yarad\u0131lmas\u0131 \u00fc\u00e7\u00fcn 2018-ci ilin d\u00f6vl\u0259t b\u00fcdc\u0259sind\u0259n v\u0259saitin ayr\u0131lmas\u0131 bar\u0259d\u0259 S\u0259r\u0259ncam da imzalay\u0131b. 2019-cu ild\u0259 \u0259lav\u0259 olaraq 10 \u015f\u0259h\u0259r v\u0259 rayonda bu c\u00fcr m\u00fc\u0259ssis\u0259l\u0259rin tikintisi n\u0259z\u0259rd\u0259 tutulub. \u201cAz\u0259rxal\u00e7a\u201d ASC-nin art\u0131q istifad\u0259y\u0259 tam haz\u0131r olan L\u0259nk\u0259ran filial\u0131 da bu s\u0131rada m\u00fch\u00fcm yerl\u0259rd\u0259n birini tutur.<\/p>\n<p>Bildirildi ki, \u201cAz\u0259rxal\u00e7a\u201d ASC-nin L\u0259nk\u0259ran filial\u0131n\u0131n binas\u0131n\u0131n \u00fcmumi sah\u0259si 1300 kvadratmetrdir. \u018fl\u0259t-Astara-\u0130ran \u0130slam Respublikas\u0131 il\u0259 d\u00f6vl\u0259t s\u0259rh\u0259di avtomobil yolunun 199-cu kilometrliyind\u0259 yerl\u0259\u015f\u0259n filial\u0131n binas\u0131n\u0131n tikintisin\u0259 bu ilin mart\u0131nda ba\u015flan\u0131l\u0131b. Tikinti i\u015fl\u0259ri y\u00fcks\u0259k keyfiyy\u0259tl\u0259 apar\u0131l\u0131b. Burada 150 toxucu v\u0259 13 inzibati-t\u0259s\u0259rr\u00fcfat i\u015f\u00e7isinin \u00e7al\u0131\u015fmas\u0131 n\u0259z\u0259rd\u0259 tutulub. Bina toxuculuq emalatxanas\u0131, r\u0259ssam ota\u011f\u0131, anbar, yem\u0259kxana, tibb ota\u011f\u0131, xal\u00e7a sat\u0131\u015f\u0131 salonu v\u0259 dig\u0259r b\u00f6lm\u0259l\u0259rd\u0259n ibar\u0259tdir. Emalatxanada m\u00fcxt\u0259lif \u00f6l\u00e7\u00fcl\u00fc 43 d\u0259zgahda Az\u0259rbaycan xal\u00e7alar\u0131 toxunacaq. \u018fsas\u0259n Astara, Lerik, L\u0259nk\u0259ran, Masall\u0131 v\u0259 Yard\u0131ml\u0131 rayonlar\u0131n\u0131n k\u0259ndl\u0259rind\u0259 toxunan orijinal xal\u00e7a \u00e7e\u015fnil\u0259rin\u0259 \u00fcst\u00fcnl\u00fck veril\u0259c\u0259k. Bu \u00e7e\u015fnil\u0259r d\u00fcnya muzeyl\u0259rind\u0259, \u015f\u0259xsi kolleksiyalarda m\u00fchafiz\u0259 olunan, h\u0259m\u00e7inin respublikam\u0131z\u0131n ayr\u0131-ayr\u0131 b\u00f6lg\u0259l\u0259rind\u0259n toplan\u0131lan q\u0259dim v\u0259 orijinal xal\u00e7alar \u0259sas\u0131nda \u201cAz\u0259rxal\u00e7a\u201dn\u0131n r\u0259ssamlar\u0131 t\u0259r\u0259find\u0259n haz\u0131rlan\u0131b. Emalatxana z\u0259ruri xammal v\u0259 l\u0259vazimatlarla &#8211; m\u00fcxt\u0259lif r\u0259ngli yun ipl\u0259rl\u0259, h\u0259v\u0259, qay\u00e7\u0131, b\u0131\u00e7aq kimi al\u0259tl\u0259rl\u0259 t\u0259min edilib.<\/p>\n<p>Qeyd olundu ki, m\u00fc\u0259ssis\u0259d\u0259 \u00e7al\u0131\u015fan toxucular L\u0259nk\u0259ran \u015f\u0259h\u0259rinin v\u0259 rayonun dig\u0259r ya\u015fay\u0131\u015f m\u0259nt\u0259q\u0259l\u0259rinin sakinl\u0259ridir. Onlar bir ne\u00e7\u0259 ay \u0259rzind\u0259 \u201cAz\u0259rxal\u00e7a\u201dn\u0131n burada t\u0259\u015fkil olunmu\u015f t\u0259dris-haz\u0131rl\u0131q kurslar\u0131na c\u0259lb edilib, xal\u00e7a\u00e7\u0131l\u0131q \u00fczr\u0259 bacar\u0131q v\u0259 v\u0259rdi\u015fl\u0259rini t\u0259kmill\u0259\u015fdiribl\u0259r. T\u0259dris-haz\u0131rl\u0131q kursu filial f\u0259aliyy\u0259t\u0259 ba\u015flad\u0131qdan sonra da i\u015fini davam etdir\u0259c\u0259k. Bu kursun m\u0259zunlar\u0131 \u201cAz\u0259rxal\u00e7a\u201d ASC-nin sertifikat\u0131n\u0131 alacaqlar. Xal\u00e7a sat\u0131\u015f\u0131 salonunda \u201cAz\u0259rxal\u00e7a\u201d ASC-d\u0259 toxunmu\u015f xal\u00e7a v\u0259 xal\u00e7a m\u0259mulatlar\u0131n\u0131n s\u0259rgisi v\u0259 sat\u0131\u015f\u0131 da h\u0259yata ke\u00e7iril\u0259c\u0259k.<\/p>\n<p>Sonra d\u00f6vl\u0259timizin ba\u015f\u00e7\u0131s\u0131 v\u0259 birinci xan\u0131m m\u00fc\u0259ssis\u0259nin kollektivi il\u0259 g\u00f6r\u00fc\u015f\u00fcb s\u00f6hb\u0259t etdil\u0259r.<\/p>\n<p>Xal\u00e7a\u00e7\u0131lar Sevda C\u0259bray\u0131lova, \u0130rad\u0259 \u018fliyeva, Nargil\u0259 Q\u0259hr\u0259manova v\u0259 ba\u015fqalar\u0131 \u00f6lk\u0259mizd\u0259 q\u0259dim xal\u00e7a\u00e7\u0131l\u0131q s\u0259n\u0259tinin inki\u015faf\u0131na g\u00f6st\u0259rdiyi y\u00fcks\u0259k diqq\u0259t v\u0259 qay\u011f\u0131ya g\u00f6r\u0259 Prezident \u0130lham \u018fliyev\u0259 minn\u0259tdarl\u0131q etdil\u0259r.<\/p>\n<p>Sonda xatir\u0259 \u015f\u0259kli \u00e7\u0259kdirildi.<\/p>\n<p><img loading=\"lazy\" class=\"alignnone size-medium wp-image-19050\" src=\"https:\/\/arantv.az\/wp-content\/uploads\/2018\/10\/15395982064783918255_1000x669-300x190.jpg\" alt=\"\" width=\"300\" height=\"190\" \/><\/p>\n<p><img loading=\"lazy\" class=\"alignnone size-medium wp-image-19051\" src=\"https:\/\/arantv.az\/wp-content\/uploads\/2018\/10\/15395982066286946028_1000x669-300x183.jpg\" alt=\"\" width=\"300\" height=\"183\" \/><\/p>\n","protected":false},"excerpt":{"rendered":"<p>Oktyabr\u0131n 15-d\u0259 Az\u0259rbaycan Respublikas\u0131n\u0131n Prezidenti \u0130lham \u018fliyev v\u0259 birinci xan\u0131m Mehriban \u018fliyeva \u201cAz\u0259rxal\u00e7a\u201d A\u00e7\u0131q S\u0259hmdar C\u0259miyy\u0259tinin L\u0259nk\u0259ran filial\u0131n\u0131n a\u00e7\u0131l\u0131\u015f\u0131nda i\u015ftirak edibl\u0259r. ARANTV.AZ x\u0259b\u0259r verir ki, d\u00f6vl\u0259timizin ba\u015f\u00e7\u0131s\u0131 v\u0259 xan\u0131m\u0131 m\u00fc\u0259ssis\u0259nin r\u0259mzi a\u00e7\u0131l\u0131\u015f\u0131n\u0131 bildir\u0259n lenti k\u0259sdil\u0259r. \u201cAz\u0259rxal\u00e7a\u201d A\u00e7\u0131q S\u0259hmdar C\u0259miyy\u0259tinin \u0130dar\u0259 Hey\u0259tinin s\u0259dri Vidadi Muradov Prezident \u0130lham \u018fliyev\u0259 v\u0259 birinci xan\u0131m Mehriban \u018fliyevaya \u00f6lk\u0259mizd\u0259 xal\u00e7a\u00e7\u0131l\u0131\u011f\u0131n inki\u015faf\u0131 v\u0259 bu m\u00fc\u0259ssis\u0259nin f\u0259aliyy\u0259ti bar\u0259d\u0259 m\u0259lumat verdi. Q\u0259dim el s\u0259n\u0259tl\u0259rind\u0259n olan xal\u00e7a\u00e7\u0131l\u0131\u011f\u0131n inki\u015faf\u0131 il\u0259 ba\u011fl\u0131 son ill\u0259rd\u0259 g\u00f6r\u00fcl\u0259n i\u015fl\u0259r b\u0259hr\u0259sini verir. Bu sah\u0259nin inki\u015faf\u0131na x\u00fcsusi diqq\u0259t g\u00f6st\u0259r\u0259n Prezident \u0130lham \u018fliyevin diqq\u0259t v\u0259 qay\u011f\u0131s\u0131 say\u0259sind\u0259 art\u0131q&hellip;<\/p>\n","protected":false},"author":2,"featured_media":19052,"comment_status":"closed","ping_status":"closed","sticky":false,"template":"","format":"standard","meta":{"om_disable_all_campaigns":false,"_monsterinsights_skip_tracking":false,"_monsterinsights_sitenote_active":false,"_monsterinsights_sitenote_note":"","_monsterinsights_sitenote_category":0},"categories":[8],"tags":[],"aioseo_notices":[],"gutentor_comment":0,"rttpg_featured_image_url":{"full":["https:\/\/arantv.az\/wp-content\/uploads\/2018\/10\/15395982064782031501_1000x669.jpg",1000,665,false],"landscape":["https:\/\/arantv.az\/wp-content\/uploads\/2018\/10\/15395982064782031501_1000x669.jpg",1000,665,false],"portraits":["https:\/\/arantv.az\/wp-content\/uploads\/2018\/10\/15395982064782031501_1000x669.jpg",1000,665,false],"thumbnail":["https:\/\/arantv.az\/wp-content\/uploads\/2018\/10\/15395982064782031501_1000x669-150x150.jpg",150,150,true],"medium":["https:\/\/arantv.az\/wp-content\/uploads\/2018\/10\/15395982064782031501_1000x669-300x200.jpg",300,200,true],"large":["https:\/\/arantv.az\/wp-content\/uploads\/2018\/10\/15395982064782031501_1000x669.jpg",640,426,false],"1536x1536":["https:\/\/arantv.az\/wp-content\/uploads\/2018\/10\/15395982064782031501_1000x669.jpg",1000,665,false],"2048x2048":["https:\/\/arantv.az\/wp-content\/uploads\/2018\/10\/15395982064782031501_1000x669.jpg",1000,665,false],"post-thumbnail":["https:\/\/arantv.az\/wp-content\/uploads\/2018\/10\/15395982064782031501_1000x669-240x172.jpg",240,172,true],"advps-thumb-one":["https:\/\/arantv.az\/wp-content\/uploads\/2018\/10\/15395982064782031501_1000x669-1000x620.jpg",1000,620,true]},"rttpg_author":{"display_name":"V\u00fcsal Rafiqo\u011flu","author_link":"https:\/\/arantv.az\/?author=2"},"rttpg_comment":0,"rttpg_category":"<a href=\"https:\/\/arantv.az\/?cat=8\" rel=\"category\">\u018fsas s\u0259hif\u0259<\/a>","rttpg_excerpt":"Oktyabr\u0131n 15-d\u0259 Az\u0259rbaycan Respublikas\u0131n\u0131n Prezidenti \u0130lham \u018fliyev v\u0259 birinci xan\u0131m Mehriban \u018fliyeva \u201cAz\u0259rxal\u00e7a\u201d A\u00e7\u0131q S\u0259hmdar C\u0259miyy\u0259tinin L\u0259nk\u0259ran filial\u0131n\u0131n a\u00e7\u0131l\u0131\u015f\u0131nda i\u015ftirak edibl\u0259r. ARANTV.AZ x\u0259b\u0259r verir ki, d\u00f6vl\u0259timizin ba\u015f\u00e7\u0131s\u0131 v\u0259 xan\u0131m\u0131 m\u00fc\u0259ssis\u0259nin r\u0259mzi a\u00e7\u0131l\u0131\u015f\u0131n\u0131 bildir\u0259n lenti k\u0259sdil\u0259r. \u201cAz\u0259rxal\u00e7a\u201d A\u00e7\u0131q S\u0259hmdar C\u0259miyy\u0259tinin \u0130dar\u0259 Hey\u0259tinin s\u0259dri Vidadi Muradov Prezident \u0130lham \u018fliyev\u0259 v\u0259 birinci xan\u0131m Mehriban \u018fliyevaya \u00f6lk\u0259mizd\u0259 xal\u00e7a\u00e7\u0131l\u0131\u011f\u0131n inki\u015faf\u0131&hellip;","_links":{"self":[{"href":"https:\/\/arantv.az\/index.php?rest_route=\/wp\/v2\/posts\/19049"}],"collection":[{"href":"https:\/\/arantv.az\/index.php?rest_route=\/wp\/v2\/posts"}],"about":[{"href":"https:\/\/arantv.az\/index.php?rest_route=\/wp\/v2\/types\/post"}],"author":[{"embeddable":true,"href":"https:\/\/arantv.az\/index.php?rest_route=\/wp\/v2\/users\/2"}],"replies":[{"embeddable":true,"href":"https:\/\/arantv.az\/index.php?rest_route=%2Fwp%2Fv2%2Fcomments&post=19049"}],"version-history":[{"count":0,"href":"https:\/\/arantv.az\/index.php?rest_route=\/wp\/v2\/posts\/19049\/revisions"}],"wp:featuredmedia":[{"embeddable":true,"href":"https:\/\/arantv.az\/index.php?rest_route=\/wp\/v2\/media\/19052"}],"wp:attachment":[{"href":"https:\/\/arantv.az\/index.php?rest_route=%2Fwp%2Fv2%2Fmedia&parent=19049"}],"wp:term":[{"taxonomy":"category","embeddable":true,"href":"https:\/\/arantv.az\/index.php?rest_route=%2Fwp%2Fv2%2Fcategories&post=19049"},{"taxonomy":"post_tag","embeddable":true,"href":"https:\/\/arantv.az\/index.php?rest_route=%2Fwp%2Fv2%2Ftags&post=19049"}],"curies":[{"name":"wp","href":"https:\/\/api.w.org\/{rel}","templated":true}]}}