{"id":19064,"date":"2018-10-15T14:16:20","date_gmt":"2018-10-15T11:16:20","guid":{"rendered":"http:\/\/arantv.az\/?p=19064"},"modified":"2018-10-15T14:16:20","modified_gmt":"2018-10-15T11:16:20","slug":"iranin-ankaradaki-s%c9%99firliyind%c9%99-partlayis-t%c9%99hluk%c9%99si","status":"publish","type":"post","link":"https:\/\/arantv.az\/?p=19064","title":{"rendered":"\u0130ran\u0131n Ankaradak\u0131 s\u0259firliyind\u0259 partlay\u0131\u015f t\u0259hl\u00fck\u0259si"},"content":{"rendered":"<p>\u0130ran\u0131n Ankaradak\u0131 s\u0259firliyi terror akt\u0131 t\u0259hl\u00fck\u0259si s\u0259b\u0259bind\u0259n bo\u015fald\u0131l\u0131b.<\/p>\n<p><b>ARANTV.AZ\u00a0<\/b>x\u0259b\u0259r verir ki, bununla ba\u011fl\u0131 \u201cHaberturk\u201d telekanal\u0131 m\u0259lumat yay\u0131b.<\/p>\n<p>Bildirilir ki, terror\u00e7u-kamikadzenin s\u0259firliy\u0259 h\u00fccum t\u0259hl\u00fck\u0259si il\u0259 ba\u011fl\u0131 anonim m\u0259lumat \u0259ld\u0259 edilib. Diplomatik n\u00fcmay\u0259nd\u0259liyin personal\u0131, o c\u00fcml\u0259d\u0259n s\u0259fir t\u0259xliyy\u0259 edilib. Binan\u0131n \u00f6n\u00fcnd\u0259 t\u0259hl\u00fck\u0259sizlik t\u0259dbirl\u0259ri g\u00fccl\u0259ndirilib.<\/p>\n<p>S\u0259firliy\u0259 ged\u0259n k\u00fc\u00e7\u0259l\u0259r ba\u011flan\u0131b.<\/p>\n<p>oxu.az<\/p>\n","protected":false},"excerpt":{"rendered":"<p>\u0130ran\u0131n Ankaradak\u0131 s\u0259firliyi terror akt\u0131 t\u0259hl\u00fck\u0259si s\u0259b\u0259bind\u0259n bo\u015fald\u0131l\u0131b. ARANTV.AZ\u00a0x\u0259b\u0259r verir ki, bununla ba\u011fl\u0131 \u201cHaberturk\u201d telekanal\u0131 m\u0259lumat yay\u0131b. Bildirilir ki, terror\u00e7u-kamikadzenin s\u0259firliy\u0259 h\u00fccum t\u0259hl\u00fck\u0259si il\u0259 ba\u011fl\u0131 anonim m\u0259lumat \u0259ld\u0259 edilib. Diplomatik n\u00fcmay\u0259nd\u0259liyin personal\u0131, o c\u00fcml\u0259d\u0259n s\u0259fir t\u0259xliyy\u0259 edilib. Binan\u0131n \u00f6n\u00fcnd\u0259 t\u0259hl\u00fck\u0259sizlik t\u0259dbirl\u0259ri g\u00fccl\u0259ndirilib. S\u0259firliy\u0259 ged\u0259n k\u00fc\u00e7\u0259l\u0259r ba\u011flan\u0131b. oxu.az<\/p>\n","protected":false},"author":2,"featured_media":19065,"comment_status":"closed","ping_status":"closed","sticky":false,"template":"","format":"standard","meta":{"om_disable_all_campaigns":false,"_monsterinsights_skip_tracking":false,"_monsterinsights_sitenote_active":false,"_monsterinsights_sitenote_note":"","_monsterinsights_sitenote_category":0},"categories":[7],"tags":[],"aioseo_notices":[],"gutentor_comment":0,"rttpg_featured_image_url":{"full":["https:\/\/arantv.az\/wp-content\/uploads\/2018\/10\/vz.jpg",620,416,false],"landscape":["https:\/\/arantv.az\/wp-content\/uploads\/2018\/10\/vz.jpg",620,416,false],"portraits":["https:\/\/arantv.az\/wp-content\/uploads\/2018\/10\/vz.jpg",620,416,false],"thumbnail":["https:\/\/arantv.az\/wp-content\/uploads\/2018\/10\/vz-150x150.jpg",150,150,true],"medium":["https:\/\/arantv.az\/wp-content\/uploads\/2018\/10\/vz-300x201.jpg",300,201,true],"large":["https:\/\/arantv.az\/wp-content\/uploads\/2018\/10\/vz.jpg",620,416,false],"1536x1536":["https:\/\/arantv.az\/wp-content\/uploads\/2018\/10\/vz.jpg",620,416,false],"2048x2048":["https:\/\/arantv.az\/wp-content\/uploads\/2018\/10\/vz.jpg",620,416,false],"post-thumbnail":["https:\/\/arantv.az\/wp-content\/uploads\/2018\/10\/vz-240x172.jpg",240,172,true],"advps-thumb-one":["https:\/\/arantv.az\/wp-content\/uploads\/2018\/10\/vz.jpg",620,416,false]},"rttpg_author":{"display_name":"V\u00fcsal Rafiqo\u011flu","author_link":"https:\/\/arantv.az\/?author=2"},"rttpg_comment":0,"rttpg_category":"<a href=\"https:\/\/arantv.az\/?cat=7\" rel=\"category\">D\u00fcnya<\/a>","rttpg_excerpt":"\u0130ran\u0131n Ankaradak\u0131 s\u0259firliyi terror akt\u0131 t\u0259hl\u00fck\u0259si s\u0259b\u0259bind\u0259n bo\u015fald\u0131l\u0131b. ARANTV.AZ\u00a0x\u0259b\u0259r verir ki, bununla ba\u011fl\u0131 \u201cHaberturk\u201d telekanal\u0131 m\u0259lumat yay\u0131b. Bildirilir ki, terror\u00e7u-kamikadzenin s\u0259firliy\u0259 h\u00fccum t\u0259hl\u00fck\u0259si il\u0259 ba\u011fl\u0131 anonim m\u0259lumat \u0259ld\u0259 edilib. Diplomatik n\u00fcmay\u0259nd\u0259liyin personal\u0131, o c\u00fcml\u0259d\u0259n s\u0259fir t\u0259xliyy\u0259 edilib. Binan\u0131n \u00f6n\u00fcnd\u0259 t\u0259hl\u00fck\u0259sizlik t\u0259dbirl\u0259ri g\u00fccl\u0259ndirilib. S\u0259firliy\u0259 ged\u0259n k\u00fc\u00e7\u0259l\u0259r ba\u011flan\u0131b. oxu.az","_links":{"self":[{"href":"https:\/\/arantv.az\/index.php?rest_route=\/wp\/v2\/posts\/19064"}],"collection":[{"href":"https:\/\/arantv.az\/index.php?rest_route=\/wp\/v2\/posts"}],"about":[{"href":"https:\/\/arantv.az\/index.php?rest_route=\/wp\/v2\/types\/post"}],"author":[{"embeddable":true,"href":"https:\/\/arantv.az\/index.php?rest_route=\/wp\/v2\/users\/2"}],"replies":[{"embeddable":true,"href":"https:\/\/arantv.az\/index.php?rest_route=%2Fwp%2Fv2%2Fcomments&post=19064"}],"version-history":[{"count":0,"href":"https:\/\/arantv.az\/index.php?rest_route=\/wp\/v2\/posts\/19064\/revisions"}],"wp:featuredmedia":[{"embeddable":true,"href":"https:\/\/arantv.az\/index.php?rest_route=\/wp\/v2\/media\/19065"}],"wp:attachment":[{"href":"https:\/\/arantv.az\/index.php?rest_route=%2Fwp%2Fv2%2Fmedia&parent=19064"}],"wp:term":[{"taxonomy":"category","embeddable":true,"href":"https:\/\/arantv.az\/index.php?rest_route=%2Fwp%2Fv2%2Fcategories&post=19064"},{"taxonomy":"post_tag","embeddable":true,"href":"https:\/\/arantv.az\/index.php?rest_route=%2Fwp%2Fv2%2Ftags&post=19064"}],"curies":[{"name":"wp","href":"https:\/\/api.w.org\/{rel}","templated":true}]}}