{"id":19070,"date":"2018-10-15T14:25:58","date_gmt":"2018-10-15T11:25:58","guid":{"rendered":"http:\/\/arantv.az\/?p=19070"},"modified":"2018-10-15T14:25:58","modified_gmt":"2018-10-15T11:25:58","slug":"20-minlik-turk-ordusu-hucuma-hazirlasir","status":"publish","type":"post","link":"https:\/\/arantv.az\/?p=19070","title":{"rendered":"20 minlik t\u00fcrk ordusu h\u00fccuma haz\u0131rla\u015f\u0131r"},"content":{"rendered":"<p><strong>T\u00fcrkiy\u0259 ordusu v\u0259 Azad Suriya Ordusu (ASO) M\u00fcnbi\u00e7i PKK\/PYD terror\u00e7ular\u0131ndan t\u0259mizl\u0259m\u0259k \u00fc\u00e7\u00fcn haz\u0131r v\u0259ziyy\u0259td\u0259 g\u00f6zl\u0259yir.<\/strong><\/p>\n<p><strong>ARANTV.AZ<\/strong> x\u0259b\u0259r verir ki, bu bar\u0259d\u0259 ASO-nun M\u00fcnbi\u00e7 H\u0259rbi M\u0259clisinin r\u0259hb\u0259ri Adnan \u018fbu Faysal deyib.<\/p>\n<p>Onun s\u00f6zl\u0259rin\u0259 g\u00f6r\u0259, 20 min d\u00f6y\u00fc\u015f\u00e7\u00fc terror\u00e7ular\u0131 m\u0259hv etm\u0259y\u0259 haz\u0131rd\u0131r.<\/p>\n<p>\u201cPKK-n\u0131n yegan\u0259 \u00fcmidi b\u00f6lg\u0259d\u0259ki AB\u015e \u0259sg\u0259rl\u0259ri v\u0259 zirehli texnikas\u0131d\u0131r. M\u00fcnbi\u00e7d\u0259 5 min terror\u00e7u var v\u0259 onlara qar\u015f\u0131 yeddi c\u0259bh\u0259d\u0259n h\u00fccuma ke\u00e7il\u0259c\u0259k. T\u00fcrk ordusu v\u0259 ASO M\u00fcnbi\u00e7l\u0259 ba\u015flayacaq t\u0259mizlik h\u0259r\u0259kat\u0131n\u0131 \u0130raq s\u0259rh\u0259din\u0259 q\u0259d\u0259r davam etdir\u0259 bilm\u0259k g\u00fcc\u00fcnd\u0259dir\u201d, &#8211; dey\u0259 o vur\u011fulay\u0131b.<\/p>\n<p>publika.az<\/p>\n","protected":false},"excerpt":{"rendered":"<p>T\u00fcrkiy\u0259 ordusu v\u0259 Azad Suriya Ordusu (ASO) M\u00fcnbi\u00e7i PKK\/PYD terror\u00e7ular\u0131ndan t\u0259mizl\u0259m\u0259k \u00fc\u00e7\u00fcn haz\u0131r v\u0259ziyy\u0259td\u0259 g\u00f6zl\u0259yir. ARANTV.AZ x\u0259b\u0259r verir ki, bu bar\u0259d\u0259 ASO-nun M\u00fcnbi\u00e7 H\u0259rbi M\u0259clisinin r\u0259hb\u0259ri Adnan \u018fbu Faysal deyib. Onun s\u00f6zl\u0259rin\u0259 g\u00f6r\u0259, 20 min d\u00f6y\u00fc\u015f\u00e7\u00fc terror\u00e7ular\u0131 m\u0259hv etm\u0259y\u0259 haz\u0131rd\u0131r. \u201cPKK-n\u0131n yegan\u0259 \u00fcmidi b\u00f6lg\u0259d\u0259ki AB\u015e \u0259sg\u0259rl\u0259ri v\u0259 zirehli texnikas\u0131d\u0131r. M\u00fcnbi\u00e7d\u0259 5 min terror\u00e7u var v\u0259 onlara qar\u015f\u0131 yeddi c\u0259bh\u0259d\u0259n h\u00fccuma ke\u00e7il\u0259c\u0259k. T\u00fcrk ordusu v\u0259 ASO M\u00fcnbi\u00e7l\u0259 ba\u015flayacaq t\u0259mizlik h\u0259r\u0259kat\u0131n\u0131 \u0130raq s\u0259rh\u0259din\u0259 q\u0259d\u0259r davam etdir\u0259 bilm\u0259k g\u00fcc\u00fcnd\u0259dir\u201d, &#8211; dey\u0259 o vur\u011fulay\u0131b. publika.az<\/p>\n","protected":false},"author":2,"featured_media":19071,"comment_status":"closed","ping_status":"closed","sticky":false,"template":"","format":"standard","meta":{"om_disable_all_campaigns":false,"_monsterinsights_skip_tracking":false,"_monsterinsights_sitenote_active":false,"_monsterinsights_sitenote_note":"","_monsterinsights_sitenote_category":0},"categories":[7],"tags":[],"aioseo_notices":[],"gutentor_comment":0,"rttpg_featured_image_url":{"full":["https:\/\/arantv.az\/wp-content\/uploads\/2018\/10\/turk-ordusu.jpg",660,352,false],"landscape":["https:\/\/arantv.az\/wp-content\/uploads\/2018\/10\/turk-ordusu.jpg",660,352,false],"portraits":["https:\/\/arantv.az\/wp-content\/uploads\/2018\/10\/turk-ordusu.jpg",660,352,false],"thumbnail":["https:\/\/arantv.az\/wp-content\/uploads\/2018\/10\/turk-ordusu-150x150.jpg",150,150,true],"medium":["https:\/\/arantv.az\/wp-content\/uploads\/2018\/10\/turk-ordusu-300x160.jpg",300,160,true],"large":["https:\/\/arantv.az\/wp-content\/uploads\/2018\/10\/turk-ordusu.jpg",640,341,false],"1536x1536":["https:\/\/arantv.az\/wp-content\/uploads\/2018\/10\/turk-ordusu.jpg",660,352,false],"2048x2048":["https:\/\/arantv.az\/wp-content\/uploads\/2018\/10\/turk-ordusu.jpg",660,352,false],"post-thumbnail":["https:\/\/arantv.az\/wp-content\/uploads\/2018\/10\/turk-ordusu-240x172.jpg",240,172,true],"advps-thumb-one":["https:\/\/arantv.az\/wp-content\/uploads\/2018\/10\/turk-ordusu.jpg",660,352,false]},"rttpg_author":{"display_name":"V\u00fcsal Rafiqo\u011flu","author_link":"https:\/\/arantv.az\/?author=2"},"rttpg_comment":0,"rttpg_category":"<a href=\"https:\/\/arantv.az\/?cat=7\" rel=\"category\">D\u00fcnya<\/a>","rttpg_excerpt":"T\u00fcrkiy\u0259 ordusu v\u0259 Azad Suriya Ordusu (ASO) M\u00fcnbi\u00e7i PKK\/PYD terror\u00e7ular\u0131ndan t\u0259mizl\u0259m\u0259k \u00fc\u00e7\u00fcn haz\u0131r v\u0259ziyy\u0259td\u0259 g\u00f6zl\u0259yir. ARANTV.AZ x\u0259b\u0259r verir ki, bu bar\u0259d\u0259 ASO-nun M\u00fcnbi\u00e7 H\u0259rbi M\u0259clisinin r\u0259hb\u0259ri Adnan \u018fbu Faysal deyib. Onun s\u00f6zl\u0259rin\u0259 g\u00f6r\u0259, 20 min d\u00f6y\u00fc\u015f\u00e7\u00fc terror\u00e7ular\u0131 m\u0259hv etm\u0259y\u0259 haz\u0131rd\u0131r. \u201cPKK-n\u0131n yegan\u0259 \u00fcmidi b\u00f6lg\u0259d\u0259ki AB\u015e \u0259sg\u0259rl\u0259ri v\u0259 zirehli texnikas\u0131d\u0131r. M\u00fcnbi\u00e7d\u0259 5 min terror\u00e7u var v\u0259&hellip;","_links":{"self":[{"href":"https:\/\/arantv.az\/index.php?rest_route=\/wp\/v2\/posts\/19070"}],"collection":[{"href":"https:\/\/arantv.az\/index.php?rest_route=\/wp\/v2\/posts"}],"about":[{"href":"https:\/\/arantv.az\/index.php?rest_route=\/wp\/v2\/types\/post"}],"author":[{"embeddable":true,"href":"https:\/\/arantv.az\/index.php?rest_route=\/wp\/v2\/users\/2"}],"replies":[{"embeddable":true,"href":"https:\/\/arantv.az\/index.php?rest_route=%2Fwp%2Fv2%2Fcomments&post=19070"}],"version-history":[{"count":0,"href":"https:\/\/arantv.az\/index.php?rest_route=\/wp\/v2\/posts\/19070\/revisions"}],"wp:featuredmedia":[{"embeddable":true,"href":"https:\/\/arantv.az\/index.php?rest_route=\/wp\/v2\/media\/19071"}],"wp:attachment":[{"href":"https:\/\/arantv.az\/index.php?rest_route=%2Fwp%2Fv2%2Fmedia&parent=19070"}],"wp:term":[{"taxonomy":"category","embeddable":true,"href":"https:\/\/arantv.az\/index.php?rest_route=%2Fwp%2Fv2%2Fcategories&post=19070"},{"taxonomy":"post_tag","embeddable":true,"href":"https:\/\/arantv.az\/index.php?rest_route=%2Fwp%2Fv2%2Ftags&post=19070"}],"curies":[{"name":"wp","href":"https:\/\/api.w.org\/{rel}","templated":true}]}}