{"id":190846,"date":"2020-07-13T11:29:07","date_gmt":"2020-07-13T08:29:07","guid":{"rendered":"http:\/\/arantv.az\/?p=190846"},"modified":"2020-07-13T11:29:07","modified_gmt":"2020-07-13T08:29:07","slug":"erm%c9%99nistan-az%c9%99rbaycandan-sikay%c9%99t-etdi-ktmt-t%c9%99cili-toplanir","status":"publish","type":"post","link":"https:\/\/arantv.az\/?p=190846","title":{"rendered":"Erm\u0259nistan Az\u0259rbaycandan \u015fikay\u0259t etdi: KTMT t\u0259cili toplan\u0131r"},"content":{"rendered":"<p><strong>Az\u0259rbaycan \u0259razil\u0259rin\u0259 qar\u015f\u0131 t\u0259cav\u00fcz ed\u0259n Erm\u0259nistan\u0131n xarici i\u015fl\u0259r naziri Zoqrab Mnatsakanyan bu g\u00fcn s\u0259h\u0259r Kollektiv T\u0259hl\u00fck\u0259sizlik M\u00fcqavil\u0259si T\u0259\u015fkilat\u0131 (KTMT) ba\u015f katibi Stanislav Zasa z\u0259ng edib.<\/strong><\/p>\n<p>Musavat.com\u00a0erm\u0259ni medias\u0131na istinad\u0259n x\u0259b\u0259r verir ki, erm\u0259ni nazir ba\u015f katibi Erm\u0259nistan-Az\u0259rbaycan s\u0259rh\u0259dind\u0259 ba\u015f ver\u0259n hadis\u0259l\u0259rl\u0259 ba\u011fl\u0131 m\u0259lumatland\u0131r\u0131b. O, h\u0259yas\u0131zcas\u0131na quruma \u00fczv \u00f6lk\u0259y\u0259 qar\u015f\u0131 \u201ct\u0259xribatlar\u0131n\u201d olmas\u0131ndan \u015fikay\u0259tl\u0259nib.<\/p>\n<p>Bundan sonra KTMT-nin m\u0259tbuat xidm\u0259ti m\u0259lumat yay\u0131b ki, S.Zas Bak\u0131 v\u0259 \u0130r\u0259van aras\u0131ndak\u0131 g\u0259rginliy\u0259 g\u00f6r\u0259, qurumun t\u0259cili iclas\u0131n\u0131n ke\u00e7irilm\u0259sin\u0259 q\u0259rar verib. \u201c\u0130yulun 12-d\u0259 Erm\u0259nistan-Az\u0259rbaycan s\u0259rh\u0259dind\u0259 v\u0259ziyy\u0259tin g\u0259rginl\u0259\u015fm\u0259si, Tavu\u015f vilay\u0259t istiqam\u0259tind\u0259ki toqqu\u015fmalarla \u0259laq\u0259dar olaraq Stanislav Zas 13 iyulda KTMT-nin daimi \u015furas\u0131n\u0131n t\u0259cili iclas\u0131n\u0131n \u00e7a\u011f\u0131r\u0131lmas\u0131n\u0131 q\u0259rara al\u0131b\u201d,- dey\u0259 r\u0259smi a\u00e7\u0131qlamada deyilir.<\/p>\n<p>&nbsp;<\/p>\n","protected":false},"excerpt":{"rendered":"<p>Az\u0259rbaycan \u0259razil\u0259rin\u0259 qar\u015f\u0131 t\u0259cav\u00fcz ed\u0259n Erm\u0259nistan\u0131n xarici i\u015fl\u0259r naziri Zoqrab Mnatsakanyan bu g\u00fcn s\u0259h\u0259r Kollektiv T\u0259hl\u00fck\u0259sizlik M\u00fcqavil\u0259si T\u0259\u015fkilat\u0131 (KTMT) ba\u015f katibi Stanislav Zasa z\u0259ng edib. Musavat.com\u00a0erm\u0259ni medias\u0131na istinad\u0259n x\u0259b\u0259r verir ki, erm\u0259ni nazir ba\u015f katibi Erm\u0259nistan-Az\u0259rbaycan s\u0259rh\u0259dind\u0259 ba\u015f ver\u0259n hadis\u0259l\u0259rl\u0259 ba\u011fl\u0131 m\u0259lumatland\u0131r\u0131b. O, h\u0259yas\u0131zcas\u0131na quruma \u00fczv \u00f6lk\u0259y\u0259 qar\u015f\u0131 \u201ct\u0259xribatlar\u0131n\u201d olmas\u0131ndan \u015fikay\u0259tl\u0259nib. Bundan sonra KTMT-nin m\u0259tbuat xidm\u0259ti m\u0259lumat yay\u0131b ki, S.Zas Bak\u0131 v\u0259 \u0130r\u0259van aras\u0131ndak\u0131 g\u0259rginliy\u0259 g\u00f6r\u0259, qurumun t\u0259cili iclas\u0131n\u0131n ke\u00e7irilm\u0259sin\u0259 q\u0259rar verib. \u201c\u0130yulun 12-d\u0259 Erm\u0259nistan-Az\u0259rbaycan s\u0259rh\u0259dind\u0259 v\u0259ziyy\u0259tin g\u0259rginl\u0259\u015fm\u0259si, Tavu\u015f vilay\u0259t istiqam\u0259tind\u0259ki toqqu\u015fmalarla \u0259laq\u0259dar olaraq Stanislav Zas 13 iyulda KTMT-nin daimi&hellip;<\/p>\n","protected":false},"author":2,"featured_media":190847,"comment_status":"closed","ping_status":"closed","sticky":false,"template":"","format":"standard","meta":{"om_disable_all_campaigns":false,"_monsterinsights_skip_tracking":false,"_monsterinsights_sitenote_active":false,"_monsterinsights_sitenote_note":"","_monsterinsights_sitenote_category":0},"categories":[7],"tags":[],"aioseo_notices":[],"gutentor_comment":0,"rttpg_featured_image_url":{"full":["https:\/\/arantv.az\/wp-content\/uploads\/2020\/07\/682182dd96c9ba4d2bbf27c10efbecbb.jpg",450,300,false],"landscape":["https:\/\/arantv.az\/wp-content\/uploads\/2020\/07\/682182dd96c9ba4d2bbf27c10efbecbb.jpg",450,300,false],"portraits":["https:\/\/arantv.az\/wp-content\/uploads\/2020\/07\/682182dd96c9ba4d2bbf27c10efbecbb.jpg",450,300,false],"thumbnail":["https:\/\/arantv.az\/wp-content\/uploads\/2020\/07\/682182dd96c9ba4d2bbf27c10efbecbb-150x150.jpg",150,150,true],"medium":["https:\/\/arantv.az\/wp-content\/uploads\/2020\/07\/682182dd96c9ba4d2bbf27c10efbecbb-300x200.jpg",300,200,true],"large":["https:\/\/arantv.az\/wp-content\/uploads\/2020\/07\/682182dd96c9ba4d2bbf27c10efbecbb.jpg",450,300,false],"1536x1536":["https:\/\/arantv.az\/wp-content\/uploads\/2020\/07\/682182dd96c9ba4d2bbf27c10efbecbb.jpg",450,300,false],"2048x2048":["https:\/\/arantv.az\/wp-content\/uploads\/2020\/07\/682182dd96c9ba4d2bbf27c10efbecbb.jpg",450,300,false],"post-thumbnail":["https:\/\/arantv.az\/wp-content\/uploads\/2020\/07\/682182dd96c9ba4d2bbf27c10efbecbb-240x172.jpg",240,172,true],"advps-thumb-one":["https:\/\/arantv.az\/wp-content\/uploads\/2020\/07\/682182dd96c9ba4d2bbf27c10efbecbb.jpg",450,300,false]},"rttpg_author":{"display_name":"V\u00fcsal Rafiqo\u011flu","author_link":"https:\/\/arantv.az\/?author=2"},"rttpg_comment":0,"rttpg_category":"<a href=\"https:\/\/arantv.az\/?cat=7\" rel=\"category\">D\u00fcnya<\/a>","rttpg_excerpt":"Az\u0259rbaycan \u0259razil\u0259rin\u0259 qar\u015f\u0131 t\u0259cav\u00fcz ed\u0259n Erm\u0259nistan\u0131n xarici i\u015fl\u0259r naziri Zoqrab Mnatsakanyan bu g\u00fcn s\u0259h\u0259r Kollektiv T\u0259hl\u00fck\u0259sizlik M\u00fcqavil\u0259si T\u0259\u015fkilat\u0131 (KTMT) ba\u015f katibi Stanislav Zasa z\u0259ng edib. Musavat.com\u00a0erm\u0259ni medias\u0131na istinad\u0259n x\u0259b\u0259r verir ki, erm\u0259ni nazir ba\u015f katibi Erm\u0259nistan-Az\u0259rbaycan s\u0259rh\u0259dind\u0259 ba\u015f ver\u0259n hadis\u0259l\u0259rl\u0259 ba\u011fl\u0131 m\u0259lumatland\u0131r\u0131b. O, h\u0259yas\u0131zcas\u0131na quruma \u00fczv \u00f6lk\u0259y\u0259 qar\u015f\u0131 \u201ct\u0259xribatlar\u0131n\u201d olmas\u0131ndan \u015fikay\u0259tl\u0259nib. Bundan sonra KTMT-nin m\u0259tbuat&hellip;","_links":{"self":[{"href":"https:\/\/arantv.az\/index.php?rest_route=\/wp\/v2\/posts\/190846"}],"collection":[{"href":"https:\/\/arantv.az\/index.php?rest_route=\/wp\/v2\/posts"}],"about":[{"href":"https:\/\/arantv.az\/index.php?rest_route=\/wp\/v2\/types\/post"}],"author":[{"embeddable":true,"href":"https:\/\/arantv.az\/index.php?rest_route=\/wp\/v2\/users\/2"}],"replies":[{"embeddable":true,"href":"https:\/\/arantv.az\/index.php?rest_route=%2Fwp%2Fv2%2Fcomments&post=190846"}],"version-history":[{"count":0,"href":"https:\/\/arantv.az\/index.php?rest_route=\/wp\/v2\/posts\/190846\/revisions"}],"wp:featuredmedia":[{"embeddable":true,"href":"https:\/\/arantv.az\/index.php?rest_route=\/wp\/v2\/media\/190847"}],"wp:attachment":[{"href":"https:\/\/arantv.az\/index.php?rest_route=%2Fwp%2Fv2%2Fmedia&parent=190846"}],"wp:term":[{"taxonomy":"category","embeddable":true,"href":"https:\/\/arantv.az\/index.php?rest_route=%2Fwp%2Fv2%2Fcategories&post=190846"},{"taxonomy":"post_tag","embeddable":true,"href":"https:\/\/arantv.az\/index.php?rest_route=%2Fwp%2Fv2%2Ftags&post=190846"}],"curies":[{"name":"wp","href":"https:\/\/api.w.org\/{rel}","templated":true}]}}