{"id":190854,"date":"2020-07-13T11:31:37","date_gmt":"2020-07-13T08:31:37","guid":{"rendered":"http:\/\/arantv.az\/?p=190854"},"modified":"2020-07-13T11:31:37","modified_gmt":"2020-07-13T08:31:37","slug":"ucar-sakininin-oglu-t%c9%99r%c9%99find%c9%99n-oldurulduyu-m%c9%99lum-olub","status":"publish","type":"post","link":"https:\/\/arantv.az\/?p=190854","title":{"rendered":"Ucar sakininin o\u011flu t\u0259r\u0259find\u0259n \u00f6ld\u00fcr\u00fcld\u00fcy\u00fc m\u0259lum olub"},"content":{"rendered":"<p>Ucar sakininin q\u0259tlinin \u00fcst\u00fc a\u00e7\u0131l\u0131b.<\/p>\n<p>APA-n\u0131n x\u0259b\u0259rin\u0259 g\u00f6r\u0259, balta il\u0259 ba\u015f nahiy\u0259sind\u0259n a\u011f\u0131r x\u0259sar\u0259t ald\u0131qdan sonra G\u00f6y\u00e7ay M\u0259rk\u0259zi Rayon X\u0259st\u0259xanas\u0131na yerl\u0259\u015fdiril\u0259n v\u0259 orada v\u0259fat ed\u0259n rayonun B\u0259rg\u00fc\u015fad k\u0259nd sakini, 1969-cu il t\u0259v\u0259ll\u00fcdl\u00fc Bayram Ata o\u011flu Abbasovun,\u00a0o\u011flu &#8211;\u00a01994-c\u00fc il t\u0259v\u0259ll\u00fcdl\u00fc \u018fhliman Abbasov t\u0259r\u0259find\u0259n \u00f6ld\u00fcr\u00fcld\u00fcy\u00fc m\u0259lum olub.<\/p>\n<p>Xat\u0131rladaq ki, B.Abbasovun yax\u0131n qohumlar\u0131 t\u0259r\u0259find\u0259n \u00f6ld\u00fcr\u00fcld\u00fcy\u00fc ehtimal edildiyi \u00fc\u00e7\u00fcn m\u0259rhumun qarda\u015f\u0131 u\u015faqlar\u0131 \u015f\u00fcbh\u0259li \u015f\u0259xs qismind\u0259 saxlan\u0131lm\u0131\u015fd\u0131. Apar\u0131lan ara\u015fd\u0131rmalar n\u0259tic\u0259sind\u0259 B.Abbasovun o\u011flu t\u0259r\u0259find\u0259n q\u0259tl\u0259 yetirildiyi t\u0259sdiql\u0259nib.<\/p>\n<p>Qeyd ed\u0259k ki, iyulun 10-da gec\u0259 saat 3 rad\u0259l\u0259rind\u0259 Ucar rayonu, B\u0259rg\u00fc\u015fad k\u0259nd sakini Bayram Abbasovun bir v\u0259 ya bir ne\u00e7\u0259 \u015f\u0259xs t\u0259r\u0259find\u0259n d\u00f6y\u00fcl\u0259r\u0259k m\u00fcxt\u0259lif d\u0259r\u0259c\u0259li b\u0259d\u0259n x\u0259sar\u0259tl\u0259ri almas\u0131 v\u0259 ald\u0131\u011f\u0131\u00a0x\u0259sar\u0259tl\u0259rd\u0259n 11 iyul 2020-ci il tarixd\u0259 G\u00f6y\u00e7ay Rayon M\u0259rk\u0259zi X\u0259st\u0259xanas\u0131nda \u00f6lm\u0259si bar\u0259d\u0259 m\u0259lumat daxil olub.<\/p>\n<p>D\u0259rhal prokurorluq \u0259m\u0259kda\u015flar\u0131 t\u0259r\u0259find\u0259n hadis\u0259 yerin\u0259 bax\u0131\u015f ke\u00e7irilib\u00a0v\u0259 dig\u0259r z\u0259ruri prosessual h\u0259r\u0259k\u0259tl\u0259r yerin\u0259 yetirilib.<\/p>\n<p>Faktla ba\u011fl\u0131 rayon prokurorlu\u011funda Cinay\u0259t M\u0259c\u0259ll\u0259sinin 126.3-c\u00fc (q\u0259sd\u0259n sa\u011flaml\u0131\u011fa a\u011f\u0131r z\u0259r\u0259r vurma ehtiyats\u0131zl\u0131qdan z\u0259r\u0259r\u00e7\u0259kmi\u015f \u015f\u0259xsin \u00f6l\u00fcm\u00fcn\u0259 s\u0259b\u0259b olduqda)\u00a0madd\u0259si il\u0259 cinay\u0259t i\u015fin\u0259 ba\u015flan\u0131l\u0131b.<\/p>\n","protected":false},"excerpt":{"rendered":"<p>Ucar sakininin q\u0259tlinin \u00fcst\u00fc a\u00e7\u0131l\u0131b. APA-n\u0131n x\u0259b\u0259rin\u0259 g\u00f6r\u0259, balta il\u0259 ba\u015f nahiy\u0259sind\u0259n a\u011f\u0131r x\u0259sar\u0259t ald\u0131qdan sonra G\u00f6y\u00e7ay M\u0259rk\u0259zi Rayon X\u0259st\u0259xanas\u0131na yerl\u0259\u015fdiril\u0259n v\u0259 orada v\u0259fat ed\u0259n rayonun B\u0259rg\u00fc\u015fad k\u0259nd sakini, 1969-cu il t\u0259v\u0259ll\u00fcdl\u00fc Bayram Ata o\u011flu Abbasovun,\u00a0o\u011flu &#8211;\u00a01994-c\u00fc il t\u0259v\u0259ll\u00fcdl\u00fc \u018fhliman Abbasov t\u0259r\u0259find\u0259n \u00f6ld\u00fcr\u00fcld\u00fcy\u00fc m\u0259lum olub. Xat\u0131rladaq ki, B.Abbasovun yax\u0131n qohumlar\u0131 t\u0259r\u0259find\u0259n \u00f6ld\u00fcr\u00fcld\u00fcy\u00fc ehtimal edildiyi \u00fc\u00e7\u00fcn m\u0259rhumun qarda\u015f\u0131 u\u015faqlar\u0131 \u015f\u00fcbh\u0259li \u015f\u0259xs qismind\u0259 saxlan\u0131lm\u0131\u015fd\u0131. Apar\u0131lan ara\u015fd\u0131rmalar n\u0259tic\u0259sind\u0259 B.Abbasovun o\u011flu t\u0259r\u0259find\u0259n q\u0259tl\u0259 yetirildiyi t\u0259sdiql\u0259nib. Qeyd ed\u0259k ki, iyulun 10-da gec\u0259 saat 3 rad\u0259l\u0259rind\u0259 Ucar rayonu, B\u0259rg\u00fc\u015fad k\u0259nd sakini Bayram Abbasovun bir v\u0259 ya&hellip;<\/p>\n","protected":false},"author":2,"featured_media":190855,"comment_status":"closed","ping_status":"closed","sticky":false,"template":"","format":"standard","meta":{"om_disable_all_campaigns":false,"_monsterinsights_skip_tracking":false,"_monsterinsights_sitenote_active":false,"_monsterinsights_sitenote_note":"","_monsterinsights_sitenote_category":0},"categories":[3],"tags":[],"aioseo_notices":[],"gutentor_comment":0,"rttpg_featured_image_url":{"full":["https:\/\/arantv.az\/wp-content\/uploads\/2020\/07\/meyit-1.jpg",620,335,false],"landscape":["https:\/\/arantv.az\/wp-content\/uploads\/2020\/07\/meyit-1.jpg",620,335,false],"portraits":["https:\/\/arantv.az\/wp-content\/uploads\/2020\/07\/meyit-1.jpg",620,335,false],"thumbnail":["https:\/\/arantv.az\/wp-content\/uploads\/2020\/07\/meyit-1-150x150.jpg",150,150,true],"medium":["https:\/\/arantv.az\/wp-content\/uploads\/2020\/07\/meyit-1-300x162.jpg",300,162,true],"large":["https:\/\/arantv.az\/wp-content\/uploads\/2020\/07\/meyit-1.jpg",620,335,false],"1536x1536":["https:\/\/arantv.az\/wp-content\/uploads\/2020\/07\/meyit-1.jpg",620,335,false],"2048x2048":["https:\/\/arantv.az\/wp-content\/uploads\/2020\/07\/meyit-1.jpg",620,335,false],"post-thumbnail":["https:\/\/arantv.az\/wp-content\/uploads\/2020\/07\/meyit-1-240x172.jpg",240,172,true],"advps-thumb-one":["https:\/\/arantv.az\/wp-content\/uploads\/2020\/07\/meyit-1.jpg",620,335,false]},"rttpg_author":{"display_name":"V\u00fcsal Rafiqo\u011flu","author_link":"https:\/\/arantv.az\/?author=2"},"rttpg_comment":0,"rttpg_category":"<a href=\"https:\/\/arantv.az\/?cat=3\" rel=\"category\">Kriminal<\/a>","rttpg_excerpt":"Ucar sakininin q\u0259tlinin \u00fcst\u00fc a\u00e7\u0131l\u0131b. APA-n\u0131n x\u0259b\u0259rin\u0259 g\u00f6r\u0259, balta il\u0259 ba\u015f nahiy\u0259sind\u0259n a\u011f\u0131r x\u0259sar\u0259t ald\u0131qdan sonra G\u00f6y\u00e7ay M\u0259rk\u0259zi Rayon X\u0259st\u0259xanas\u0131na yerl\u0259\u015fdiril\u0259n v\u0259 orada v\u0259fat ed\u0259n rayonun B\u0259rg\u00fc\u015fad k\u0259nd sakini, 1969-cu il t\u0259v\u0259ll\u00fcdl\u00fc Bayram Ata o\u011flu Abbasovun,\u00a0o\u011flu &#8211;\u00a01994-c\u00fc il t\u0259v\u0259ll\u00fcdl\u00fc \u018fhliman Abbasov t\u0259r\u0259find\u0259n \u00f6ld\u00fcr\u00fcld\u00fcy\u00fc m\u0259lum olub. Xat\u0131rladaq ki, B.Abbasovun yax\u0131n qohumlar\u0131 t\u0259r\u0259find\u0259n \u00f6ld\u00fcr\u00fcld\u00fcy\u00fc ehtimal edildiyi \u00fc\u00e7\u00fcn&hellip;","_links":{"self":[{"href":"https:\/\/arantv.az\/index.php?rest_route=\/wp\/v2\/posts\/190854"}],"collection":[{"href":"https:\/\/arantv.az\/index.php?rest_route=\/wp\/v2\/posts"}],"about":[{"href":"https:\/\/arantv.az\/index.php?rest_route=\/wp\/v2\/types\/post"}],"author":[{"embeddable":true,"href":"https:\/\/arantv.az\/index.php?rest_route=\/wp\/v2\/users\/2"}],"replies":[{"embeddable":true,"href":"https:\/\/arantv.az\/index.php?rest_route=%2Fwp%2Fv2%2Fcomments&post=190854"}],"version-history":[{"count":0,"href":"https:\/\/arantv.az\/index.php?rest_route=\/wp\/v2\/posts\/190854\/revisions"}],"wp:featuredmedia":[{"embeddable":true,"href":"https:\/\/arantv.az\/index.php?rest_route=\/wp\/v2\/media\/190855"}],"wp:attachment":[{"href":"https:\/\/arantv.az\/index.php?rest_route=%2Fwp%2Fv2%2Fmedia&parent=190854"}],"wp:term":[{"taxonomy":"category","embeddable":true,"href":"https:\/\/arantv.az\/index.php?rest_route=%2Fwp%2Fv2%2Fcategories&post=190854"},{"taxonomy":"post_tag","embeddable":true,"href":"https:\/\/arantv.az\/index.php?rest_route=%2Fwp%2Fv2%2Ftags&post=190854"}],"curies":[{"name":"wp","href":"https:\/\/api.w.org\/{rel}","templated":true}]}}