{"id":190858,"date":"2020-07-13T11:32:56","date_gmt":"2020-07-13T08:32:56","guid":{"rendered":"http:\/\/arantv.az\/?p=190858"},"modified":"2020-07-13T11:32:56","modified_gmt":"2020-07-13T08:32:56","slug":"bakida-h%c9%99kim-%c9%99m%c9%99liyyat-zamani-olub","status":"publish","type":"post","link":"https:\/\/arantv.az\/?p=190858","title":{"rendered":"Bak\u0131da h\u0259kim \u0259m\u0259liyyat zaman\u0131 \u00f6l\u00fcb"},"content":{"rendered":"<p>Bak\u0131da h\u0259kim \u0259m\u0259liyyat zaman\u0131 d\u00fcnyas\u0131n\u0131 d\u0259yi\u015fib.<\/p>\n<p><a class=\"linkblue\" title=\"\u201cReport\u201d\" href=\"https:\/\/report.az\/hadise\/azerbaycanda-hekim-emeliyyat-zamani-olub\/\" target=\"_blank\" rel=\"noopener\">\u201cReport\u201d<\/a>un x\u0259b\u0259rin\u0259 g\u00f6r\u0259, hadis\u0259 \u00f6t\u0259n gec\u0259 paytaxt x\u0259st\u0259xanalar\u0131n\u0131n birind\u0259 qeyd\u0259 al\u0131n\u0131b.<\/p>\n<p>Bel\u0259 ki, A\u011fstafa rayonunun Poylu k\u0259nd sakini, rayon poliklinikas\u0131n\u0131n di\u015f h\u0259kimi Mehdixan X\u0259kiyev \u00f6t\u0259n g\u00fcn \u0259m\u0259liyyat olundu\u011fu x\u0259st\u0259xanada \u00f6l\u00fcb.<\/p>\n<p>M\u0259lumata g\u00f6r\u0259, stomatoloq bir m\u00fcdd\u0259t qaraciy\u0259r \u00e7at\u0131\u015fmazl\u0131\u011f\u0131ndan \u0259ziyy\u0259t \u00e7\u0259kirmi\u015f.<\/p>\n<p>Qeyd ed\u0259k ki, M.X\u0259kiyev uzun m\u00fcdd\u0259tdir A\u011fstafa rayon poliklinikas\u0131nda di\u015f h\u0259kimi i\u015fl\u0259yirdi.<\/p>\n","protected":false},"excerpt":{"rendered":"<p>Bak\u0131da h\u0259kim \u0259m\u0259liyyat zaman\u0131 d\u00fcnyas\u0131n\u0131 d\u0259yi\u015fib. \u201cReport\u201dun x\u0259b\u0259rin\u0259 g\u00f6r\u0259, hadis\u0259 \u00f6t\u0259n gec\u0259 paytaxt x\u0259st\u0259xanalar\u0131n\u0131n birind\u0259 qeyd\u0259 al\u0131n\u0131b. Bel\u0259 ki, A\u011fstafa rayonunun Poylu k\u0259nd sakini, rayon poliklinikas\u0131n\u0131n di\u015f h\u0259kimi Mehdixan X\u0259kiyev \u00f6t\u0259n g\u00fcn \u0259m\u0259liyyat olundu\u011fu x\u0259st\u0259xanada \u00f6l\u00fcb. M\u0259lumata g\u00f6r\u0259, stomatoloq bir m\u00fcdd\u0259t qaraciy\u0259r \u00e7at\u0131\u015fmazl\u0131\u011f\u0131ndan \u0259ziyy\u0259t \u00e7\u0259kirmi\u015f. Qeyd ed\u0259k ki, M.X\u0259kiyev uzun m\u00fcdd\u0259tdir A\u011fstafa rayon poliklinikas\u0131nda di\u015f h\u0259kimi i\u015fl\u0259yirdi.<\/p>\n","protected":false},"author":2,"featured_media":190859,"comment_status":"closed","ping_status":"closed","sticky":false,"template":"","format":"standard","meta":{"om_disable_all_campaigns":false,"_monsterinsights_skip_tracking":false,"_monsterinsights_sitenote_active":false,"_monsterinsights_sitenote_note":"","_monsterinsights_sitenote_category":0},"categories":[13],"tags":[],"aioseo_notices":[],"gutentor_comment":0,"rttpg_featured_image_url":{"full":["https:\/\/arantv.az\/wp-content\/uploads\/2020\/07\/a385f462-c9da-3b21-bb37-d318b064d172.jpg",649,433,false],"landscape":["https:\/\/arantv.az\/wp-content\/uploads\/2020\/07\/a385f462-c9da-3b21-bb37-d318b064d172.jpg",649,433,false],"portraits":["https:\/\/arantv.az\/wp-content\/uploads\/2020\/07\/a385f462-c9da-3b21-bb37-d318b064d172.jpg",649,433,false],"thumbnail":["https:\/\/arantv.az\/wp-content\/uploads\/2020\/07\/a385f462-c9da-3b21-bb37-d318b064d172-150x150.jpg",150,150,true],"medium":["https:\/\/arantv.az\/wp-content\/uploads\/2020\/07\/a385f462-c9da-3b21-bb37-d318b064d172-300x200.jpg",300,200,true],"large":["https:\/\/arantv.az\/wp-content\/uploads\/2020\/07\/a385f462-c9da-3b21-bb37-d318b064d172.jpg",640,427,false],"1536x1536":["https:\/\/arantv.az\/wp-content\/uploads\/2020\/07\/a385f462-c9da-3b21-bb37-d318b064d172.jpg",649,433,false],"2048x2048":["https:\/\/arantv.az\/wp-content\/uploads\/2020\/07\/a385f462-c9da-3b21-bb37-d318b064d172.jpg",649,433,false],"post-thumbnail":["https:\/\/arantv.az\/wp-content\/uploads\/2020\/07\/a385f462-c9da-3b21-bb37-d318b064d172-240x172.jpg",240,172,true],"advps-thumb-one":["https:\/\/arantv.az\/wp-content\/uploads\/2020\/07\/a385f462-c9da-3b21-bb37-d318b064d172.jpg",649,433,false]},"rttpg_author":{"display_name":"V\u00fcsal Rafiqo\u011flu","author_link":"https:\/\/arantv.az\/?author=2"},"rttpg_comment":0,"rttpg_category":"<a href=\"https:\/\/arantv.az\/?cat=13\" rel=\"category\">Bizim h\u0259kim<\/a>","rttpg_excerpt":"Bak\u0131da h\u0259kim \u0259m\u0259liyyat zaman\u0131 d\u00fcnyas\u0131n\u0131 d\u0259yi\u015fib. \u201cReport\u201dun x\u0259b\u0259rin\u0259 g\u00f6r\u0259, hadis\u0259 \u00f6t\u0259n gec\u0259 paytaxt x\u0259st\u0259xanalar\u0131n\u0131n birind\u0259 qeyd\u0259 al\u0131n\u0131b. Bel\u0259 ki, A\u011fstafa rayonunun Poylu k\u0259nd sakini, rayon poliklinikas\u0131n\u0131n di\u015f h\u0259kimi Mehdixan X\u0259kiyev \u00f6t\u0259n g\u00fcn \u0259m\u0259liyyat olundu\u011fu x\u0259st\u0259xanada \u00f6l\u00fcb. M\u0259lumata g\u00f6r\u0259, stomatoloq bir m\u00fcdd\u0259t qaraciy\u0259r \u00e7at\u0131\u015fmazl\u0131\u011f\u0131ndan \u0259ziyy\u0259t \u00e7\u0259kirmi\u015f. Qeyd ed\u0259k ki, M.X\u0259kiyev uzun m\u00fcdd\u0259tdir A\u011fstafa rayon poliklinikas\u0131nda di\u015f&hellip;","_links":{"self":[{"href":"https:\/\/arantv.az\/index.php?rest_route=\/wp\/v2\/posts\/190858"}],"collection":[{"href":"https:\/\/arantv.az\/index.php?rest_route=\/wp\/v2\/posts"}],"about":[{"href":"https:\/\/arantv.az\/index.php?rest_route=\/wp\/v2\/types\/post"}],"author":[{"embeddable":true,"href":"https:\/\/arantv.az\/index.php?rest_route=\/wp\/v2\/users\/2"}],"replies":[{"embeddable":true,"href":"https:\/\/arantv.az\/index.php?rest_route=%2Fwp%2Fv2%2Fcomments&post=190858"}],"version-history":[{"count":0,"href":"https:\/\/arantv.az\/index.php?rest_route=\/wp\/v2\/posts\/190858\/revisions"}],"wp:featuredmedia":[{"embeddable":true,"href":"https:\/\/arantv.az\/index.php?rest_route=\/wp\/v2\/media\/190859"}],"wp:attachment":[{"href":"https:\/\/arantv.az\/index.php?rest_route=%2Fwp%2Fv2%2Fmedia&parent=190858"}],"wp:term":[{"taxonomy":"category","embeddable":true,"href":"https:\/\/arantv.az\/index.php?rest_route=%2Fwp%2Fv2%2Fcategories&post=190858"},{"taxonomy":"post_tag","embeddable":true,"href":"https:\/\/arantv.az\/index.php?rest_route=%2Fwp%2Fv2%2Ftags&post=190858"}],"curies":[{"name":"wp","href":"https:\/\/api.w.org\/{rel}","templated":true}]}}